{"id":2505,"date":"2009-01-12T11:18:00","date_gmt":"2009-01-12T13:18:00","guid":{"rendered":"https:\/\/abrelivros.org.br\/site\/2009\/01\/12\/segmento-livreiro-cresce-em-media-1046-em-2008-comparativamente-a-2007-e-fica-dentro-da-media-projetada-para-o-ano\/"},"modified":"2009-01-12T11:18:00","modified_gmt":"2009-01-12T13:18:00","slug":"segmento-livreiro-cresce-em-media-1046-em-2008-comparativamente-a-2007-e-fica-dentro-da-media-projetada-para-o-ano","status":"publish","type":"post","link":"https:\/\/abrelivros.org.br\/site\/segmento-livreiro-cresce-em-media-1046-em-2008-comparativamente-a-2007-e-fica-dentro-da-media-projetada-para-o-ano\/","title":{"rendered":"Segmento Livreiro cresce, em m\u00e9dia, 10,46% em 2008 comparativamente a 2007 e fica dentro da m\u00e9dia projetada para o ano"},"content":{"rendered":"<p>Em levantamento in\u00e9dito, a Associa\u00e7\u00e3o Nacional de Livrarias (ANL) realizou, junto a suas associadas \u2014 que representam 67% do setor entre pequenas, m\u00e9dias e grandes livrarias \u2014 uma amostragem sobre o desenvolvimento do setor livreiro no Brasil.\u00a0<br \/> \u00a0<br \/> A primeira quest\u00e3o abordou a expectativa de crescimento que tinham no in\u00edcio de 2008  comparativamente ao ano de 2007, que foi em torno de 12,12%.  Em seguida o levantamento questionou se a meta seria atingida (ele foi realizado entre as duas \u00faltimas semanas de novembro) e a m\u00e9dia real se apresenta em 10,46%, incluindo o m\u00eas de dezembro. \u00a0<br \/> \u00a0<br \/> \u201cNosso principal objetivo foi o de conhecer melhor os n\u00fameros do segmento livreiro, tendo como base nossas associadas. Quanto as livrarias de pequeno e m\u00e9dio livreiro representam no segmento. O quanto elas vendem, qual seu faturamento anual. Desta forma poderemos identificar  suas necessidades e dirigir as a\u00e7\u00f5es da ANL  para o aperfei\u00e7oamento deste setor.\u201d define o presidente da ANL, Vitor Tavares. \u00a0<br \/> \u00a0<br \/> \u201cO aquecimento do setor livreiro, que apresentou um crescimento de 10,46%, em 2008 comparativamente a 2007, deve-se principalmente ao aumento do poder aquisitivo do brasileiro \u2013 que se refletiu em todos os demais segmentos de cultura e consumo em geral \u2013 e as diversas campanhas e pol\u00edticas de difus\u00e3o do livro no pa\u00eds, muitas delas por iniciativas governamentais, que estimularam a leitura, principalmente, a infanto-juvenil, segmento que mais cresceu no setor, segundo os participantes do levantamento. N\u00e3o podemos deixar de destacar, ainda, a desonera\u00e7\u00e3o do Pis\/Confins  que  ajudou a manter pre\u00e7o m\u00e9dio do livros abaixo da infla\u00e7\u00e3o, exceto o livro did\u00e1tico com pol\u00edticas diferenciadas\u201d, complementa Vitor. \u00a0<br \/> \u00a0<br \/> Sobre o faturamento esperado para o ano de 2008, m\u00e9dia por livraria, o estudo apresenta os resultados por faixas de faturamento que variam de R$ 400 mil e R$ 3 milh\u00f5es e acima de.  As pequenas livrarias, que apresentaram um faturamento entre R$ 400 mil e R$ 600 mil, s\u00e3o 37% da amostragem; j\u00e1 as m\u00e9dias \u2014 que faturaram R$ 600 mil e R$ 1,5 milh\u00e3o \u2014 representaram 45% da amostragem. As grandes redes, a partir de R$ 1,5 milh\u00e3o e R$ 3 milh\u00f5es e a cima de, foram 18%. \u00a0<br \/> \u00a0<br \/> Para 2009 a expectativa m\u00e9dia, apontada pelos entrevistados foi de 11,89%, comparativamente a 2008, mas a ANL acredita que essa estimativa ser\u00e1 inferior a de 2008, como reflexo da crise mundial, que ainda n\u00e3o havia sido detectada a \u00e9poca do Levantamento.\u00a0<\/p>\n","protected":false},"excerpt":{"rendered":"<p>Em levantamento in\u00e9dito, a Associa\u00e7\u00e3o Nacional de Livrarias (ANL) realizou, junto a suas associadas \u2014 que representam 67% do setor entre pequenas, m\u00e9dias e grandes livrarias \u2014 uma amostragem sobre o desenvolvimento do setor livreiro no Brasil.\u00a0 \u00a0 A primeira quest\u00e3o abordou a expectativa de crescimento que tinham no in\u00edcio de 2008 comparativamente ao ano [&hellip;]<\/p>\n","protected":false},"author":1,"featured_media":0,"comment_status":"closed","ping_status":"closed","sticky":false,"template":"","format":"standard","meta":{"footnotes":"","_links_to":"","_links_to_target":""},"categories":[9],"tags":[],"class_list":["post-2505","post","type-post","status-publish","format-standard","hentry","category-noticias-da-imprensa"],"yoast_head":"<!-- This site is optimized with the Yoast SEO plugin v15.1 - https:\/\/yoast.com\/wordpress\/plugins\/seo\/ -->\n<title>Segmento Livreiro cresce, em m\u00e9dia, 10,46% em 2008 comparativamente a 2007 e fica dentro da m\u00e9dia projetada para o ano &raquo; Abrelivros<\/title>\n<meta name=\"robots\" content=\"index, follow, max-snippet:-1, max-image-preview:large, max-video-preview:-1\" \/>\n<link rel=\"canonical\" href=\"https:\/\/abrelivros.org.br\/site\/segmento-livreiro-cresce-em-media-1046-em-2008-comparativamente-a-2007-e-fica-dentro-da-media-projetada-para-o-ano\/\" \/>\n<meta property=\"og:locale\" content=\"pt_BR\" \/>\n<meta property=\"og:type\" content=\"article\" \/>\n<meta property=\"og:title\" content=\"Segmento Livreiro cresce, em m\u00e9dia, 10,46% em 2008 comparativamente a 2007 e fica dentro da m\u00e9dia projetada para o ano &raquo; Abrelivros\" \/>\n<meta property=\"og:description\" content=\"Em levantamento in\u00e9dito, a Associa\u00e7\u00e3o Nacional de Livrarias (ANL) realizou, junto a suas associadas \u2014 que representam 67% do setor entre pequenas, m\u00e9dias e grandes livrarias \u2014 uma amostragem sobre o desenvolvimento do setor livreiro no Brasil.\u00a0 \u00a0 A primeira quest\u00e3o abordou a expectativa de crescimento que tinham no in\u00edcio de 2008 comparativamente ao ano [&hellip;]\" \/>\n<meta property=\"og:url\" content=\"https:\/\/abrelivros.org.br\/site\/segmento-livreiro-cresce-em-media-1046-em-2008-comparativamente-a-2007-e-fica-dentro-da-media-projetada-para-o-ano\/\" \/>\n<meta property=\"og:site_name\" content=\"Abrelivros\" \/>\n<meta property=\"article:published_time\" content=\"2009-01-12T13:18:00+00:00\" \/>\n<meta name=\"twitter:card\" content=\"summary_large_image\" \/>\n<script type=\"application\/ld+json\" class=\"yoast-schema-graph\">{\"@context\":\"https:\/\/schema.org\",\"@graph\":[{\"@type\":\"WebSite\",\"@id\":\"https:\/\/abrelivros.org.br\/site\/#website\",\"url\":\"https:\/\/abrelivros.org.br\/site\/\",\"name\":\"Abrelivros\",\"description\":\"\",\"potentialAction\":[{\"@type\":\"SearchAction\",\"target\":\"https:\/\/abrelivros.org.br\/site\/?s={search_term_string}\",\"query-input\":\"required name=search_term_string\"}],\"inLanguage\":\"pt-BR\"},{\"@type\":\"WebPage\",\"@id\":\"https:\/\/abrelivros.org.br\/site\/segmento-livreiro-cresce-em-media-1046-em-2008-comparativamente-a-2007-e-fica-dentro-da-media-projetada-para-o-ano\/#webpage\",\"url\":\"https:\/\/abrelivros.org.br\/site\/segmento-livreiro-cresce-em-media-1046-em-2008-comparativamente-a-2007-e-fica-dentro-da-media-projetada-para-o-ano\/\",\"name\":\"Segmento Livreiro cresce, em m\\u00e9dia, 10,46% em 2008 comparativamente a 2007 e fica dentro da m\\u00e9dia projetada para o ano &raquo; Abrelivros\",\"isPartOf\":{\"@id\":\"https:\/\/abrelivros.org.br\/site\/#website\"},\"datePublished\":\"2009-01-12T13:18:00+00:00\",\"dateModified\":\"2009-01-12T13:18:00+00:00\",\"author\":{\"@id\":\"https:\/\/abrelivros.org.br\/site\/#\/schema\/person\/2b867f13a717bb230f1a3555505f5593\"},\"breadcrumb\":{\"@id\":\"https:\/\/abrelivros.org.br\/site\/segmento-livreiro-cresce-em-media-1046-em-2008-comparativamente-a-2007-e-fica-dentro-da-media-projetada-para-o-ano\/#breadcrumb\"},\"inLanguage\":\"pt-BR\",\"potentialAction\":[{\"@type\":\"ReadAction\",\"target\":[\"https:\/\/abrelivros.org.br\/site\/segmento-livreiro-cresce-em-media-1046-em-2008-comparativamente-a-2007-e-fica-dentro-da-media-projetada-para-o-ano\/\"]}]},{\"@type\":\"BreadcrumbList\",\"@id\":\"https:\/\/abrelivros.org.br\/site\/segmento-livreiro-cresce-em-media-1046-em-2008-comparativamente-a-2007-e-fica-dentro-da-media-projetada-para-o-ano\/#breadcrumb\",\"itemListElement\":[{\"@type\":\"ListItem\",\"position\":1,\"item\":{\"@type\":\"WebPage\",\"@id\":\"https:\/\/abrelivros.org.br\/site\/\",\"url\":\"https:\/\/abrelivros.org.br\/site\/\",\"name\":\"In\\u00edcio\"}},{\"@type\":\"ListItem\",\"position\":2,\"item\":{\"@type\":\"WebPage\",\"@id\":\"https:\/\/abrelivros.org.br\/site\/category\/noticias\/\",\"url\":\"https:\/\/abrelivros.org.br\/site\/category\/noticias\/\",\"name\":\"Not\\u00edcias\"}},{\"@type\":\"ListItem\",\"position\":3,\"item\":{\"@type\":\"WebPage\",\"@id\":\"https:\/\/abrelivros.org.br\/site\/category\/noticias\/noticias-da-imprensa\/\",\"url\":\"https:\/\/abrelivros.org.br\/site\/category\/noticias\/noticias-da-imprensa\/\",\"name\":\"Not\\u00edcias da imprensa\"}},{\"@type\":\"ListItem\",\"position\":4,\"item\":{\"@type\":\"WebPage\",\"@id\":\"https:\/\/abrelivros.org.br\/site\/segmento-livreiro-cresce-em-media-1046-em-2008-comparativamente-a-2007-e-fica-dentro-da-media-projetada-para-o-ano\/\",\"url\":\"https:\/\/abrelivros.org.br\/site\/segmento-livreiro-cresce-em-media-1046-em-2008-comparativamente-a-2007-e-fica-dentro-da-media-projetada-para-o-ano\/\",\"name\":\"Segmento Livreiro cresce, em m\\u00e9dia, 10,46% em 2008 comparativamente a 2007 e fica dentro da m\\u00e9dia projetada para o ano\"}}]},{\"@type\":\"Person\",\"@id\":\"https:\/\/abrelivros.org.br\/site\/#\/schema\/person\/2b867f13a717bb230f1a3555505f5593\",\"name\":\"\\u00a0\",\"image\":{\"@type\":\"ImageObject\",\"@id\":\"https:\/\/abrelivros.org.br\/site\/#personlogo\",\"inLanguage\":\"pt-BR\",\"url\":\"https:\/\/secure.gravatar.com\/avatar\/e80b7f5231be2fff5040a8023da424898002831c5439420df182ae62676d2a6f?s=96&d=mm&r=g\",\"caption\":\"\\u00a0\"}}]}<\/script>\n<!-- \/ Yoast SEO plugin. -->","_links":{"self":[{"href":"https:\/\/abrelivros.org.br\/site\/wp-json\/wp\/v2\/posts\/2505","targetHints":{"allow":["GET"]}}],"collection":[{"href":"https:\/\/abrelivros.org.br\/site\/wp-json\/wp\/v2\/posts"}],"about":[{"href":"https:\/\/abrelivros.org.br\/site\/wp-json\/wp\/v2\/types\/post"}],"author":[{"embeddable":true,"href":"https:\/\/abrelivros.org.br\/site\/wp-json\/wp\/v2\/users\/1"}],"replies":[{"embeddable":true,"href":"https:\/\/abrelivros.org.br\/site\/wp-json\/wp\/v2\/comments?post=2505"}],"version-history":[{"count":0,"href":"https:\/\/abrelivros.org.br\/site\/wp-json\/wp\/v2\/posts\/2505\/revisions"}],"wp:attachment":[{"href":"https:\/\/abrelivros.org.br\/site\/wp-json\/wp\/v2\/media?parent=2505"}],"wp:term":[{"taxonomy":"category","embeddable":true,"href":"https:\/\/abrelivros.org.br\/site\/wp-json\/wp\/v2\/categories?post=2505"},{"taxonomy":"post_tag","embeddable":true,"href":"https:\/\/abrelivros.org.br\/site\/wp-json\/wp\/v2\/tags?post=2505"}],"curies":[{"name":"wp","href":"https:\/\/api.w.org\/{rel}","templated":true}]}}