{"id":2504,"date":"2009-01-12T11:22:00","date_gmt":"2009-01-12T13:22:00","guid":{"rendered":"https:\/\/abrelivros.org.br\/site\/2009\/01\/12\/pacote-para-nova-ortografia\/"},"modified":"2009-01-12T11:22:00","modified_gmt":"2009-01-12T13:22:00","slug":"pacote-para-nova-ortografia","status":"publish","type":"post","link":"https:\/\/abrelivros.org.br\/site\/pacote-para-nova-ortografia\/","title":{"rendered":"Pacote para nova ortografia"},"content":{"rendered":"<p>A Secretaria da Educa\u00e7\u00e3o de S\u00e3o Paulo ter\u00e1 um pacote de medidas para implantar as altera\u00e7\u00f5es do Acordo Ortogr\u00e1fico da L\u00edngua Portuguesa em suas cerca de 5,5 mil escolas. O objetivo \u00e9 que neste ano os 5 milh\u00f5es de estudantes da rede estadual iniciem uma mudan\u00e7a gradual na aprendizagem, com seus professores capacitados.\u00a0<br \/> \u00a0<br \/> Segundo a secretaria, no fim de 2008 foram capacitados cerca de 17 mil professores e professores coordenadores de oficinas pedag\u00f3gicas, que t\u00eam atribui\u00e7\u00e3o de difundir conhecimento na rede. Esse processo ter\u00e1 continuidade por interm\u00e9dio da Rede do Saber, sistema que permite comunica\u00e7\u00e3o pela internet entre as escolas e professores estaduais. Um roteiro com as mudan\u00e7as ser\u00e1 disponibilizado a todos os seus 250 mil professores, com download pela internet.\u00a0<br \/> \u00a0<br \/> Materiais disponibilizados pela Secretaria da Educa\u00e7\u00e3o \u2013 guias curriculares e cadernos do professor, por exemplo \u2013 ter\u00e3o vers\u00e3o com a nova ortografia. O material did\u00e1tico \u00e9 distribu\u00eddo pelo Minist\u00e9rio da Educa\u00e7\u00e3o.\u00a0<br \/> \u00a0<br \/> \u201c\u00c9 uma mudan\u00e7a grande para uma rede com 5 milh\u00f5es de alunos, a maior do Brasil. O prazo indicado pelo Minist\u00e9rio da Educa\u00e7\u00e3o \u00e9 de tr\u00eas anos, mas decidimos iniciar as altera\u00e7\u00f5es. Desde 2008, o Estado de S\u00e3o Paulo vem agindo para que o processo ocorra normalmente\u201d, disse Val\u00e9ria Souza, coordenadora de Estudos e Normas Pedag\u00f3gicas da secretaria.\u00a0<br \/> \u00a0<br \/> Uma videoaula sobre as mudan\u00e7as tamb\u00e9m ser\u00e1 apresentada pelo site da secretaria, com acesso a todos os educadores da rede estadual.\u00a0<br \/> \u00a0<br \/> Mais informa\u00e7\u00f5es: <a href=\"http:\/\/www.educacao.sp.gov.br\/\" target=\"_blank\" rel=\"noopener noreferrer\">www.educacao.sp.gov.br<\/a><\/p>\n<p><\/p>\n","protected":false},"excerpt":{"rendered":"<p>A Secretaria da Educa\u00e7\u00e3o de S\u00e3o Paulo ter\u00e1 um pacote de medidas para implantar as altera\u00e7\u00f5es do Acordo Ortogr\u00e1fico da L\u00edngua Portuguesa em suas cerca de 5,5 mil escolas. O objetivo \u00e9 que neste ano os 5 milh\u00f5es de estudantes da rede estadual iniciem uma mudan\u00e7a gradual na aprendizagem, com seus professores capacitados.\u00a0 \u00a0 Segundo [&hellip;]<\/p>\n","protected":false},"author":1,"featured_media":0,"comment_status":"closed","ping_status":"closed","sticky":false,"template":"","format":"standard","meta":{"footnotes":"","_links_to":"","_links_to_target":""},"categories":[9],"tags":[],"class_list":["post-2504","post","type-post","status-publish","format-standard","hentry","category-noticias-da-imprensa"],"yoast_head":"<!-- This site is optimized with the Yoast SEO plugin v15.1 - https:\/\/yoast.com\/wordpress\/plugins\/seo\/ -->\n<title>Pacote para nova ortografia &raquo; Abrelivros<\/title>\n<meta name=\"robots\" content=\"index, follow, max-snippet:-1, max-image-preview:large, max-video-preview:-1\" \/>\n<link rel=\"canonical\" href=\"https:\/\/abrelivros.org.br\/site\/pacote-para-nova-ortografia\/\" \/>\n<meta property=\"og:locale\" content=\"pt_BR\" \/>\n<meta property=\"og:type\" content=\"article\" \/>\n<meta property=\"og:title\" content=\"Pacote para nova ortografia &raquo; Abrelivros\" \/>\n<meta property=\"og:description\" content=\"A Secretaria da Educa\u00e7\u00e3o de S\u00e3o Paulo ter\u00e1 um pacote de medidas para implantar as altera\u00e7\u00f5es do Acordo Ortogr\u00e1fico da L\u00edngua Portuguesa em suas cerca de 5,5 mil escolas. O objetivo \u00e9 que neste ano os 5 milh\u00f5es de estudantes da rede estadual iniciem uma mudan\u00e7a gradual na aprendizagem, com seus professores capacitados.\u00a0 \u00a0 Segundo [&hellip;]\" \/>\n<meta property=\"og:url\" content=\"https:\/\/abrelivros.org.br\/site\/pacote-para-nova-ortografia\/\" \/>\n<meta property=\"og:site_name\" content=\"Abrelivros\" \/>\n<meta property=\"article:published_time\" content=\"2009-01-12T13:22:00+00:00\" \/>\n<meta name=\"twitter:card\" content=\"summary_large_image\" \/>\n<script type=\"application\/ld+json\" class=\"yoast-schema-graph\">{\"@context\":\"https:\/\/schema.org\",\"@graph\":[{\"@type\":\"WebSite\",\"@id\":\"https:\/\/abrelivros.org.br\/site\/#website\",\"url\":\"https:\/\/abrelivros.org.br\/site\/\",\"name\":\"Abrelivros\",\"description\":\"\",\"potentialAction\":[{\"@type\":\"SearchAction\",\"target\":\"https:\/\/abrelivros.org.br\/site\/?s={search_term_string}\",\"query-input\":\"required name=search_term_string\"}],\"inLanguage\":\"pt-BR\"},{\"@type\":\"WebPage\",\"@id\":\"https:\/\/abrelivros.org.br\/site\/pacote-para-nova-ortografia\/#webpage\",\"url\":\"https:\/\/abrelivros.org.br\/site\/pacote-para-nova-ortografia\/\",\"name\":\"Pacote para nova ortografia &raquo; Abrelivros\",\"isPartOf\":{\"@id\":\"https:\/\/abrelivros.org.br\/site\/#website\"},\"datePublished\":\"2009-01-12T13:22:00+00:00\",\"dateModified\":\"2009-01-12T13:22:00+00:00\",\"author\":{\"@id\":\"https:\/\/abrelivros.org.br\/site\/#\/schema\/person\/2b867f13a717bb230f1a3555505f5593\"},\"breadcrumb\":{\"@id\":\"https:\/\/abrelivros.org.br\/site\/pacote-para-nova-ortografia\/#breadcrumb\"},\"inLanguage\":\"pt-BR\",\"potentialAction\":[{\"@type\":\"ReadAction\",\"target\":[\"https:\/\/abrelivros.org.br\/site\/pacote-para-nova-ortografia\/\"]}]},{\"@type\":\"BreadcrumbList\",\"@id\":\"https:\/\/abrelivros.org.br\/site\/pacote-para-nova-ortografia\/#breadcrumb\",\"itemListElement\":[{\"@type\":\"ListItem\",\"position\":1,\"item\":{\"@type\":\"WebPage\",\"@id\":\"https:\/\/abrelivros.org.br\/site\/\",\"url\":\"https:\/\/abrelivros.org.br\/site\/\",\"name\":\"In\\u00edcio\"}},{\"@type\":\"ListItem\",\"position\":2,\"item\":{\"@type\":\"WebPage\",\"@id\":\"https:\/\/abrelivros.org.br\/site\/category\/noticias\/\",\"url\":\"https:\/\/abrelivros.org.br\/site\/category\/noticias\/\",\"name\":\"Not\\u00edcias\"}},{\"@type\":\"ListItem\",\"position\":3,\"item\":{\"@type\":\"WebPage\",\"@id\":\"https:\/\/abrelivros.org.br\/site\/category\/noticias\/noticias-da-imprensa\/\",\"url\":\"https:\/\/abrelivros.org.br\/site\/category\/noticias\/noticias-da-imprensa\/\",\"name\":\"Not\\u00edcias da imprensa\"}},{\"@type\":\"ListItem\",\"position\":4,\"item\":{\"@type\":\"WebPage\",\"@id\":\"https:\/\/abrelivros.org.br\/site\/pacote-para-nova-ortografia\/\",\"url\":\"https:\/\/abrelivros.org.br\/site\/pacote-para-nova-ortografia\/\",\"name\":\"Pacote para nova ortografia\"}}]},{\"@type\":\"Person\",\"@id\":\"https:\/\/abrelivros.org.br\/site\/#\/schema\/person\/2b867f13a717bb230f1a3555505f5593\",\"name\":\"\\u00a0\",\"image\":{\"@type\":\"ImageObject\",\"@id\":\"https:\/\/abrelivros.org.br\/site\/#personlogo\",\"inLanguage\":\"pt-BR\",\"url\":\"https:\/\/secure.gravatar.com\/avatar\/e80b7f5231be2fff5040a8023da424898002831c5439420df182ae62676d2a6f?s=96&d=mm&r=g\",\"caption\":\"\\u00a0\"}}]}<\/script>\n<!-- \/ Yoast SEO plugin. -->","_links":{"self":[{"href":"https:\/\/abrelivros.org.br\/site\/wp-json\/wp\/v2\/posts\/2504","targetHints":{"allow":["GET"]}}],"collection":[{"href":"https:\/\/abrelivros.org.br\/site\/wp-json\/wp\/v2\/posts"}],"about":[{"href":"https:\/\/abrelivros.org.br\/site\/wp-json\/wp\/v2\/types\/post"}],"author":[{"embeddable":true,"href":"https:\/\/abrelivros.org.br\/site\/wp-json\/wp\/v2\/users\/1"}],"replies":[{"embeddable":true,"href":"https:\/\/abrelivros.org.br\/site\/wp-json\/wp\/v2\/comments?post=2504"}],"version-history":[{"count":0,"href":"https:\/\/abrelivros.org.br\/site\/wp-json\/wp\/v2\/posts\/2504\/revisions"}],"wp:attachment":[{"href":"https:\/\/abrelivros.org.br\/site\/wp-json\/wp\/v2\/media?parent=2504"}],"wp:term":[{"taxonomy":"category","embeddable":true,"href":"https:\/\/abrelivros.org.br\/site\/wp-json\/wp\/v2\/categories?post=2504"},{"taxonomy":"post_tag","embeddable":true,"href":"https:\/\/abrelivros.org.br\/site\/wp-json\/wp\/v2\/tags?post=2504"}],"curies":[{"name":"wp","href":"https:\/\/api.w.org\/{rel}","templated":true}]}}