{"id":2503,"date":"2009-01-14T16:03:00","date_gmt":"2009-01-14T18:03:00","guid":{"rendered":"https:\/\/abrelivros.org.br\/site\/2009\/01\/14\/a-pressa-e-inimicissima-da-perfeicao\/"},"modified":"2009-01-14T16:03:00","modified_gmt":"2009-01-14T18:03:00","slug":"a-pressa-e-inimicissima-da-perfeicao","status":"publish","type":"post","link":"https:\/\/abrelivros.org.br\/site\/a-pressa-e-inimicissima-da-perfeicao\/","title":{"rendered":"A pressa \u00e9 inimic\u00edssima da perfei\u00e7\u00e3o"},"content":{"rendered":"<p>Acabo de ver e manusear a segunda edi\u00e7\u00e3o do \u201cDicion\u00e1rio Escolar da L\u00edngua Portuguesa\u201c, da Academia Brasileira de Letras (\u201cCom a nova ortografia da l\u00edngua portuguesa\u201c). Agora vai! \u00a0<br \/>  \u00a0<br \/> Se voc\u00ea \u00e9 um dos que compraram um exemplar da primeira edi\u00e7\u00e3o, pode come\u00e7ar a pensar no que far\u00e1 para se livrar dele. Com o devido respeito, o lugar dele \u00e9 a reciclagem. \u00a0<br \/>  \u00a0<br \/> Ent\u00e3o vale a pena dar a compra da primeira edi\u00e7\u00e3o como um dos azares da vida e sair correndo para comprar j\u00e1 um exemplar da segunda edi\u00e7\u00e3o, finalmente acertada, corrigida e, principalmente, fiel ao texto oficial do \u201cAcordo\u201c? \u00a0<br \/>  \u00a0<br \/> Vejamos. Como informei na coluna de 1\u00ba de janeiro, nas p\u00e1ginas introdut\u00f3rias da primeira edi\u00e7\u00e3o h\u00e1 a seguinte informa\u00e7\u00e3o sobre o emprego do h\u00edfen com os prefixos \u201cco-\u201c, \u201cpro-\u201c, \u201cpre-\u201c e \u201cre-\u201c: \u201cEstes se aglutinam, em geral, com o segundo elemento, mesmo quando iniciado por o ou e\u201c. Em seguida, v\u00eam estes exemplos: \u201ccoautor\u201c, \u201ccoedi\u00e7\u00e3o\u201c, \u201cproc\u00f4nsul\u201c, \u201cpreeleito\u201c, \u201creelei\u00e7\u00e3o\u201c, \u201ccoabitar\u201c, \u201ccoerdeiro\u201c. Quando se procuram esses voc\u00e1bulos no pr\u00f3prio \u201cDicion\u00e1rio Escolar\u201c, v\u00ea-se que&#8230; \u00a0<br \/>  \u00a0<br \/> Bem, v\u00ea-se que o \u201cDicion\u00e1rio\u201c n\u00e3o seguia integralmente o que preconizava em suas p\u00e1ginas introdut\u00f3rias (\u201cre-elei\u00e7\u00e3o\u201c e \u201cco-herdeiro\u201c apareciam com h\u00edfen -e com \u201ch\u201c, no caso da \u00faltima; tamb\u00e9m havia h\u00edfen em \u201creeducar\u201c, \u201creeditar\u201c e em casos s\u00edmiles). \u00a0<br \/>  \u00a0<br \/> Na segunda edi\u00e7\u00e3o, foram \u201ccorrigidas\u201c as discrep\u00e2ncias, ou seja, sumiu o \u201ch\u201c de \u201cco-herdeiro\u201c (que passou a \u201ccoerdeiro\u201c) e sumiu o h\u00edfen de \u201creelei\u00e7\u00e3o\u201c. Mas uma olhadinha no texto oficial do \u201cAcordo\u201c basta para que a confus\u00e3o continue. Est\u00e1 na \u201cBase XVI\u201c (\u201cDo h\u00edfen nas forma\u00e7\u00f5es por prefixa\u00e7\u00e3o, recomposi\u00e7\u00e3o e sufixa\u00e7\u00e3o\u201c): \u201cNas forma\u00e7\u00f5es com prefixos (como, por exemplo: ante- , anti-, circum-, co- [&#8230;]) e em forma\u00e7\u00f5es (&#8230;), s\u00f3 se emprega o h\u00edfen nos seguintes casos: a) Nas forma\u00e7\u00f5es em que o segundo elemento come\u00e7a por h&#8230;\u201c. Para encurtar a conversa, um dos exemplos do texto oficial do \u201cAcordo\u201c \u00e9 \u201cco-herdeiro\u201c (com h\u00edfen e com \u201ch\u201c). \u00a0<br \/>  \u00a0<br \/> Conv\u00e9m lembrar que o \u201cAcordo\u201c teve por princ\u00edpio a unifica\u00e7\u00e3o da grafia do portugu\u00eas nos sete (depois oito) pa\u00edses que o t\u00eam como l\u00edngua oficial. Lembro isso porque, embora em Portugal o \u201cAcordo\u201c ainda n\u00e3o vigore, j\u00e1 h\u00e1 por l\u00e1 dicion\u00e1rios com a tarja \u201cConforme o Acordo Ortogr\u00e1fico\u201c. Um deles \u00e9 o \u201cUniversal\u201c (lan\u00e7ado tamb\u00e9m aqui), em que se v\u00ea&#8230; Em que se v\u00ea que o \u201cAcordo\u201c ainda \u00e9 um \u201cDesacordo\u201c. Quer um conselho: espere mais um pouco para abrir a carteira. \u00c9 isso. \u00a0<br \/> \u00a0<br \/> \u00a0<br \/> \u00a0<\/p>\n","protected":false},"excerpt":{"rendered":"<p>Acabo de ver e manusear a segunda edi\u00e7\u00e3o do \u201cDicion\u00e1rio Escolar da L\u00edngua Portuguesa\u201c, da Academia Brasileira de Letras (\u201cCom a nova ortografia da l\u00edngua portuguesa\u201c). Agora vai! \u00a0 \u00a0 Se voc\u00ea \u00e9 um dos que compraram um exemplar da primeira edi\u00e7\u00e3o, pode come\u00e7ar a pensar no que far\u00e1 para se livrar dele. Com o [&hellip;]<\/p>\n","protected":false},"author":1,"featured_media":0,"comment_status":"closed","ping_status":"closed","sticky":false,"template":"","format":"standard","meta":{"footnotes":"","_links_to":"","_links_to_target":""},"categories":[9],"tags":[],"class_list":["post-2503","post","type-post","status-publish","format-standard","hentry","category-noticias-da-imprensa"],"yoast_head":"<!-- This site is optimized with the Yoast SEO plugin v15.1 - https:\/\/yoast.com\/wordpress\/plugins\/seo\/ -->\n<title>A pressa \u00e9 inimic\u00edssima da perfei\u00e7\u00e3o &raquo; Abrelivros<\/title>\n<meta name=\"robots\" content=\"index, follow, max-snippet:-1, max-image-preview:large, max-video-preview:-1\" \/>\n<link rel=\"canonical\" href=\"https:\/\/abrelivros.org.br\/site\/a-pressa-e-inimicissima-da-perfeicao\/\" \/>\n<meta property=\"og:locale\" content=\"pt_BR\" \/>\n<meta property=\"og:type\" content=\"article\" \/>\n<meta property=\"og:title\" content=\"A pressa \u00e9 inimic\u00edssima da perfei\u00e7\u00e3o &raquo; Abrelivros\" \/>\n<meta property=\"og:description\" content=\"Acabo de ver e manusear a segunda edi\u00e7\u00e3o do \u201cDicion\u00e1rio Escolar da L\u00edngua Portuguesa\u201c, da Academia Brasileira de Letras (\u201cCom a nova ortografia da l\u00edngua portuguesa\u201c). Agora vai! \u00a0 \u00a0 Se voc\u00ea \u00e9 um dos que compraram um exemplar da primeira edi\u00e7\u00e3o, pode come\u00e7ar a pensar no que far\u00e1 para se livrar dele. Com o [&hellip;]\" \/>\n<meta property=\"og:url\" content=\"https:\/\/abrelivros.org.br\/site\/a-pressa-e-inimicissima-da-perfeicao\/\" \/>\n<meta property=\"og:site_name\" content=\"Abrelivros\" \/>\n<meta property=\"article:published_time\" content=\"2009-01-14T18:03:00+00:00\" \/>\n<meta name=\"twitter:card\" content=\"summary_large_image\" \/>\n<script type=\"application\/ld+json\" class=\"yoast-schema-graph\">{\"@context\":\"https:\/\/schema.org\",\"@graph\":[{\"@type\":\"WebSite\",\"@id\":\"https:\/\/abrelivros.org.br\/site\/#website\",\"url\":\"https:\/\/abrelivros.org.br\/site\/\",\"name\":\"Abrelivros\",\"description\":\"\",\"potentialAction\":[{\"@type\":\"SearchAction\",\"target\":\"https:\/\/abrelivros.org.br\/site\/?s={search_term_string}\",\"query-input\":\"required name=search_term_string\"}],\"inLanguage\":\"pt-BR\"},{\"@type\":\"WebPage\",\"@id\":\"https:\/\/abrelivros.org.br\/site\/a-pressa-e-inimicissima-da-perfeicao\/#webpage\",\"url\":\"https:\/\/abrelivros.org.br\/site\/a-pressa-e-inimicissima-da-perfeicao\/\",\"name\":\"A pressa \\u00e9 inimic\\u00edssima da perfei\\u00e7\\u00e3o &raquo; Abrelivros\",\"isPartOf\":{\"@id\":\"https:\/\/abrelivros.org.br\/site\/#website\"},\"datePublished\":\"2009-01-14T18:03:00+00:00\",\"dateModified\":\"2009-01-14T18:03:00+00:00\",\"author\":{\"@id\":\"https:\/\/abrelivros.org.br\/site\/#\/schema\/person\/2b867f13a717bb230f1a3555505f5593\"},\"breadcrumb\":{\"@id\":\"https:\/\/abrelivros.org.br\/site\/a-pressa-e-inimicissima-da-perfeicao\/#breadcrumb\"},\"inLanguage\":\"pt-BR\",\"potentialAction\":[{\"@type\":\"ReadAction\",\"target\":[\"https:\/\/abrelivros.org.br\/site\/a-pressa-e-inimicissima-da-perfeicao\/\"]}]},{\"@type\":\"BreadcrumbList\",\"@id\":\"https:\/\/abrelivros.org.br\/site\/a-pressa-e-inimicissima-da-perfeicao\/#breadcrumb\",\"itemListElement\":[{\"@type\":\"ListItem\",\"position\":1,\"item\":{\"@type\":\"WebPage\",\"@id\":\"https:\/\/abrelivros.org.br\/site\/\",\"url\":\"https:\/\/abrelivros.org.br\/site\/\",\"name\":\"In\\u00edcio\"}},{\"@type\":\"ListItem\",\"position\":2,\"item\":{\"@type\":\"WebPage\",\"@id\":\"https:\/\/abrelivros.org.br\/site\/category\/noticias\/\",\"url\":\"https:\/\/abrelivros.org.br\/site\/category\/noticias\/\",\"name\":\"Not\\u00edcias\"}},{\"@type\":\"ListItem\",\"position\":3,\"item\":{\"@type\":\"WebPage\",\"@id\":\"https:\/\/abrelivros.org.br\/site\/category\/noticias\/noticias-da-imprensa\/\",\"url\":\"https:\/\/abrelivros.org.br\/site\/category\/noticias\/noticias-da-imprensa\/\",\"name\":\"Not\\u00edcias da imprensa\"}},{\"@type\":\"ListItem\",\"position\":4,\"item\":{\"@type\":\"WebPage\",\"@id\":\"https:\/\/abrelivros.org.br\/site\/a-pressa-e-inimicissima-da-perfeicao\/\",\"url\":\"https:\/\/abrelivros.org.br\/site\/a-pressa-e-inimicissima-da-perfeicao\/\",\"name\":\"A pressa \\u00e9 inimic\\u00edssima da perfei\\u00e7\\u00e3o\"}}]},{\"@type\":\"Person\",\"@id\":\"https:\/\/abrelivros.org.br\/site\/#\/schema\/person\/2b867f13a717bb230f1a3555505f5593\",\"name\":\"\\u00a0\",\"image\":{\"@type\":\"ImageObject\",\"@id\":\"https:\/\/abrelivros.org.br\/site\/#personlogo\",\"inLanguage\":\"pt-BR\",\"url\":\"https:\/\/secure.gravatar.com\/avatar\/e80b7f5231be2fff5040a8023da424898002831c5439420df182ae62676d2a6f?s=96&d=mm&r=g\",\"caption\":\"\\u00a0\"}}]}<\/script>\n<!-- \/ Yoast SEO plugin. -->","_links":{"self":[{"href":"https:\/\/abrelivros.org.br\/site\/wp-json\/wp\/v2\/posts\/2503","targetHints":{"allow":["GET"]}}],"collection":[{"href":"https:\/\/abrelivros.org.br\/site\/wp-json\/wp\/v2\/posts"}],"about":[{"href":"https:\/\/abrelivros.org.br\/site\/wp-json\/wp\/v2\/types\/post"}],"author":[{"embeddable":true,"href":"https:\/\/abrelivros.org.br\/site\/wp-json\/wp\/v2\/users\/1"}],"replies":[{"embeddable":true,"href":"https:\/\/abrelivros.org.br\/site\/wp-json\/wp\/v2\/comments?post=2503"}],"version-history":[{"count":0,"href":"https:\/\/abrelivros.org.br\/site\/wp-json\/wp\/v2\/posts\/2503\/revisions"}],"wp:attachment":[{"href":"https:\/\/abrelivros.org.br\/site\/wp-json\/wp\/v2\/media?parent=2503"}],"wp:term":[{"taxonomy":"category","embeddable":true,"href":"https:\/\/abrelivros.org.br\/site\/wp-json\/wp\/v2\/categories?post=2503"},{"taxonomy":"post_tag","embeddable":true,"href":"https:\/\/abrelivros.org.br\/site\/wp-json\/wp\/v2\/tags?post=2503"}],"curies":[{"name":"wp","href":"https:\/\/api.w.org\/{rel}","templated":true}]}}