{"id":2500,"date":"2009-01-15T15:27:00","date_gmt":"2009-01-15T17:27:00","guid":{"rendered":"https:\/\/abrelivros.org.br\/site\/2009\/01\/15\/graficas-tem-custo-milionario-para-implantar-nova-ortografia\/"},"modified":"2009-01-15T15:27:00","modified_gmt":"2009-01-15T17:27:00","slug":"graficas-tem-custo-milionario-para-implantar-nova-ortografia","status":"publish","type":"post","link":"https:\/\/abrelivros.org.br\/site\/graficas-tem-custo-milionario-para-implantar-nova-ortografia\/","title":{"rendered":"Gr\u00e1ficas t\u00eam custo milion\u00e1rio para implantar nova ortografia"},"content":{"rendered":"<p>Onze dias ap\u00f3s a mudan\u00e7a na forma de escrever a L\u00edngua Portuguesa, o mercado editorial est\u00e1 dividido, muitas empresas j\u00e1 aderiram \u00e0 nova norma e outras t\u00eam como estrat\u00e9gia utilizar o per\u00edodo de tr\u00eas anos para adapta\u00e7\u00e3o. Daquelas que j\u00e1 iniciaram as mudan\u00e7as est\u00e3o as editoras de dicion\u00e1rios, segundo a International Paper (IP), as encomendas para esse tipo de publica\u00e7\u00e3o aumentaram. Segundo estimativa da C\u00e2mara Brasileira do Livro (CBL), a conta da adequa\u00e7\u00e3o, considerando apenas a revis\u00e3o de conte\u00fado e a rediagrama\u00e7\u00e3o pode chegar a R$ 60 milh\u00f5es. Um valor que corresponde a aproximadamente 4,29% do faturamento do setor que \u00e9 de cerca de R$ 1,4 bi, verificado no ano passado.\u00a0<br \/> \u00a0<br \/> Desse valor, cerca de 50% corresponde ao que o governo federal compra para o programa de distribui\u00e7\u00e3o do livro did\u00e1tico. Em 2008, o governo encomendou mais de 108 milh\u00f5es de livros que custaram quase R$ 720 milh\u00f5es, os n\u00fameros est\u00e3o dispon\u00edveis no site da Funda\u00e7\u00e3o Nacional do Desenvolvimento da Educa\u00e7\u00e3o (FNDE), \u00f3rg\u00e3o do Minist\u00e9rio da Educa\u00e7\u00e3o e Cultura (MEC). De acordo com a assessoria de imprensa do \u00f3rg\u00e3o, os livros desse lote ainda n\u00e3o precisam atender \u00e0 norma porque seu prazo de validade, que \u00e9 de tr\u00eas anos, terminar\u00e1 na mesma \u00e9poca em que a regra passar\u00e1 a ser obrigat\u00f3ria. A partir do ano que vem at\u00e9 mesmo as compras governamentais dever\u00e3o seguir a regra.\u00a0<br \/> \u00a0<br \/> A outra metade do mercado \u00e9 a que apresenta m\u00e9todos diferentes para minimizar os problemas que a adequa\u00e7\u00e3o do conte\u00fado dos cerca de 26 mil t\u00edtulos que est\u00e3o em segunda reimpress\u00e3o poder\u00e3o causar. Segundo a presidente da CBL, Rosely Boschini, essa exig\u00eancia de investimentos que n\u00e3o inclui um eventual descarte de estoques, chegou em um momento ruim, em que a crise apertou o cinto das editoras.\u00a0<br \/> \u00a0<br \/> \u201cO governo j\u00e1 desenvolve um trabalho maravilhoso no campo dos did\u00e1ticos\u201c, disse a presidente. \u201cMesmo assim, o mercado editorial ainda carece de pol\u00edticas p\u00fablicas para incentivar a leitura no pa\u00eds\u201c, cobrou Boschini. Segundo levantamento da entidade, h\u00e1 uma concentra\u00e7\u00e3o das livrarias em capitais, cerca de 80% do total de menos de 3 mil. No Brasil, somente o eixo Rio-SP atende de forma adequada a popula\u00e7\u00e3o, o ideal s\u00e3o 10 mil pessoas por loja, hoje a m\u00e9dia \u00e9 nove vezes maior.\u00a0<br \/> \u00a0<br \/> Estrat\u00e9gia\u00a0<br \/> \u00a0<br \/> Entre as empresas que iniciaram a adequa\u00e7\u00e3o de seus livros est\u00e1 a WMF, que surgiu em janeiro, resultado da divis\u00e3o da Editora Martins Fontes. A empresa, que lan\u00e7ou 100 novos t\u00edtulos em 2009, diz que apenas um n\u00e3o foi revisado por estar com as p\u00e1ginas internas todas impressas. O restante est\u00e1 de acordo. Contudo, os outros 800 t\u00edtulos, heran\u00e7a da divis\u00e3o do cat\u00e1logo da antiga estrutura, dever\u00e3o ser adequados no prazo de tr\u00eas anos, com a reedi\u00e7\u00e3o. A outra empresa resultante da divis\u00e3o, a Selo Martins, afirmou por meio de sua assessoria que ir\u00e1 come\u00e7ar a se adequar \u00e0s novas regras em fevereiro, ap\u00f3s a publica\u00e7\u00e3o do Vocabul\u00e1rio Ortogr\u00e1fico da L\u00edngua Portuguesa (VOLP).\u00a0<br \/> \u00a0<br \/> O setor de dicion\u00e1rios \u00e9 um dos mais afetados. Segundo o gerente-geral de neg\u00f3cios para papel de impress\u00e3o e convers\u00e3o da IP, Ant\u00f4nio Gimenez, a empresa sentiu um aumento na demanda de v\u00e1rios clientes por papel para a impress\u00e3o desses produtos. Essa procura ocorreu a partir do in\u00edcio do segundo semestre. Segundo Alfried Pl\u00f6ger, da Melhoramentos e presidente da Abigraf, foi nessa \u00e9poca que a empresa passou a mudar seus produtos. \u201cProcuramos, assim como diversas empresas, escoar os estoques para chegarmos em janeiro com produtos atualizados\u201c, explicou. \u201cAgora, sempre h\u00e1 problemas, alguns livros cuja venda \u00e9 mais lenta, como os de arte, de pre\u00e7o mais elevado, dever\u00e1 ter uma parte da tiragem descartada\u201c, revelou.\u00a0<br \/> \u00a0<br \/> Na Companhia das Letras o custo da revis\u00e3o j\u00e1 tem um n\u00famero: \u00e9 de R$ 4,5 milh\u00f5es. \u201cSer\u00e3o gastos, em m\u00e9dia, R$ 3 mil por t\u00edtulo, sendo que temos cerca de 1,5 mil livros no cat\u00e1logo\u201c, revelou o o diretor financeiro, S\u00e9rgio Windholz. Por\u00e9m, ele acredita que esse acordo abrir\u00e1 a possibilidade de expandir a atua\u00e7\u00e3o do livro brasileiro aos pa\u00edses do CPLP. Essa \u00e9 a mesma expectativa de Boschini, da CBL, que vislumbra um mercado estimado em, ao menos, 240 milh\u00f5es de pessoas.\u00a0<br \/> \u00a0<br \/> \u00a0<\/p>\n","protected":false},"excerpt":{"rendered":"<p>Onze dias ap\u00f3s a mudan\u00e7a na forma de escrever a L\u00edngua Portuguesa, o mercado editorial est\u00e1 dividido, muitas empresas j\u00e1 aderiram \u00e0 nova norma e outras t\u00eam como estrat\u00e9gia utilizar o per\u00edodo de tr\u00eas anos para adapta\u00e7\u00e3o. Daquelas que j\u00e1 iniciaram as mudan\u00e7as est\u00e3o as editoras de dicion\u00e1rios, segundo a International Paper (IP), as encomendas [&hellip;]<\/p>\n","protected":false},"author":1,"featured_media":0,"comment_status":"closed","ping_status":"closed","sticky":false,"template":"","format":"standard","meta":{"footnotes":"","_links_to":"","_links_to_target":""},"categories":[9],"tags":[],"class_list":["post-2500","post","type-post","status-publish","format-standard","hentry","category-noticias-da-imprensa"],"yoast_head":"<!-- This site is optimized with the Yoast SEO plugin v15.1 - https:\/\/yoast.com\/wordpress\/plugins\/seo\/ -->\n<title>Gr\u00e1ficas t\u00eam custo milion\u00e1rio para implantar nova ortografia &raquo; Abrelivros<\/title>\n<meta name=\"robots\" content=\"index, follow, max-snippet:-1, max-image-preview:large, max-video-preview:-1\" \/>\n<link rel=\"canonical\" href=\"https:\/\/abrelivros.org.br\/site\/graficas-tem-custo-milionario-para-implantar-nova-ortografia\/\" \/>\n<meta property=\"og:locale\" content=\"pt_BR\" \/>\n<meta property=\"og:type\" content=\"article\" \/>\n<meta property=\"og:title\" content=\"Gr\u00e1ficas t\u00eam custo milion\u00e1rio para implantar nova ortografia &raquo; Abrelivros\" \/>\n<meta property=\"og:description\" content=\"Onze dias ap\u00f3s a mudan\u00e7a na forma de escrever a L\u00edngua Portuguesa, o mercado editorial est\u00e1 dividido, muitas empresas j\u00e1 aderiram \u00e0 nova norma e outras t\u00eam como estrat\u00e9gia utilizar o per\u00edodo de tr\u00eas anos para adapta\u00e7\u00e3o. Daquelas que j\u00e1 iniciaram as mudan\u00e7as est\u00e3o as editoras de dicion\u00e1rios, segundo a International Paper (IP), as encomendas [&hellip;]\" \/>\n<meta property=\"og:url\" content=\"https:\/\/abrelivros.org.br\/site\/graficas-tem-custo-milionario-para-implantar-nova-ortografia\/\" \/>\n<meta property=\"og:site_name\" content=\"Abrelivros\" \/>\n<meta property=\"article:published_time\" content=\"2009-01-15T17:27:00+00:00\" \/>\n<meta name=\"twitter:card\" content=\"summary_large_image\" \/>\n<script type=\"application\/ld+json\" class=\"yoast-schema-graph\">{\"@context\":\"https:\/\/schema.org\",\"@graph\":[{\"@type\":\"WebSite\",\"@id\":\"https:\/\/abrelivros.org.br\/site\/#website\",\"url\":\"https:\/\/abrelivros.org.br\/site\/\",\"name\":\"Abrelivros\",\"description\":\"\",\"potentialAction\":[{\"@type\":\"SearchAction\",\"target\":\"https:\/\/abrelivros.org.br\/site\/?s={search_term_string}\",\"query-input\":\"required name=search_term_string\"}],\"inLanguage\":\"pt-BR\"},{\"@type\":\"WebPage\",\"@id\":\"https:\/\/abrelivros.org.br\/site\/graficas-tem-custo-milionario-para-implantar-nova-ortografia\/#webpage\",\"url\":\"https:\/\/abrelivros.org.br\/site\/graficas-tem-custo-milionario-para-implantar-nova-ortografia\/\",\"name\":\"Gr\\u00e1ficas t\\u00eam custo milion\\u00e1rio para implantar nova ortografia &raquo; Abrelivros\",\"isPartOf\":{\"@id\":\"https:\/\/abrelivros.org.br\/site\/#website\"},\"datePublished\":\"2009-01-15T17:27:00+00:00\",\"dateModified\":\"2009-01-15T17:27:00+00:00\",\"author\":{\"@id\":\"https:\/\/abrelivros.org.br\/site\/#\/schema\/person\/2b867f13a717bb230f1a3555505f5593\"},\"breadcrumb\":{\"@id\":\"https:\/\/abrelivros.org.br\/site\/graficas-tem-custo-milionario-para-implantar-nova-ortografia\/#breadcrumb\"},\"inLanguage\":\"pt-BR\",\"potentialAction\":[{\"@type\":\"ReadAction\",\"target\":[\"https:\/\/abrelivros.org.br\/site\/graficas-tem-custo-milionario-para-implantar-nova-ortografia\/\"]}]},{\"@type\":\"BreadcrumbList\",\"@id\":\"https:\/\/abrelivros.org.br\/site\/graficas-tem-custo-milionario-para-implantar-nova-ortografia\/#breadcrumb\",\"itemListElement\":[{\"@type\":\"ListItem\",\"position\":1,\"item\":{\"@type\":\"WebPage\",\"@id\":\"https:\/\/abrelivros.org.br\/site\/\",\"url\":\"https:\/\/abrelivros.org.br\/site\/\",\"name\":\"In\\u00edcio\"}},{\"@type\":\"ListItem\",\"position\":2,\"item\":{\"@type\":\"WebPage\",\"@id\":\"https:\/\/abrelivros.org.br\/site\/category\/noticias\/\",\"url\":\"https:\/\/abrelivros.org.br\/site\/category\/noticias\/\",\"name\":\"Not\\u00edcias\"}},{\"@type\":\"ListItem\",\"position\":3,\"item\":{\"@type\":\"WebPage\",\"@id\":\"https:\/\/abrelivros.org.br\/site\/category\/noticias\/noticias-da-imprensa\/\",\"url\":\"https:\/\/abrelivros.org.br\/site\/category\/noticias\/noticias-da-imprensa\/\",\"name\":\"Not\\u00edcias da imprensa\"}},{\"@type\":\"ListItem\",\"position\":4,\"item\":{\"@type\":\"WebPage\",\"@id\":\"https:\/\/abrelivros.org.br\/site\/graficas-tem-custo-milionario-para-implantar-nova-ortografia\/\",\"url\":\"https:\/\/abrelivros.org.br\/site\/graficas-tem-custo-milionario-para-implantar-nova-ortografia\/\",\"name\":\"Gr\\u00e1ficas t\\u00eam custo milion\\u00e1rio para implantar nova ortografia\"}}]},{\"@type\":\"Person\",\"@id\":\"https:\/\/abrelivros.org.br\/site\/#\/schema\/person\/2b867f13a717bb230f1a3555505f5593\",\"name\":\"\\u00a0\",\"image\":{\"@type\":\"ImageObject\",\"@id\":\"https:\/\/abrelivros.org.br\/site\/#personlogo\",\"inLanguage\":\"pt-BR\",\"url\":\"https:\/\/secure.gravatar.com\/avatar\/e80b7f5231be2fff5040a8023da424898002831c5439420df182ae62676d2a6f?s=96&d=mm&r=g\",\"caption\":\"\\u00a0\"}}]}<\/script>\n<!-- \/ Yoast SEO plugin. -->","_links":{"self":[{"href":"https:\/\/abrelivros.org.br\/site\/wp-json\/wp\/v2\/posts\/2500","targetHints":{"allow":["GET"]}}],"collection":[{"href":"https:\/\/abrelivros.org.br\/site\/wp-json\/wp\/v2\/posts"}],"about":[{"href":"https:\/\/abrelivros.org.br\/site\/wp-json\/wp\/v2\/types\/post"}],"author":[{"embeddable":true,"href":"https:\/\/abrelivros.org.br\/site\/wp-json\/wp\/v2\/users\/1"}],"replies":[{"embeddable":true,"href":"https:\/\/abrelivros.org.br\/site\/wp-json\/wp\/v2\/comments?post=2500"}],"version-history":[{"count":0,"href":"https:\/\/abrelivros.org.br\/site\/wp-json\/wp\/v2\/posts\/2500\/revisions"}],"wp:attachment":[{"href":"https:\/\/abrelivros.org.br\/site\/wp-json\/wp\/v2\/media?parent=2500"}],"wp:term":[{"taxonomy":"category","embeddable":true,"href":"https:\/\/abrelivros.org.br\/site\/wp-json\/wp\/v2\/categories?post=2500"},{"taxonomy":"post_tag","embeddable":true,"href":"https:\/\/abrelivros.org.br\/site\/wp-json\/wp\/v2\/tags?post=2500"}],"curies":[{"name":"wp","href":"https:\/\/api.w.org\/{rel}","templated":true}]}}