{"id":2499,"date":"2009-01-19T14:49:00","date_gmt":"2009-01-19T16:49:00","guid":{"rendered":"https:\/\/abrelivros.org.br\/site\/2009\/01\/19\/no-de-matriculados-no-ensino-medio-estadual-tambem-caiu\/"},"modified":"2009-01-19T14:49:00","modified_gmt":"2009-01-19T16:49:00","slug":"no-de-matriculados-no-ensino-medio-estadual-tambem-caiu","status":"publish","type":"post","link":"https:\/\/abrelivros.org.br\/site\/no-de-matriculados-no-ensino-medio-estadual-tambem-caiu\/","title":{"rendered":"N\u00ba de matriculados no ensino m\u00e9dio estadual tamb\u00e9m caiu"},"content":{"rendered":"<p>O Censo Escolar revela ainda que caiu o total de matriculados nas escolas estaduais no ensino m\u00e9dio, que \u00e9 de responsabilidade do Estado.\u00a0<br \/> \u00a0<br \/> No ano passado, o n\u00famero caiu para 17.315 alunos, apontam os dados. \u00c9 a menor quantidade de estudantes nos \u00faltimos cinco anos em escolas do Estado. Em 2004, haviam 20.288 alunos de ensino m\u00e9dio na rede. Em 2005, eram 19.439.\u00a0<br \/> \u00a0<br \/> Na rede municipal, que atende a uma parcela menor de alunos de ensino m\u00e9dio, as matr\u00edculas tamb\u00e9m ca\u00edram. Foram 335 alunos no ano passado, contra 763 em 2004 e, no ano seguinte, 625.\u00a0<br \/> \u00a0<br \/> A assessoria de imprensa da Secretaria de Estado da Educa\u00e7\u00e3o afirmou que a diminui\u00e7\u00e3o nas matr\u00edculas de ensino m\u00e9dio tem ocorrido em todo o Estado. A redu\u00e7\u00e3o de alunos, segundo a assessoria, acompanha a queda da popula\u00e7\u00e3o em idade escolar.\u00a0<br \/> \u00a0<br \/> Em 2005, havia em Ribeir\u00e3o 27.225 jovens de 15 a 17 anos, segundo a Funda\u00e7\u00e3o Seade. No ano passado, o n\u00famero nessa faixa et\u00e1ria diminuiu para 26.113 jovens.\u00a0<br \/> \u00a0<br \/> Ainda de acordo com a assessoria, a taxa de escolaridade em S\u00e3o Paulo \u00e9 maior do que a de outros Estados. A taxa paulista alcan\u00e7a 68% dos adolescentes com idades entre 15 e 17 anos.\u00a0<br \/> \u00a0<br \/> \u00a0<\/p>\n","protected":false},"excerpt":{"rendered":"<p>O Censo Escolar revela ainda que caiu o total de matriculados nas escolas estaduais no ensino m\u00e9dio, que \u00e9 de responsabilidade do Estado.\u00a0 \u00a0 No ano passado, o n\u00famero caiu para 17.315 alunos, apontam os dados. \u00c9 a menor quantidade de estudantes nos \u00faltimos cinco anos em escolas do Estado. Em 2004, haviam 20.288 alunos [&hellip;]<\/p>\n","protected":false},"author":1,"featured_media":0,"comment_status":"closed","ping_status":"closed","sticky":false,"template":"","format":"standard","meta":{"footnotes":"","_links_to":"","_links_to_target":""},"categories":[9],"tags":[],"class_list":["post-2499","post","type-post","status-publish","format-standard","hentry","category-noticias-da-imprensa"],"yoast_head":"<!-- This site is optimized with the Yoast SEO plugin v15.1 - https:\/\/yoast.com\/wordpress\/plugins\/seo\/ -->\n<title>N\u00ba de matriculados no ensino m\u00e9dio estadual tamb\u00e9m caiu &raquo; Abrelivros<\/title>\n<meta name=\"robots\" content=\"index, follow, max-snippet:-1, max-image-preview:large, max-video-preview:-1\" \/>\n<link rel=\"canonical\" href=\"https:\/\/abrelivros.org.br\/site\/no-de-matriculados-no-ensino-medio-estadual-tambem-caiu\/\" \/>\n<meta property=\"og:locale\" content=\"pt_BR\" \/>\n<meta property=\"og:type\" content=\"article\" \/>\n<meta property=\"og:title\" content=\"N\u00ba de matriculados no ensino m\u00e9dio estadual tamb\u00e9m caiu &raquo; Abrelivros\" \/>\n<meta property=\"og:description\" content=\"O Censo Escolar revela ainda que caiu o total de matriculados nas escolas estaduais no ensino m\u00e9dio, que \u00e9 de responsabilidade do Estado.\u00a0 \u00a0 No ano passado, o n\u00famero caiu para 17.315 alunos, apontam os dados. \u00c9 a menor quantidade de estudantes nos \u00faltimos cinco anos em escolas do Estado. Em 2004, haviam 20.288 alunos [&hellip;]\" \/>\n<meta property=\"og:url\" content=\"https:\/\/abrelivros.org.br\/site\/no-de-matriculados-no-ensino-medio-estadual-tambem-caiu\/\" \/>\n<meta property=\"og:site_name\" content=\"Abrelivros\" \/>\n<meta property=\"article:published_time\" content=\"2009-01-19T16:49:00+00:00\" \/>\n<meta name=\"twitter:card\" content=\"summary_large_image\" \/>\n<script type=\"application\/ld+json\" class=\"yoast-schema-graph\">{\"@context\":\"https:\/\/schema.org\",\"@graph\":[{\"@type\":\"WebSite\",\"@id\":\"https:\/\/abrelivros.org.br\/site\/#website\",\"url\":\"https:\/\/abrelivros.org.br\/site\/\",\"name\":\"Abrelivros\",\"description\":\"\",\"potentialAction\":[{\"@type\":\"SearchAction\",\"target\":\"https:\/\/abrelivros.org.br\/site\/?s={search_term_string}\",\"query-input\":\"required name=search_term_string\"}],\"inLanguage\":\"pt-BR\"},{\"@type\":\"WebPage\",\"@id\":\"https:\/\/abrelivros.org.br\/site\/no-de-matriculados-no-ensino-medio-estadual-tambem-caiu\/#webpage\",\"url\":\"https:\/\/abrelivros.org.br\/site\/no-de-matriculados-no-ensino-medio-estadual-tambem-caiu\/\",\"name\":\"N\\u00ba de matriculados no ensino m\\u00e9dio estadual tamb\\u00e9m caiu &raquo; Abrelivros\",\"isPartOf\":{\"@id\":\"https:\/\/abrelivros.org.br\/site\/#website\"},\"datePublished\":\"2009-01-19T16:49:00+00:00\",\"dateModified\":\"2009-01-19T16:49:00+00:00\",\"author\":{\"@id\":\"https:\/\/abrelivros.org.br\/site\/#\/schema\/person\/2b867f13a717bb230f1a3555505f5593\"},\"breadcrumb\":{\"@id\":\"https:\/\/abrelivros.org.br\/site\/no-de-matriculados-no-ensino-medio-estadual-tambem-caiu\/#breadcrumb\"},\"inLanguage\":\"pt-BR\",\"potentialAction\":[{\"@type\":\"ReadAction\",\"target\":[\"https:\/\/abrelivros.org.br\/site\/no-de-matriculados-no-ensino-medio-estadual-tambem-caiu\/\"]}]},{\"@type\":\"BreadcrumbList\",\"@id\":\"https:\/\/abrelivros.org.br\/site\/no-de-matriculados-no-ensino-medio-estadual-tambem-caiu\/#breadcrumb\",\"itemListElement\":[{\"@type\":\"ListItem\",\"position\":1,\"item\":{\"@type\":\"WebPage\",\"@id\":\"https:\/\/abrelivros.org.br\/site\/\",\"url\":\"https:\/\/abrelivros.org.br\/site\/\",\"name\":\"In\\u00edcio\"}},{\"@type\":\"ListItem\",\"position\":2,\"item\":{\"@type\":\"WebPage\",\"@id\":\"https:\/\/abrelivros.org.br\/site\/category\/noticias\/\",\"url\":\"https:\/\/abrelivros.org.br\/site\/category\/noticias\/\",\"name\":\"Not\\u00edcias\"}},{\"@type\":\"ListItem\",\"position\":3,\"item\":{\"@type\":\"WebPage\",\"@id\":\"https:\/\/abrelivros.org.br\/site\/category\/noticias\/noticias-da-imprensa\/\",\"url\":\"https:\/\/abrelivros.org.br\/site\/category\/noticias\/noticias-da-imprensa\/\",\"name\":\"Not\\u00edcias da imprensa\"}},{\"@type\":\"ListItem\",\"position\":4,\"item\":{\"@type\":\"WebPage\",\"@id\":\"https:\/\/abrelivros.org.br\/site\/no-de-matriculados-no-ensino-medio-estadual-tambem-caiu\/\",\"url\":\"https:\/\/abrelivros.org.br\/site\/no-de-matriculados-no-ensino-medio-estadual-tambem-caiu\/\",\"name\":\"N\\u00ba de matriculados no ensino m\\u00e9dio estadual tamb\\u00e9m caiu\"}}]},{\"@type\":\"Person\",\"@id\":\"https:\/\/abrelivros.org.br\/site\/#\/schema\/person\/2b867f13a717bb230f1a3555505f5593\",\"name\":\"\\u00a0\",\"image\":{\"@type\":\"ImageObject\",\"@id\":\"https:\/\/abrelivros.org.br\/site\/#personlogo\",\"inLanguage\":\"pt-BR\",\"url\":\"https:\/\/secure.gravatar.com\/avatar\/e80b7f5231be2fff5040a8023da424898002831c5439420df182ae62676d2a6f?s=96&d=mm&r=g\",\"caption\":\"\\u00a0\"}}]}<\/script>\n<!-- \/ Yoast SEO plugin. -->","_links":{"self":[{"href":"https:\/\/abrelivros.org.br\/site\/wp-json\/wp\/v2\/posts\/2499","targetHints":{"allow":["GET"]}}],"collection":[{"href":"https:\/\/abrelivros.org.br\/site\/wp-json\/wp\/v2\/posts"}],"about":[{"href":"https:\/\/abrelivros.org.br\/site\/wp-json\/wp\/v2\/types\/post"}],"author":[{"embeddable":true,"href":"https:\/\/abrelivros.org.br\/site\/wp-json\/wp\/v2\/users\/1"}],"replies":[{"embeddable":true,"href":"https:\/\/abrelivros.org.br\/site\/wp-json\/wp\/v2\/comments?post=2499"}],"version-history":[{"count":0,"href":"https:\/\/abrelivros.org.br\/site\/wp-json\/wp\/v2\/posts\/2499\/revisions"}],"wp:attachment":[{"href":"https:\/\/abrelivros.org.br\/site\/wp-json\/wp\/v2\/media?parent=2499"}],"wp:term":[{"taxonomy":"category","embeddable":true,"href":"https:\/\/abrelivros.org.br\/site\/wp-json\/wp\/v2\/categories?post=2499"},{"taxonomy":"post_tag","embeddable":true,"href":"https:\/\/abrelivros.org.br\/site\/wp-json\/wp\/v2\/tags?post=2499"}],"curies":[{"name":"wp","href":"https:\/\/api.w.org\/{rel}","templated":true}]}}