{"id":2498,"date":"2009-01-19T15:01:00","date_gmt":"2009-01-19T17:01:00","guid":{"rendered":"https:\/\/abrelivros.org.br\/site\/2009\/01\/19\/acordo-tambem-muda-escrita-em-braile\/"},"modified":"2009-01-19T15:01:00","modified_gmt":"2009-01-19T17:01:00","slug":"acordo-tambem-muda-escrita-em-braile","status":"publish","type":"post","link":"https:\/\/abrelivros.org.br\/site\/acordo-tambem-muda-escrita-em-braile\/","title":{"rendered":"Acordo tamb\u00e9m muda escrita em braile"},"content":{"rendered":"<p>Os brasileiros que n\u00e3o enxergam tamb\u00e9m t\u00eam suas d\u00favidas nos acentos que ca\u00edram e nos h\u00edfens que apareceram ou desapareceram na virada do ano, quando as regras impostas pelo Acordo Ortogr\u00e1fico entraram em vigor no pa\u00eds.\u00a0<br \/> \u00a0<br \/> Tudo o que mudou no portugu\u00eas escrito mudou da mesm\u00edssima maneira no portugu\u00eas convertido em braile, o sistema t\u00e1til usado por cegos do mundo inteiro para ler e escrever.\u00a0<br \/> \u00a0<br \/> \u201cTodos n\u00f3s memorizamos as palavras na grafia antiga. Agora precisamos reconstru\u00ed-las na mem\u00f3ria com a grafia nova. A diferen\u00e7a \u00e9 que voc\u00eas fazem isso com os olhos e n\u00f3s [cegos], com os dedos\u201c, explica Maria da Gl\u00f3ria Almeida, chefe-de-gabinete do Instituto Benjamin Constant, no Rio, dedicado \u00e0s pessoas com defici\u00eancia visual.\u00a0<br \/> \u00a0<br \/> O Acordo Ortogr\u00e1fico tem impacto no braile porque as palavras desse sistema tamb\u00e9m s\u00e3o escritas letra a letra. Uma letra tem at\u00e9 seis pontinhos em alto relevo. Cada uma se forma com um n\u00famero e uma disposi\u00e7\u00e3o pr\u00f3pria de pontinhos.\u00a0<br \/> \u00a0<br \/> Os acentos e o trema mudam esse arranjo. O dedo treinado de um cego sente a diferen\u00e7a entre \u201c\u00fc\u201c e\u201cu\u201c e entre \u201ca\u201c e \u201c\u00e1\u201c.\u00a0<br \/> \u00a0<br \/> Se \u201cmicroonda\u201c agora \u00e9 \u201cmicro-onda\u201c, a mesma palavra no braile deixa de ter nove caracteres salientes e passa a ter dez -o h\u00edfen t\u00eam seus pontinhos caracter\u00edsticos.\u00a0<br \/> \u00a0<br \/> As mudan\u00e7as ortogr\u00e1ficas haviam sido definidas em 1990 por pa\u00edses que t\u00eam o portugu\u00eas como l\u00edngua oficial. O objetivo do Acordo, agora colocado em pr\u00e1tica no Brasil, era unificar a escrita do portugu\u00eas e torn\u00e1-lo mais forte no cen\u00e1rio mundial.\u00a0<br \/> \u00a0<br \/><B> Nas escolas\u00a0<br \/> \u00a0<br \/><\/B> Segundo a Organiza\u00e7\u00e3o Mundial da Sa\u00fade, 0,5% da popula\u00e7\u00e3o do planeta n\u00e3o enxerga. O Brasil teria, por essa conta, 950 mil cegos -o equivalente aos moradores de Cuiab\u00e1 e Florian\u00f3polis somados.\u00a0<br \/> \u00a0<br \/> As escolas brasileiras t\u00eam, de acordo com o Minist\u00e9rio da Educa\u00e7\u00e3o, pouco mais de 8.600 alunos cegos, a maioria deles nas mesmas salas de crian\u00e7as e adolescentes que enxergam.\u00a0<br \/> \u00a0<br \/> As li\u00e7\u00f5es de braile s\u00e3o dadas fora do hor\u00e1rio regular de aula e normalmente v\u00e3o at\u00e9 a 4\u00aa s\u00e9rie, \u00e9poca em que as crian\u00e7as j\u00e1 conseguem dominar o sistema.\u00a0<br \/> \u00a0<br \/> \u201cAs nossas preocupa\u00e7\u00f5es agora s\u00e3o orientar os professores e garantir que a produ\u00e7\u00e3o dos livros did\u00e1ticos em braile esteja compat\u00edvel com a nova grafia\u201c, afirma Martinha Clarete Dutra, que responde, no Minist\u00e9rio da Educa\u00e7\u00e3o, pelas pol\u00edticas de inclus\u00e3o.\u00a0<br \/> \u00a0<br \/> Martinha \u00e9 cega. \u201cApesar de lidar com esse tema todo dia, ainda me pego escrevendo na grafia anterior. Estamos t\u00e3o habituados&#8230; S\u00f3 depois lembro que aquele acento n\u00e3o existe mais\u201c, ela conta.\u00a0<br \/> \u00a0<br \/> Por enquanto, n\u00e3o est\u00e1 errado escrever na forma antiga. At\u00e9 dezembro de 2012, as grafias novas ter\u00e3o de conviver com as velhas -ser\u00e1 um per\u00edodo de transi\u00e7\u00e3o. A partir de 2013, por\u00e9m, s\u00f3 ser\u00e3o aceitas como corretas as novas regras.\u00a0<br \/> \u00a0<br \/> A l\u00edngua dos sinais, usada pelos surdos, n\u00e3o foi afetada pelo Acordo, j\u00e1 que cada gesto normalmente representa uma palavra inteira.\u00a0<br \/> \u00a0<\/p>\n","protected":false},"excerpt":{"rendered":"<p>Os brasileiros que n\u00e3o enxergam tamb\u00e9m t\u00eam suas d\u00favidas nos acentos que ca\u00edram e nos h\u00edfens que apareceram ou desapareceram na virada do ano, quando as regras impostas pelo Acordo Ortogr\u00e1fico entraram em vigor no pa\u00eds.\u00a0 \u00a0 Tudo o que mudou no portugu\u00eas escrito mudou da mesm\u00edssima maneira no portugu\u00eas convertido em braile, o sistema [&hellip;]<\/p>\n","protected":false},"author":1,"featured_media":0,"comment_status":"closed","ping_status":"closed","sticky":false,"template":"","format":"standard","meta":{"footnotes":"","_links_to":"","_links_to_target":""},"categories":[9],"tags":[],"class_list":["post-2498","post","type-post","status-publish","format-standard","hentry","category-noticias-da-imprensa"],"yoast_head":"<!-- This site is optimized with the Yoast SEO plugin v15.1 - https:\/\/yoast.com\/wordpress\/plugins\/seo\/ -->\n<title>Acordo tamb\u00e9m muda escrita em braile &raquo; Abrelivros<\/title>\n<meta name=\"robots\" content=\"index, follow, max-snippet:-1, max-image-preview:large, max-video-preview:-1\" \/>\n<link rel=\"canonical\" href=\"https:\/\/abrelivros.org.br\/site\/acordo-tambem-muda-escrita-em-braile\/\" \/>\n<meta property=\"og:locale\" content=\"pt_BR\" \/>\n<meta property=\"og:type\" content=\"article\" \/>\n<meta property=\"og:title\" content=\"Acordo tamb\u00e9m muda escrita em braile &raquo; Abrelivros\" \/>\n<meta property=\"og:description\" content=\"Os brasileiros que n\u00e3o enxergam tamb\u00e9m t\u00eam suas d\u00favidas nos acentos que ca\u00edram e nos h\u00edfens que apareceram ou desapareceram na virada do ano, quando as regras impostas pelo Acordo Ortogr\u00e1fico entraram em vigor no pa\u00eds.\u00a0 \u00a0 Tudo o que mudou no portugu\u00eas escrito mudou da mesm\u00edssima maneira no portugu\u00eas convertido em braile, o sistema [&hellip;]\" \/>\n<meta property=\"og:url\" content=\"https:\/\/abrelivros.org.br\/site\/acordo-tambem-muda-escrita-em-braile\/\" \/>\n<meta property=\"og:site_name\" content=\"Abrelivros\" \/>\n<meta property=\"article:published_time\" content=\"2009-01-19T17:01:00+00:00\" \/>\n<meta name=\"twitter:card\" content=\"summary_large_image\" \/>\n<script type=\"application\/ld+json\" class=\"yoast-schema-graph\">{\"@context\":\"https:\/\/schema.org\",\"@graph\":[{\"@type\":\"WebSite\",\"@id\":\"https:\/\/abrelivros.org.br\/site\/#website\",\"url\":\"https:\/\/abrelivros.org.br\/site\/\",\"name\":\"Abrelivros\",\"description\":\"\",\"potentialAction\":[{\"@type\":\"SearchAction\",\"target\":\"https:\/\/abrelivros.org.br\/site\/?s={search_term_string}\",\"query-input\":\"required name=search_term_string\"}],\"inLanguage\":\"pt-BR\"},{\"@type\":\"WebPage\",\"@id\":\"https:\/\/abrelivros.org.br\/site\/acordo-tambem-muda-escrita-em-braile\/#webpage\",\"url\":\"https:\/\/abrelivros.org.br\/site\/acordo-tambem-muda-escrita-em-braile\/\",\"name\":\"Acordo tamb\\u00e9m muda escrita em braile &raquo; Abrelivros\",\"isPartOf\":{\"@id\":\"https:\/\/abrelivros.org.br\/site\/#website\"},\"datePublished\":\"2009-01-19T17:01:00+00:00\",\"dateModified\":\"2009-01-19T17:01:00+00:00\",\"author\":{\"@id\":\"https:\/\/abrelivros.org.br\/site\/#\/schema\/person\/2b867f13a717bb230f1a3555505f5593\"},\"breadcrumb\":{\"@id\":\"https:\/\/abrelivros.org.br\/site\/acordo-tambem-muda-escrita-em-braile\/#breadcrumb\"},\"inLanguage\":\"pt-BR\",\"potentialAction\":[{\"@type\":\"ReadAction\",\"target\":[\"https:\/\/abrelivros.org.br\/site\/acordo-tambem-muda-escrita-em-braile\/\"]}]},{\"@type\":\"BreadcrumbList\",\"@id\":\"https:\/\/abrelivros.org.br\/site\/acordo-tambem-muda-escrita-em-braile\/#breadcrumb\",\"itemListElement\":[{\"@type\":\"ListItem\",\"position\":1,\"item\":{\"@type\":\"WebPage\",\"@id\":\"https:\/\/abrelivros.org.br\/site\/\",\"url\":\"https:\/\/abrelivros.org.br\/site\/\",\"name\":\"In\\u00edcio\"}},{\"@type\":\"ListItem\",\"position\":2,\"item\":{\"@type\":\"WebPage\",\"@id\":\"https:\/\/abrelivros.org.br\/site\/category\/noticias\/\",\"url\":\"https:\/\/abrelivros.org.br\/site\/category\/noticias\/\",\"name\":\"Not\\u00edcias\"}},{\"@type\":\"ListItem\",\"position\":3,\"item\":{\"@type\":\"WebPage\",\"@id\":\"https:\/\/abrelivros.org.br\/site\/category\/noticias\/noticias-da-imprensa\/\",\"url\":\"https:\/\/abrelivros.org.br\/site\/category\/noticias\/noticias-da-imprensa\/\",\"name\":\"Not\\u00edcias da imprensa\"}},{\"@type\":\"ListItem\",\"position\":4,\"item\":{\"@type\":\"WebPage\",\"@id\":\"https:\/\/abrelivros.org.br\/site\/acordo-tambem-muda-escrita-em-braile\/\",\"url\":\"https:\/\/abrelivros.org.br\/site\/acordo-tambem-muda-escrita-em-braile\/\",\"name\":\"Acordo tamb\\u00e9m muda escrita em braile\"}}]},{\"@type\":\"Person\",\"@id\":\"https:\/\/abrelivros.org.br\/site\/#\/schema\/person\/2b867f13a717bb230f1a3555505f5593\",\"name\":\"\\u00a0\",\"image\":{\"@type\":\"ImageObject\",\"@id\":\"https:\/\/abrelivros.org.br\/site\/#personlogo\",\"inLanguage\":\"pt-BR\",\"url\":\"https:\/\/secure.gravatar.com\/avatar\/e80b7f5231be2fff5040a8023da424898002831c5439420df182ae62676d2a6f?s=96&d=mm&r=g\",\"caption\":\"\\u00a0\"}}]}<\/script>\n<!-- \/ Yoast SEO plugin. -->","_links":{"self":[{"href":"https:\/\/abrelivros.org.br\/site\/wp-json\/wp\/v2\/posts\/2498","targetHints":{"allow":["GET"]}}],"collection":[{"href":"https:\/\/abrelivros.org.br\/site\/wp-json\/wp\/v2\/posts"}],"about":[{"href":"https:\/\/abrelivros.org.br\/site\/wp-json\/wp\/v2\/types\/post"}],"author":[{"embeddable":true,"href":"https:\/\/abrelivros.org.br\/site\/wp-json\/wp\/v2\/users\/1"}],"replies":[{"embeddable":true,"href":"https:\/\/abrelivros.org.br\/site\/wp-json\/wp\/v2\/comments?post=2498"}],"version-history":[{"count":0,"href":"https:\/\/abrelivros.org.br\/site\/wp-json\/wp\/v2\/posts\/2498\/revisions"}],"wp:attachment":[{"href":"https:\/\/abrelivros.org.br\/site\/wp-json\/wp\/v2\/media?parent=2498"}],"wp:term":[{"taxonomy":"category","embeddable":true,"href":"https:\/\/abrelivros.org.br\/site\/wp-json\/wp\/v2\/categories?post=2498"},{"taxonomy":"post_tag","embeddable":true,"href":"https:\/\/abrelivros.org.br\/site\/wp-json\/wp\/v2\/tags?post=2498"}],"curies":[{"name":"wp","href":"https:\/\/api.w.org\/{rel}","templated":true}]}}