{"id":2497,"date":"2009-01-23T13:01:00","date_gmt":"2009-01-23T15:01:00","guid":{"rendered":"https:\/\/abrelivros.org.br\/site\/2009\/01\/23\/mais-de-705-mil-criancas-brasileiras-estao-fora-da-serie-ideal-na-escola-diz-mec\/"},"modified":"2009-01-23T13:01:00","modified_gmt":"2009-01-23T15:01:00","slug":"mais-de-705-mil-criancas-brasileiras-estao-fora-da-serie-ideal-na-escola-diz-mec","status":"publish","type":"post","link":"https:\/\/abrelivros.org.br\/site\/mais-de-705-mil-criancas-brasileiras-estao-fora-da-serie-ideal-na-escola-diz-mec\/","title":{"rendered":"Mais de 705 mil crian\u00e7as brasileiras est\u00e3o fora da s\u00e9rie ideal na escola, diz MEC"},"content":{"rendered":"<p>Dados preliminares do MEC (Minist\u00e9rio da Educa\u00e7\u00e3o) mostram que mais de 705 mil crian\u00e7as est\u00e3o matriculadas em s\u00e9ries incompat\u00edveis com a idade. O levantamento foi feito em 1.114 munic\u00edpios que pediram apoio tecnol\u00f3gico do MEC para corrigir o problema. &nbsp;<br \/> &nbsp;<br \/> A secretaria ainda aguarda a resposta de 193 cidades integrantes da lista de 1.307 que pediram o aux\u00edlio em 2008. Elas registraram baixo Ideb (\u00cdndice de Desenvolvimento da Educa\u00e7\u00e3o B\u00e1sica) em 2007 e t\u00eam prioridade nos programas do minist\u00e9rio.&nbsp;<br \/> &nbsp;<br \/> Segundo Cl\u00e1udio Andr\u00e9, coordenador-geral de Tecnologias da Educa\u00e7\u00e3o da Secretaria de Educa\u00e7\u00e3o B\u00e1sica, alguns munic\u00edpios informaram que 90% dos alunos dos anos iniciais do ensino fundamental freq\u00fcentam s\u00e9rie incompat\u00edvel com a idade.&nbsp;<br \/> &nbsp;<br \/> Para saber se as informa\u00e7\u00f5es est\u00e3o corretas, os n\u00fameros enviados pelos munic\u00edpios ser\u00e3o comparados com os dados do Censo Escolar de 2008 e discutidos com as secretarias de educa\u00e7\u00e3o. Os munic\u00edpios podem n\u00e3o ter interpretado corretamente as informa\u00e7\u00f5es contidas na ficha e registrado o n\u00famero total de alunos da rede de ensino.&nbsp;<br \/> &nbsp;<br \/> O objetivo do MEC \u00e9 atender os 1.307 munic\u00edpios e trabalhar pelo sucesso da corre\u00e7\u00e3o de fluxo, resultado que pode aparecer na pr\u00f3xima Provinha Brasil e no Ideb a ser divulgado no come\u00e7o de 2010.&nbsp;<br \/> &nbsp;<\/p>\n","protected":false},"excerpt":{"rendered":"<p>Dados preliminares do MEC (Minist\u00e9rio da Educa\u00e7\u00e3o) mostram que mais de 705 mil crian\u00e7as est\u00e3o matriculadas em s\u00e9ries incompat\u00edveis com a idade. O levantamento foi feito em 1.114 munic\u00edpios que pediram apoio tecnol\u00f3gico do MEC para corrigir o problema. &nbsp; &nbsp; A secretaria ainda aguarda a resposta de 193 cidades integrantes da lista de 1.307 [&hellip;]<\/p>\n","protected":false},"author":1,"featured_media":0,"comment_status":"closed","ping_status":"closed","sticky":false,"template":"","format":"standard","meta":{"footnotes":"","_links_to":"","_links_to_target":""},"categories":[9],"tags":[],"class_list":["post-2497","post","type-post","status-publish","format-standard","hentry","category-noticias-da-imprensa"],"yoast_head":"<!-- This site is optimized with the Yoast SEO plugin v15.1 - https:\/\/yoast.com\/wordpress\/plugins\/seo\/ -->\n<title>Mais de 705 mil crian\u00e7as brasileiras est\u00e3o fora da s\u00e9rie ideal na escola, diz MEC &raquo; Abrelivros<\/title>\n<meta name=\"robots\" content=\"index, follow, max-snippet:-1, max-image-preview:large, max-video-preview:-1\" \/>\n<link rel=\"canonical\" href=\"https:\/\/abrelivros.org.br\/site\/mais-de-705-mil-criancas-brasileiras-estao-fora-da-serie-ideal-na-escola-diz-mec\/\" \/>\n<meta property=\"og:locale\" content=\"pt_BR\" \/>\n<meta property=\"og:type\" content=\"article\" \/>\n<meta property=\"og:title\" content=\"Mais de 705 mil crian\u00e7as brasileiras est\u00e3o fora da s\u00e9rie ideal na escola, diz MEC &raquo; Abrelivros\" \/>\n<meta property=\"og:description\" content=\"Dados preliminares do MEC (Minist\u00e9rio da Educa\u00e7\u00e3o) mostram que mais de 705 mil crian\u00e7as est\u00e3o matriculadas em s\u00e9ries incompat\u00edveis com a idade. O levantamento foi feito em 1.114 munic\u00edpios que pediram apoio tecnol\u00f3gico do MEC para corrigir o problema. &nbsp; &nbsp; A secretaria ainda aguarda a resposta de 193 cidades integrantes da lista de 1.307 [&hellip;]\" \/>\n<meta property=\"og:url\" content=\"https:\/\/abrelivros.org.br\/site\/mais-de-705-mil-criancas-brasileiras-estao-fora-da-serie-ideal-na-escola-diz-mec\/\" \/>\n<meta property=\"og:site_name\" content=\"Abrelivros\" \/>\n<meta property=\"article:published_time\" content=\"2009-01-23T15:01:00+00:00\" \/>\n<meta name=\"twitter:card\" content=\"summary_large_image\" \/>\n<script type=\"application\/ld+json\" class=\"yoast-schema-graph\">{\"@context\":\"https:\/\/schema.org\",\"@graph\":[{\"@type\":\"WebSite\",\"@id\":\"https:\/\/abrelivros.org.br\/site\/#website\",\"url\":\"https:\/\/abrelivros.org.br\/site\/\",\"name\":\"Abrelivros\",\"description\":\"\",\"potentialAction\":[{\"@type\":\"SearchAction\",\"target\":\"https:\/\/abrelivros.org.br\/site\/?s={search_term_string}\",\"query-input\":\"required name=search_term_string\"}],\"inLanguage\":\"pt-BR\"},{\"@type\":\"WebPage\",\"@id\":\"https:\/\/abrelivros.org.br\/site\/mais-de-705-mil-criancas-brasileiras-estao-fora-da-serie-ideal-na-escola-diz-mec\/#webpage\",\"url\":\"https:\/\/abrelivros.org.br\/site\/mais-de-705-mil-criancas-brasileiras-estao-fora-da-serie-ideal-na-escola-diz-mec\/\",\"name\":\"Mais de 705 mil crian\\u00e7as brasileiras est\\u00e3o fora da s\\u00e9rie ideal na escola, diz MEC &raquo; Abrelivros\",\"isPartOf\":{\"@id\":\"https:\/\/abrelivros.org.br\/site\/#website\"},\"datePublished\":\"2009-01-23T15:01:00+00:00\",\"dateModified\":\"2009-01-23T15:01:00+00:00\",\"author\":{\"@id\":\"https:\/\/abrelivros.org.br\/site\/#\/schema\/person\/2b867f13a717bb230f1a3555505f5593\"},\"breadcrumb\":{\"@id\":\"https:\/\/abrelivros.org.br\/site\/mais-de-705-mil-criancas-brasileiras-estao-fora-da-serie-ideal-na-escola-diz-mec\/#breadcrumb\"},\"inLanguage\":\"pt-BR\",\"potentialAction\":[{\"@type\":\"ReadAction\",\"target\":[\"https:\/\/abrelivros.org.br\/site\/mais-de-705-mil-criancas-brasileiras-estao-fora-da-serie-ideal-na-escola-diz-mec\/\"]}]},{\"@type\":\"BreadcrumbList\",\"@id\":\"https:\/\/abrelivros.org.br\/site\/mais-de-705-mil-criancas-brasileiras-estao-fora-da-serie-ideal-na-escola-diz-mec\/#breadcrumb\",\"itemListElement\":[{\"@type\":\"ListItem\",\"position\":1,\"item\":{\"@type\":\"WebPage\",\"@id\":\"https:\/\/abrelivros.org.br\/site\/\",\"url\":\"https:\/\/abrelivros.org.br\/site\/\",\"name\":\"In\\u00edcio\"}},{\"@type\":\"ListItem\",\"position\":2,\"item\":{\"@type\":\"WebPage\",\"@id\":\"https:\/\/abrelivros.org.br\/site\/category\/noticias\/\",\"url\":\"https:\/\/abrelivros.org.br\/site\/category\/noticias\/\",\"name\":\"Not\\u00edcias\"}},{\"@type\":\"ListItem\",\"position\":3,\"item\":{\"@type\":\"WebPage\",\"@id\":\"https:\/\/abrelivros.org.br\/site\/category\/noticias\/noticias-da-imprensa\/\",\"url\":\"https:\/\/abrelivros.org.br\/site\/category\/noticias\/noticias-da-imprensa\/\",\"name\":\"Not\\u00edcias da imprensa\"}},{\"@type\":\"ListItem\",\"position\":4,\"item\":{\"@type\":\"WebPage\",\"@id\":\"https:\/\/abrelivros.org.br\/site\/mais-de-705-mil-criancas-brasileiras-estao-fora-da-serie-ideal-na-escola-diz-mec\/\",\"url\":\"https:\/\/abrelivros.org.br\/site\/mais-de-705-mil-criancas-brasileiras-estao-fora-da-serie-ideal-na-escola-diz-mec\/\",\"name\":\"Mais de 705 mil crian\\u00e7as brasileiras est\\u00e3o fora da s\\u00e9rie ideal na escola, diz MEC\"}}]},{\"@type\":\"Person\",\"@id\":\"https:\/\/abrelivros.org.br\/site\/#\/schema\/person\/2b867f13a717bb230f1a3555505f5593\",\"name\":\"\\u00a0\",\"image\":{\"@type\":\"ImageObject\",\"@id\":\"https:\/\/abrelivros.org.br\/site\/#personlogo\",\"inLanguage\":\"pt-BR\",\"url\":\"https:\/\/secure.gravatar.com\/avatar\/e80b7f5231be2fff5040a8023da424898002831c5439420df182ae62676d2a6f?s=96&d=mm&r=g\",\"caption\":\"\\u00a0\"}}]}<\/script>\n<!-- \/ Yoast SEO plugin. -->","_links":{"self":[{"href":"https:\/\/abrelivros.org.br\/site\/wp-json\/wp\/v2\/posts\/2497","targetHints":{"allow":["GET"]}}],"collection":[{"href":"https:\/\/abrelivros.org.br\/site\/wp-json\/wp\/v2\/posts"}],"about":[{"href":"https:\/\/abrelivros.org.br\/site\/wp-json\/wp\/v2\/types\/post"}],"author":[{"embeddable":true,"href":"https:\/\/abrelivros.org.br\/site\/wp-json\/wp\/v2\/users\/1"}],"replies":[{"embeddable":true,"href":"https:\/\/abrelivros.org.br\/site\/wp-json\/wp\/v2\/comments?post=2497"}],"version-history":[{"count":0,"href":"https:\/\/abrelivros.org.br\/site\/wp-json\/wp\/v2\/posts\/2497\/revisions"}],"wp:attachment":[{"href":"https:\/\/abrelivros.org.br\/site\/wp-json\/wp\/v2\/media?parent=2497"}],"wp:term":[{"taxonomy":"category","embeddable":true,"href":"https:\/\/abrelivros.org.br\/site\/wp-json\/wp\/v2\/categories?post=2497"},{"taxonomy":"post_tag","embeddable":true,"href":"https:\/\/abrelivros.org.br\/site\/wp-json\/wp\/v2\/tags?post=2497"}],"curies":[{"name":"wp","href":"https:\/\/api.w.org\/{rel}","templated":true}]}}