{"id":2496,"date":"2009-01-23T13:59:00","date_gmt":"2009-01-23T15:59:00","guid":{"rendered":"https:\/\/abrelivros.org.br\/site\/2009\/01\/23\/policia-apreende-livros-de-professor-com-respostas-em-sebos-de-sp\/"},"modified":"2009-01-23T13:59:00","modified_gmt":"2009-01-23T15:59:00","slug":"policia-apreende-livros-de-professor-com-respostas-em-sebos-de-sp","status":"publish","type":"post","link":"https:\/\/abrelivros.org.br\/site\/policia-apreende-livros-de-professor-com-respostas-em-sebos-de-sp\/","title":{"rendered":"Pol\u00edcia apreende livros de professor com respostas em sebos de SP"},"content":{"rendered":"<p>Numa opera\u00e7\u00e3o surpresa, policiais civis revistaram ontem tr\u00eas sebos do centro de S\u00e3o Paulo e apreenderam perto de 200 livros did\u00e1ticos que t\u00eam a comercializa\u00e7\u00e3o proibida.&nbsp;<br \/> &nbsp;<br \/> As publica\u00e7\u00f5es s\u00e3o os livros do professor, amostras gr\u00e1tis dadas pelas editoras aos professores e \u00e0s escolas. O objetivo \u00e9 convencer os docentes a adot\u00e1-los no ano letivo seguinte.&nbsp;<br \/> &nbsp;<br \/> Esses livros trazem as respostas dos exerc\u00edcios, dicas para as aulas e at\u00e9 sugest\u00f5es de provas. As capas cont\u00eam o alerta de que a venda \u00e9 proibida.&nbsp;<br \/> &nbsp;<br \/> Quem vende esses livros comete o crime de viola\u00e7\u00e3o de direito autoral. A pena pode chegar a quatro anos de pris\u00e3o.&nbsp;<br \/> &nbsp;<br \/> N\u00e3o podem ser vendidos porque, sendo apenas amostras gr\u00e1tis, os autores n\u00e3o recebem pagamento de direito autoral.&nbsp;<br \/> &nbsp;<br \/> A Pol\u00edcia Civil realizou a a\u00e7\u00e3o em raz\u00e3o de uma representa\u00e7\u00e3o feita pela Abrelivros (associa\u00e7\u00e3o das editoras). Janeiro foi o m\u00eas escolhido por ser a \u00e9poca em que os pais compram os livros escolares dos filhos.&nbsp;<br \/> &nbsp;<br \/> Com base nas publica\u00e7\u00f5es novas que deixam de ser compradas no Brasil, a Abrelivros calcula que a venda de livros do professor representa um preju\u00edzo de ao menos R$ 20 milh\u00f5es anuais para as editoras.&nbsp;<br \/> &nbsp;<br \/> Al\u00e9m disso, h\u00e1 outro tipo de preju\u00edzo para os pr\u00f3prios estudantes. Como os livros cont\u00eam as respostas dos exerc\u00edcios e at\u00e9 as provas que ser\u00e3o aplicadas, os alunos n\u00e3o precisam pensar para responder \u00e0s quest\u00f5es.&nbsp;<br \/> &nbsp;<br \/> Os sebos revistados foram o Pra\u00e7a da S\u00e9, o do Messias e o Alian\u00e7a. Seus gerentes foram levados \u00e0 delegacia, mas liberados em seguida. Eles poder\u00e3o ser indiciados.&nbsp;<br \/> &nbsp;<br \/> Livros antigos&nbsp;<br \/> &nbsp;<br \/> Os sebos foram procurados pela Folha. No Sebo do Messias, explicaram que os livros eram antigos e j\u00e1 deveriam ter sido doados a entidades sociais. No Alian\u00e7a, n\u00e3o quiseram comentar. A Folha n\u00e3o conseguiu contato com o Pra\u00e7a da S\u00e9.&nbsp;<br \/> &nbsp;<br \/> \u201cDisseram que compraram esses livros em meio a lotes grandes e n\u00e3o perceberam. Mas isso n\u00e3o \u00e9 resposta que um comerciante deva dar. Ele precisa ter cautela acentuada quando se trata de direito do autor\u201c, explica o delegado Fernando Shimidt.&nbsp;<br \/> &nbsp;<br \/> Os livros apreendidos passar\u00e3o por uma per\u00edcia para descobrir quais foram os professores e as escolas que os receberam das editoras. O professor que vende esses livros tamb\u00e9m viola o direito autoral.&nbsp;<br \/> &nbsp;<br \/>  &nbsp;<\/p>\n","protected":false},"excerpt":{"rendered":"<p>Numa opera\u00e7\u00e3o surpresa, policiais civis revistaram ontem tr\u00eas sebos do centro de S\u00e3o Paulo e apreenderam perto de 200 livros did\u00e1ticos que t\u00eam a comercializa\u00e7\u00e3o proibida.&nbsp; &nbsp; As publica\u00e7\u00f5es s\u00e3o os livros do professor, amostras gr\u00e1tis dadas pelas editoras aos professores e \u00e0s escolas. O objetivo \u00e9 convencer os docentes a adot\u00e1-los no ano letivo [&hellip;]<\/p>\n","protected":false},"author":1,"featured_media":0,"comment_status":"closed","ping_status":"closed","sticky":false,"template":"","format":"standard","meta":{"footnotes":"","_links_to":"","_links_to_target":""},"categories":[9],"tags":[],"class_list":["post-2496","post","type-post","status-publish","format-standard","hentry","category-noticias-da-imprensa"],"yoast_head":"<!-- This site is optimized with the Yoast SEO plugin v15.1 - https:\/\/yoast.com\/wordpress\/plugins\/seo\/ -->\n<title>Pol\u00edcia apreende livros de professor com respostas em sebos de SP &raquo; Abrelivros<\/title>\n<meta name=\"robots\" content=\"index, follow, max-snippet:-1, max-image-preview:large, max-video-preview:-1\" \/>\n<link rel=\"canonical\" href=\"https:\/\/abrelivros.org.br\/site\/policia-apreende-livros-de-professor-com-respostas-em-sebos-de-sp\/\" \/>\n<meta property=\"og:locale\" content=\"pt_BR\" \/>\n<meta property=\"og:type\" content=\"article\" \/>\n<meta property=\"og:title\" content=\"Pol\u00edcia apreende livros de professor com respostas em sebos de SP &raquo; Abrelivros\" \/>\n<meta property=\"og:description\" content=\"Numa opera\u00e7\u00e3o surpresa, policiais civis revistaram ontem tr\u00eas sebos do centro de S\u00e3o Paulo e apreenderam perto de 200 livros did\u00e1ticos que t\u00eam a comercializa\u00e7\u00e3o proibida.&nbsp; &nbsp; As publica\u00e7\u00f5es s\u00e3o os livros do professor, amostras gr\u00e1tis dadas pelas editoras aos professores e \u00e0s escolas. O objetivo \u00e9 convencer os docentes a adot\u00e1-los no ano letivo [&hellip;]\" \/>\n<meta property=\"og:url\" content=\"https:\/\/abrelivros.org.br\/site\/policia-apreende-livros-de-professor-com-respostas-em-sebos-de-sp\/\" \/>\n<meta property=\"og:site_name\" content=\"Abrelivros\" \/>\n<meta property=\"article:published_time\" content=\"2009-01-23T15:59:00+00:00\" \/>\n<meta name=\"twitter:card\" content=\"summary_large_image\" \/>\n<script type=\"application\/ld+json\" class=\"yoast-schema-graph\">{\"@context\":\"https:\/\/schema.org\",\"@graph\":[{\"@type\":\"WebSite\",\"@id\":\"https:\/\/abrelivros.org.br\/site\/#website\",\"url\":\"https:\/\/abrelivros.org.br\/site\/\",\"name\":\"Abrelivros\",\"description\":\"\",\"potentialAction\":[{\"@type\":\"SearchAction\",\"target\":\"https:\/\/abrelivros.org.br\/site\/?s={search_term_string}\",\"query-input\":\"required name=search_term_string\"}],\"inLanguage\":\"pt-BR\"},{\"@type\":\"WebPage\",\"@id\":\"https:\/\/abrelivros.org.br\/site\/policia-apreende-livros-de-professor-com-respostas-em-sebos-de-sp\/#webpage\",\"url\":\"https:\/\/abrelivros.org.br\/site\/policia-apreende-livros-de-professor-com-respostas-em-sebos-de-sp\/\",\"name\":\"Pol\\u00edcia apreende livros de professor com respostas em sebos de SP &raquo; Abrelivros\",\"isPartOf\":{\"@id\":\"https:\/\/abrelivros.org.br\/site\/#website\"},\"datePublished\":\"2009-01-23T15:59:00+00:00\",\"dateModified\":\"2009-01-23T15:59:00+00:00\",\"author\":{\"@id\":\"https:\/\/abrelivros.org.br\/site\/#\/schema\/person\/2b867f13a717bb230f1a3555505f5593\"},\"breadcrumb\":{\"@id\":\"https:\/\/abrelivros.org.br\/site\/policia-apreende-livros-de-professor-com-respostas-em-sebos-de-sp\/#breadcrumb\"},\"inLanguage\":\"pt-BR\",\"potentialAction\":[{\"@type\":\"ReadAction\",\"target\":[\"https:\/\/abrelivros.org.br\/site\/policia-apreende-livros-de-professor-com-respostas-em-sebos-de-sp\/\"]}]},{\"@type\":\"BreadcrumbList\",\"@id\":\"https:\/\/abrelivros.org.br\/site\/policia-apreende-livros-de-professor-com-respostas-em-sebos-de-sp\/#breadcrumb\",\"itemListElement\":[{\"@type\":\"ListItem\",\"position\":1,\"item\":{\"@type\":\"WebPage\",\"@id\":\"https:\/\/abrelivros.org.br\/site\/\",\"url\":\"https:\/\/abrelivros.org.br\/site\/\",\"name\":\"In\\u00edcio\"}},{\"@type\":\"ListItem\",\"position\":2,\"item\":{\"@type\":\"WebPage\",\"@id\":\"https:\/\/abrelivros.org.br\/site\/category\/noticias\/\",\"url\":\"https:\/\/abrelivros.org.br\/site\/category\/noticias\/\",\"name\":\"Not\\u00edcias\"}},{\"@type\":\"ListItem\",\"position\":3,\"item\":{\"@type\":\"WebPage\",\"@id\":\"https:\/\/abrelivros.org.br\/site\/category\/noticias\/noticias-da-imprensa\/\",\"url\":\"https:\/\/abrelivros.org.br\/site\/category\/noticias\/noticias-da-imprensa\/\",\"name\":\"Not\\u00edcias da imprensa\"}},{\"@type\":\"ListItem\",\"position\":4,\"item\":{\"@type\":\"WebPage\",\"@id\":\"https:\/\/abrelivros.org.br\/site\/policia-apreende-livros-de-professor-com-respostas-em-sebos-de-sp\/\",\"url\":\"https:\/\/abrelivros.org.br\/site\/policia-apreende-livros-de-professor-com-respostas-em-sebos-de-sp\/\",\"name\":\"Pol\\u00edcia apreende livros de professor com respostas em sebos de SP\"}}]},{\"@type\":\"Person\",\"@id\":\"https:\/\/abrelivros.org.br\/site\/#\/schema\/person\/2b867f13a717bb230f1a3555505f5593\",\"name\":\"\\u00a0\",\"image\":{\"@type\":\"ImageObject\",\"@id\":\"https:\/\/abrelivros.org.br\/site\/#personlogo\",\"inLanguage\":\"pt-BR\",\"url\":\"https:\/\/secure.gravatar.com\/avatar\/e80b7f5231be2fff5040a8023da424898002831c5439420df182ae62676d2a6f?s=96&d=mm&r=g\",\"caption\":\"\\u00a0\"}}]}<\/script>\n<!-- \/ Yoast SEO plugin. -->","_links":{"self":[{"href":"https:\/\/abrelivros.org.br\/site\/wp-json\/wp\/v2\/posts\/2496","targetHints":{"allow":["GET"]}}],"collection":[{"href":"https:\/\/abrelivros.org.br\/site\/wp-json\/wp\/v2\/posts"}],"about":[{"href":"https:\/\/abrelivros.org.br\/site\/wp-json\/wp\/v2\/types\/post"}],"author":[{"embeddable":true,"href":"https:\/\/abrelivros.org.br\/site\/wp-json\/wp\/v2\/users\/1"}],"replies":[{"embeddable":true,"href":"https:\/\/abrelivros.org.br\/site\/wp-json\/wp\/v2\/comments?post=2496"}],"version-history":[{"count":0,"href":"https:\/\/abrelivros.org.br\/site\/wp-json\/wp\/v2\/posts\/2496\/revisions"}],"wp:attachment":[{"href":"https:\/\/abrelivros.org.br\/site\/wp-json\/wp\/v2\/media?parent=2496"}],"wp:term":[{"taxonomy":"category","embeddable":true,"href":"https:\/\/abrelivros.org.br\/site\/wp-json\/wp\/v2\/categories?post=2496"},{"taxonomy":"post_tag","embeddable":true,"href":"https:\/\/abrelivros.org.br\/site\/wp-json\/wp\/v2\/tags?post=2496"}],"curies":[{"name":"wp","href":"https:\/\/api.w.org\/{rel}","templated":true}]}}