{"id":2494,"date":"2009-01-28T16:59:00","date_gmt":"2009-01-28T18:59:00","guid":{"rendered":"https:\/\/abrelivros.org.br\/site\/2009\/01\/28\/entidade-comemora-bicentenario-de-louis-braille\/"},"modified":"2009-01-28T16:59:00","modified_gmt":"2009-01-28T18:59:00","slug":"entidade-comemora-bicentenario-de-louis-braille","status":"publish","type":"post","link":"https:\/\/abrelivros.org.br\/site\/entidade-comemora-bicentenario-de-louis-braille\/","title":{"rendered":"Entidade comemora bicenten\u00e1rio de Louis Braille"},"content":{"rendered":"<p>As comemora\u00e7\u00f5es do bicenten\u00e1rio de Louis Braille n\u00e3o ser\u00e3o realizadas somente em \u00e2mbito internacional. O Brasil tamb\u00e9m est\u00e1 programando diversos eventos para celebrar o nascimento do criador do sistema de leitura para deficientes visuais. \u00a0<br \/> \u00a0<br \/> A Funda\u00e7\u00e3o Dorina Nowill para Cegos, que trabalha para facilitar a inclus\u00e3o social dessas pessoas, por meio de produtos e servi\u00e7os especializados, criou a Comiss\u00e3o Brasileira para o Bicenten\u00e1rio de Louis Braille (CBBLB), presidida por Dorina de Gouv\u00eaa Nowill e respons\u00e1vel por parte da programa\u00e7\u00e3o no Pa\u00eds. \u00a0<br \/> \u00a0<br \/> O grupo comemora o decreto municipal 49.756 de 15\/07\/2008, pelo qual a Biblioteca Braille do Centro Cultural S\u00e3o Paulo passou a se chamar Biblioteca Louis Braille. Est\u00e1 em tramita\u00e7\u00e3o na C\u00e2mara Municipal, a cria\u00e7\u00e3o do Dia Municipal do Braille, a ser comemorado em 3 de setembro, data em que foi assinada a lei que instituiu a primeira classe braille no estado de S\u00e3o Paulo, em 1953. \u00a0<br \/> \u00a0<br \/> Entre as a\u00e7\u00f5es, ainda destacam-se a emiss\u00e3o de um selo dos Correios comemorativo ao bicenten\u00e1rio para at\u00e9 2012; a cria\u00e7\u00e3o do Dia Nacional do Braille, a ser comemorado sempre em 8 de abril, data do nascimento de Jos\u00e9 \u00c1lvares de Azevedo, patrono da educa\u00e7\u00e3o dos cegos no Brasil; a institui\u00e7\u00e3o da Semana Nacional do Braille em 2009, a ser comemorada de 23 a 29 de agosto, entre outras atividades. \u00a0<br \/> \u00a0<br \/> \u00a0<\/p>\n","protected":false},"excerpt":{"rendered":"<p>As comemora\u00e7\u00f5es do bicenten\u00e1rio de Louis Braille n\u00e3o ser\u00e3o realizadas somente em \u00e2mbito internacional. O Brasil tamb\u00e9m est\u00e1 programando diversos eventos para celebrar o nascimento do criador do sistema de leitura para deficientes visuais. \u00a0 \u00a0 A Funda\u00e7\u00e3o Dorina Nowill para Cegos, que trabalha para facilitar a inclus\u00e3o social dessas pessoas, por meio de produtos [&hellip;]<\/p>\n","protected":false},"author":1,"featured_media":0,"comment_status":"closed","ping_status":"closed","sticky":false,"template":"","format":"standard","meta":{"footnotes":"","_links_to":"","_links_to_target":""},"categories":[9],"tags":[],"class_list":["post-2494","post","type-post","status-publish","format-standard","hentry","category-noticias-da-imprensa"],"yoast_head":"<!-- This site is optimized with the Yoast SEO plugin v15.1 - https:\/\/yoast.com\/wordpress\/plugins\/seo\/ -->\n<title>Entidade comemora bicenten\u00e1rio de Louis Braille &raquo; Abrelivros<\/title>\n<meta name=\"robots\" content=\"index, follow, max-snippet:-1, max-image-preview:large, max-video-preview:-1\" \/>\n<link rel=\"canonical\" href=\"https:\/\/abrelivros.org.br\/site\/entidade-comemora-bicentenario-de-louis-braille\/\" \/>\n<meta property=\"og:locale\" content=\"pt_BR\" \/>\n<meta property=\"og:type\" content=\"article\" \/>\n<meta property=\"og:title\" content=\"Entidade comemora bicenten\u00e1rio de Louis Braille &raquo; Abrelivros\" \/>\n<meta property=\"og:description\" content=\"As comemora\u00e7\u00f5es do bicenten\u00e1rio de Louis Braille n\u00e3o ser\u00e3o realizadas somente em \u00e2mbito internacional. O Brasil tamb\u00e9m est\u00e1 programando diversos eventos para celebrar o nascimento do criador do sistema de leitura para deficientes visuais. \u00a0 \u00a0 A Funda\u00e7\u00e3o Dorina Nowill para Cegos, que trabalha para facilitar a inclus\u00e3o social dessas pessoas, por meio de produtos [&hellip;]\" \/>\n<meta property=\"og:url\" content=\"https:\/\/abrelivros.org.br\/site\/entidade-comemora-bicentenario-de-louis-braille\/\" \/>\n<meta property=\"og:site_name\" content=\"Abrelivros\" \/>\n<meta property=\"article:published_time\" content=\"2009-01-28T18:59:00+00:00\" \/>\n<meta name=\"twitter:card\" content=\"summary_large_image\" \/>\n<script type=\"application\/ld+json\" class=\"yoast-schema-graph\">{\"@context\":\"https:\/\/schema.org\",\"@graph\":[{\"@type\":\"WebSite\",\"@id\":\"https:\/\/abrelivros.org.br\/site\/#website\",\"url\":\"https:\/\/abrelivros.org.br\/site\/\",\"name\":\"Abrelivros\",\"description\":\"\",\"potentialAction\":[{\"@type\":\"SearchAction\",\"target\":\"https:\/\/abrelivros.org.br\/site\/?s={search_term_string}\",\"query-input\":\"required name=search_term_string\"}],\"inLanguage\":\"pt-BR\"},{\"@type\":\"WebPage\",\"@id\":\"https:\/\/abrelivros.org.br\/site\/entidade-comemora-bicentenario-de-louis-braille\/#webpage\",\"url\":\"https:\/\/abrelivros.org.br\/site\/entidade-comemora-bicentenario-de-louis-braille\/\",\"name\":\"Entidade comemora bicenten\\u00e1rio de Louis Braille &raquo; Abrelivros\",\"isPartOf\":{\"@id\":\"https:\/\/abrelivros.org.br\/site\/#website\"},\"datePublished\":\"2009-01-28T18:59:00+00:00\",\"dateModified\":\"2009-01-28T18:59:00+00:00\",\"author\":{\"@id\":\"https:\/\/abrelivros.org.br\/site\/#\/schema\/person\/2b867f13a717bb230f1a3555505f5593\"},\"breadcrumb\":{\"@id\":\"https:\/\/abrelivros.org.br\/site\/entidade-comemora-bicentenario-de-louis-braille\/#breadcrumb\"},\"inLanguage\":\"pt-BR\",\"potentialAction\":[{\"@type\":\"ReadAction\",\"target\":[\"https:\/\/abrelivros.org.br\/site\/entidade-comemora-bicentenario-de-louis-braille\/\"]}]},{\"@type\":\"BreadcrumbList\",\"@id\":\"https:\/\/abrelivros.org.br\/site\/entidade-comemora-bicentenario-de-louis-braille\/#breadcrumb\",\"itemListElement\":[{\"@type\":\"ListItem\",\"position\":1,\"item\":{\"@type\":\"WebPage\",\"@id\":\"https:\/\/abrelivros.org.br\/site\/\",\"url\":\"https:\/\/abrelivros.org.br\/site\/\",\"name\":\"In\\u00edcio\"}},{\"@type\":\"ListItem\",\"position\":2,\"item\":{\"@type\":\"WebPage\",\"@id\":\"https:\/\/abrelivros.org.br\/site\/category\/noticias\/\",\"url\":\"https:\/\/abrelivros.org.br\/site\/category\/noticias\/\",\"name\":\"Not\\u00edcias\"}},{\"@type\":\"ListItem\",\"position\":3,\"item\":{\"@type\":\"WebPage\",\"@id\":\"https:\/\/abrelivros.org.br\/site\/category\/noticias\/noticias-da-imprensa\/\",\"url\":\"https:\/\/abrelivros.org.br\/site\/category\/noticias\/noticias-da-imprensa\/\",\"name\":\"Not\\u00edcias da imprensa\"}},{\"@type\":\"ListItem\",\"position\":4,\"item\":{\"@type\":\"WebPage\",\"@id\":\"https:\/\/abrelivros.org.br\/site\/entidade-comemora-bicentenario-de-louis-braille\/\",\"url\":\"https:\/\/abrelivros.org.br\/site\/entidade-comemora-bicentenario-de-louis-braille\/\",\"name\":\"Entidade comemora bicenten\\u00e1rio de Louis Braille\"}}]},{\"@type\":\"Person\",\"@id\":\"https:\/\/abrelivros.org.br\/site\/#\/schema\/person\/2b867f13a717bb230f1a3555505f5593\",\"name\":\"\\u00a0\",\"image\":{\"@type\":\"ImageObject\",\"@id\":\"https:\/\/abrelivros.org.br\/site\/#personlogo\",\"inLanguage\":\"pt-BR\",\"url\":\"https:\/\/secure.gravatar.com\/avatar\/e80b7f5231be2fff5040a8023da424898002831c5439420df182ae62676d2a6f?s=96&d=mm&r=g\",\"caption\":\"\\u00a0\"}}]}<\/script>\n<!-- \/ Yoast SEO plugin. -->","_links":{"self":[{"href":"https:\/\/abrelivros.org.br\/site\/wp-json\/wp\/v2\/posts\/2494","targetHints":{"allow":["GET"]}}],"collection":[{"href":"https:\/\/abrelivros.org.br\/site\/wp-json\/wp\/v2\/posts"}],"about":[{"href":"https:\/\/abrelivros.org.br\/site\/wp-json\/wp\/v2\/types\/post"}],"author":[{"embeddable":true,"href":"https:\/\/abrelivros.org.br\/site\/wp-json\/wp\/v2\/users\/1"}],"replies":[{"embeddable":true,"href":"https:\/\/abrelivros.org.br\/site\/wp-json\/wp\/v2\/comments?post=2494"}],"version-history":[{"count":0,"href":"https:\/\/abrelivros.org.br\/site\/wp-json\/wp\/v2\/posts\/2494\/revisions"}],"wp:attachment":[{"href":"https:\/\/abrelivros.org.br\/site\/wp-json\/wp\/v2\/media?parent=2494"}],"wp:term":[{"taxonomy":"category","embeddable":true,"href":"https:\/\/abrelivros.org.br\/site\/wp-json\/wp\/v2\/categories?post=2494"},{"taxonomy":"post_tag","embeddable":true,"href":"https:\/\/abrelivros.org.br\/site\/wp-json\/wp\/v2\/tags?post=2494"}],"curies":[{"name":"wp","href":"https:\/\/api.w.org\/{rel}","templated":true}]}}