{"id":2493,"date":"2009-01-28T17:08:00","date_gmt":"2009-01-28T19:08:00","guid":{"rendered":"https:\/\/abrelivros.org.br\/site\/2009\/01\/28\/mochila-cheia-bolsos-vazios\/"},"modified":"2009-01-28T17:08:00","modified_gmt":"2009-01-28T19:08:00","slug":"mochila-cheia-bolsos-vazios","status":"publish","type":"post","link":"https:\/\/abrelivros.org.br\/site\/mochila-cheia-bolsos-vazios\/","title":{"rendered":"Mochila cheia, bolsos vazios"},"content":{"rendered":"<p>A empres\u00e1ria Caroline Caldeira Sarno, 37 anos, j\u00e1 temia desembolsar muito dinheiro na volta \u00e0s aulas de seus filhos, Natalia, 13 anos, e Raphael, 9. Em 2008, ela pesquisou quanto custaria o material escolar dos dois. Nas livrarias, gastaria cerca de R$ 2.500.\u00a0<br \/> \u00a0<br \/> Comprando diretamente no Col\u00e9gio Santa Maria, em S\u00e3o Paulo, onde eles estudam, R$ 1.900. Depois de conferir se o desconto continuava valendo a pena este ano, adquiriu os livros did\u00e1ticos na escola por R$ 1.400. \u201cMas os pre\u00e7os ainda s\u00e3o muito altos, n\u00e3o \u00e9 todo pai que tem condi\u00e7\u00f5es de desembolsar R$ 1 mil ou R$ 2 mil de uma vez\u201c, afirma Caroline. \u201cExiste um cartel nos pre\u00e7os de livros nas livrarias, voc\u00ea n\u00e3o acha mais barato.\u201c\u00a0<br \/>  \u00a0<br \/> Embora algumas lojas forne\u00e7am pequenos descontos, o valor dos livros did\u00e1ticos \u00e9 definido pelas editoras, e pode passar de R$ 100. Pesa no bolso da classe m\u00e9dia, sobretudo de quem tem dois filhos ou tr\u00eas. Afinal, sem contabilizar o restante do material escolar, a conta em geral supera o valor da mensalidade escolar. \u00a0<br \/> \u00a0<br \/> Mas o que justifica somas t\u00e3o altas, em obras que, muitas vezes, s\u00e3o usadas apenas por um ano? \u201cO investimento para criar uma cole\u00e7\u00e3o did\u00e1tica \u00e9 bastante pesado e pode chegar a R$ 100 mil por t\u00edtulo\u201c, explica Marcelo Martins, diretor de marketing das editoras \u00c1tica e Scipione.\u00a0<br \/> \u00a0<br \/> De dez anos para c\u00e1, aumentou tamb\u00e9m o n\u00famero de t\u00edtulos dispon\u00edveis no mercado, com tiragens menores, o que encarece o custo. S\u00f3 para se ter uma ideia, a compra total de livros para a rede particular em 2008 foi de 25 milh\u00f5es de unidades, de acordo com a Associa\u00e7\u00e3o Brasileira de Editores de Livros, em compara\u00e7\u00e3o com os 108 milh\u00f5es de livros adquiridos pelo governo federal. O MEC gastou R$ 720 milh\u00f5es nessa compra, o que d\u00e1 uma m\u00e9dia de R$ 6,60 por exemplar, valor muito inferior \u00e0 m\u00e9dia cobrada nas escolas particulares. \u201cPrecisamos ter um cat\u00e1logo extenso, para atender a todos. Algumas escolas procuram os mais baratos\u201c, diz Martins. Ele acredita tamb\u00e9m que os sistemas de ensino, que utilizam apostilas, abocanharam uma parte do mercado.\u00a0<br \/> \u00a0<br \/> A reforma ortogr\u00e1fica \u00e9 outra novidade que pesa no bolso neste in\u00edcio de ano. O consultor Zander Catta Preta costuma comprar o material escolar da filha Catarina, de 11 anos, com anteced\u00eancia. Com as mudan\u00e7as, as compras, de mais de R$ 1 mil, ficaram concentradas. \u201cSempre \u00e9 uma pancada, mas agora foi de uma vez s\u00f3\u201c, diz. Nessa hora, \u00e9 importante contar com o bom senso das escolas, para que fa\u00e7am a adapta\u00e7\u00e3o gradualmente e incentivem a troca de livros entre as s\u00e9ries. \u00a0<br \/> \u00a0<br \/> \u201cPara permitir esse interc\u00e2mbio, existe uma tend\u00eancia de aproveitar a mesma cole\u00e7\u00e3o, enquanto ela atender aos crit\u00e9rios da \u00e1rea\u201c, diz Marta Tereza Duarte Siqueira, orientadora pedag\u00f3gica do Col\u00e9gio Pio XII, em S\u00e3o Paulo.\u00a0<br \/> \u00a0<\/p>\n","protected":false},"excerpt":{"rendered":"<p>A empres\u00e1ria Caroline Caldeira Sarno, 37 anos, j\u00e1 temia desembolsar muito dinheiro na volta \u00e0s aulas de seus filhos, Natalia, 13 anos, e Raphael, 9. Em 2008, ela pesquisou quanto custaria o material escolar dos dois. Nas livrarias, gastaria cerca de R$ 2.500.\u00a0 \u00a0 Comprando diretamente no Col\u00e9gio Santa Maria, em S\u00e3o Paulo, onde eles [&hellip;]<\/p>\n","protected":false},"author":1,"featured_media":0,"comment_status":"closed","ping_status":"closed","sticky":false,"template":"","format":"standard","meta":{"footnotes":"","_links_to":"","_links_to_target":""},"categories":[9],"tags":[],"class_list":["post-2493","post","type-post","status-publish","format-standard","hentry","category-noticias-da-imprensa"],"yoast_head":"<!-- This site is optimized with the Yoast SEO plugin v15.1 - https:\/\/yoast.com\/wordpress\/plugins\/seo\/ -->\n<title>Mochila cheia, bolsos vazios &raquo; Abrelivros<\/title>\n<meta name=\"robots\" content=\"index, follow, max-snippet:-1, max-image-preview:large, max-video-preview:-1\" \/>\n<link rel=\"canonical\" href=\"https:\/\/abrelivros.org.br\/site\/mochila-cheia-bolsos-vazios\/\" \/>\n<meta property=\"og:locale\" content=\"pt_BR\" \/>\n<meta property=\"og:type\" content=\"article\" \/>\n<meta property=\"og:title\" content=\"Mochila cheia, bolsos vazios &raquo; Abrelivros\" \/>\n<meta property=\"og:description\" content=\"A empres\u00e1ria Caroline Caldeira Sarno, 37 anos, j\u00e1 temia desembolsar muito dinheiro na volta \u00e0s aulas de seus filhos, Natalia, 13 anos, e Raphael, 9. Em 2008, ela pesquisou quanto custaria o material escolar dos dois. Nas livrarias, gastaria cerca de R$ 2.500.\u00a0 \u00a0 Comprando diretamente no Col\u00e9gio Santa Maria, em S\u00e3o Paulo, onde eles [&hellip;]\" \/>\n<meta property=\"og:url\" content=\"https:\/\/abrelivros.org.br\/site\/mochila-cheia-bolsos-vazios\/\" \/>\n<meta property=\"og:site_name\" content=\"Abrelivros\" \/>\n<meta property=\"article:published_time\" content=\"2009-01-28T19:08:00+00:00\" \/>\n<meta name=\"twitter:card\" content=\"summary_large_image\" \/>\n<script type=\"application\/ld+json\" class=\"yoast-schema-graph\">{\"@context\":\"https:\/\/schema.org\",\"@graph\":[{\"@type\":\"WebSite\",\"@id\":\"https:\/\/abrelivros.org.br\/site\/#website\",\"url\":\"https:\/\/abrelivros.org.br\/site\/\",\"name\":\"Abrelivros\",\"description\":\"\",\"potentialAction\":[{\"@type\":\"SearchAction\",\"target\":\"https:\/\/abrelivros.org.br\/site\/?s={search_term_string}\",\"query-input\":\"required name=search_term_string\"}],\"inLanguage\":\"pt-BR\"},{\"@type\":\"WebPage\",\"@id\":\"https:\/\/abrelivros.org.br\/site\/mochila-cheia-bolsos-vazios\/#webpage\",\"url\":\"https:\/\/abrelivros.org.br\/site\/mochila-cheia-bolsos-vazios\/\",\"name\":\"Mochila cheia, bolsos vazios &raquo; Abrelivros\",\"isPartOf\":{\"@id\":\"https:\/\/abrelivros.org.br\/site\/#website\"},\"datePublished\":\"2009-01-28T19:08:00+00:00\",\"dateModified\":\"2009-01-28T19:08:00+00:00\",\"author\":{\"@id\":\"https:\/\/abrelivros.org.br\/site\/#\/schema\/person\/2b867f13a717bb230f1a3555505f5593\"},\"breadcrumb\":{\"@id\":\"https:\/\/abrelivros.org.br\/site\/mochila-cheia-bolsos-vazios\/#breadcrumb\"},\"inLanguage\":\"pt-BR\",\"potentialAction\":[{\"@type\":\"ReadAction\",\"target\":[\"https:\/\/abrelivros.org.br\/site\/mochila-cheia-bolsos-vazios\/\"]}]},{\"@type\":\"BreadcrumbList\",\"@id\":\"https:\/\/abrelivros.org.br\/site\/mochila-cheia-bolsos-vazios\/#breadcrumb\",\"itemListElement\":[{\"@type\":\"ListItem\",\"position\":1,\"item\":{\"@type\":\"WebPage\",\"@id\":\"https:\/\/abrelivros.org.br\/site\/\",\"url\":\"https:\/\/abrelivros.org.br\/site\/\",\"name\":\"In\\u00edcio\"}},{\"@type\":\"ListItem\",\"position\":2,\"item\":{\"@type\":\"WebPage\",\"@id\":\"https:\/\/abrelivros.org.br\/site\/category\/noticias\/\",\"url\":\"https:\/\/abrelivros.org.br\/site\/category\/noticias\/\",\"name\":\"Not\\u00edcias\"}},{\"@type\":\"ListItem\",\"position\":3,\"item\":{\"@type\":\"WebPage\",\"@id\":\"https:\/\/abrelivros.org.br\/site\/category\/noticias\/noticias-da-imprensa\/\",\"url\":\"https:\/\/abrelivros.org.br\/site\/category\/noticias\/noticias-da-imprensa\/\",\"name\":\"Not\\u00edcias da imprensa\"}},{\"@type\":\"ListItem\",\"position\":4,\"item\":{\"@type\":\"WebPage\",\"@id\":\"https:\/\/abrelivros.org.br\/site\/mochila-cheia-bolsos-vazios\/\",\"url\":\"https:\/\/abrelivros.org.br\/site\/mochila-cheia-bolsos-vazios\/\",\"name\":\"Mochila cheia, bolsos vazios\"}}]},{\"@type\":\"Person\",\"@id\":\"https:\/\/abrelivros.org.br\/site\/#\/schema\/person\/2b867f13a717bb230f1a3555505f5593\",\"name\":\"\\u00a0\",\"image\":{\"@type\":\"ImageObject\",\"@id\":\"https:\/\/abrelivros.org.br\/site\/#personlogo\",\"inLanguage\":\"pt-BR\",\"url\":\"https:\/\/secure.gravatar.com\/avatar\/e80b7f5231be2fff5040a8023da424898002831c5439420df182ae62676d2a6f?s=96&d=mm&r=g\",\"caption\":\"\\u00a0\"}}]}<\/script>\n<!-- \/ Yoast SEO plugin. -->","_links":{"self":[{"href":"https:\/\/abrelivros.org.br\/site\/wp-json\/wp\/v2\/posts\/2493","targetHints":{"allow":["GET"]}}],"collection":[{"href":"https:\/\/abrelivros.org.br\/site\/wp-json\/wp\/v2\/posts"}],"about":[{"href":"https:\/\/abrelivros.org.br\/site\/wp-json\/wp\/v2\/types\/post"}],"author":[{"embeddable":true,"href":"https:\/\/abrelivros.org.br\/site\/wp-json\/wp\/v2\/users\/1"}],"replies":[{"embeddable":true,"href":"https:\/\/abrelivros.org.br\/site\/wp-json\/wp\/v2\/comments?post=2493"}],"version-history":[{"count":0,"href":"https:\/\/abrelivros.org.br\/site\/wp-json\/wp\/v2\/posts\/2493\/revisions"}],"wp:attachment":[{"href":"https:\/\/abrelivros.org.br\/site\/wp-json\/wp\/v2\/media?parent=2493"}],"wp:term":[{"taxonomy":"category","embeddable":true,"href":"https:\/\/abrelivros.org.br\/site\/wp-json\/wp\/v2\/categories?post=2493"},{"taxonomy":"post_tag","embeddable":true,"href":"https:\/\/abrelivros.org.br\/site\/wp-json\/wp\/v2\/tags?post=2493"}],"curies":[{"name":"wp","href":"https:\/\/api.w.org\/{rel}","templated":true}]}}