{"id":2490,"date":"2009-01-30T15:05:00","date_gmt":"2009-01-30T17:05:00","guid":{"rendered":"https:\/\/abrelivros.org.br\/site\/2009\/01\/30\/mais-obras-literarias-registradas-no-brasil\/"},"modified":"2009-01-30T15:05:00","modified_gmt":"2009-01-30T17:05:00","slug":"mais-obras-literarias-registradas-no-brasil","status":"publish","type":"post","link":"https:\/\/abrelivros.org.br\/site\/mais-obras-literarias-registradas-no-brasil\/","title":{"rendered":"Mais obras liter\u00e1rias registradas no Brasil"},"content":{"rendered":"<p>No momento em que o debate em torno da nova legisla\u00e7\u00e3o sobre os direitos autorais pega fogo, o Escrit\u00f3rio de Direitos Autorais, que funciona na Funda\u00e7\u00e3o Biblioteca Nacional, anuncia: os brasileiros andam escrevendo mais. Ou, pelo menos, est\u00e3o registrando mais o que escrevem. Em 2008, foram registradas nada menos do que 29 mil obras liter\u00e1rias no Brasil \u2013 3 mil a mais do que no ano anterior. A poesia, sozinha, representa mais de um ter\u00e7o da produ\u00e7\u00e3o liter\u00e1ria nacional (10.174 obras in\u00e9ditas). Em seguida, aparece a m\u00fasica.\u00a0<br \/> \u00a0<br \/> S\u00e3o Paulo e Rio de Janeiro s\u00e3o os estados que apresentam a maior produ\u00e7\u00e3o. Somados, representam quase 60% do total.\u00a0<br \/> \u00a0<\/p>\n","protected":false},"excerpt":{"rendered":"<p>No momento em que o debate em torno da nova legisla\u00e7\u00e3o sobre os direitos autorais pega fogo, o Escrit\u00f3rio de Direitos Autorais, que funciona na Funda\u00e7\u00e3o Biblioteca Nacional, anuncia: os brasileiros andam escrevendo mais. Ou, pelo menos, est\u00e3o registrando mais o que escrevem. Em 2008, foram registradas nada menos do que 29 mil obras liter\u00e1rias [&hellip;]<\/p>\n","protected":false},"author":1,"featured_media":0,"comment_status":"closed","ping_status":"closed","sticky":false,"template":"","format":"standard","meta":{"footnotes":"","_links_to":"","_links_to_target":""},"categories":[9],"tags":[],"class_list":["post-2490","post","type-post","status-publish","format-standard","hentry","category-noticias-da-imprensa"],"yoast_head":"<!-- This site is optimized with the Yoast SEO plugin v15.1 - https:\/\/yoast.com\/wordpress\/plugins\/seo\/ -->\n<title>Mais obras liter\u00e1rias registradas no Brasil &raquo; Abrelivros<\/title>\n<meta name=\"robots\" content=\"index, follow, max-snippet:-1, max-image-preview:large, max-video-preview:-1\" \/>\n<link rel=\"canonical\" href=\"https:\/\/abrelivros.org.br\/site\/mais-obras-literarias-registradas-no-brasil\/\" \/>\n<meta property=\"og:locale\" content=\"pt_BR\" \/>\n<meta property=\"og:type\" content=\"article\" \/>\n<meta property=\"og:title\" content=\"Mais obras liter\u00e1rias registradas no Brasil &raquo; Abrelivros\" \/>\n<meta property=\"og:description\" content=\"No momento em que o debate em torno da nova legisla\u00e7\u00e3o sobre os direitos autorais pega fogo, o Escrit\u00f3rio de Direitos Autorais, que funciona na Funda\u00e7\u00e3o Biblioteca Nacional, anuncia: os brasileiros andam escrevendo mais. Ou, pelo menos, est\u00e3o registrando mais o que escrevem. Em 2008, foram registradas nada menos do que 29 mil obras liter\u00e1rias [&hellip;]\" \/>\n<meta property=\"og:url\" content=\"https:\/\/abrelivros.org.br\/site\/mais-obras-literarias-registradas-no-brasil\/\" \/>\n<meta property=\"og:site_name\" content=\"Abrelivros\" \/>\n<meta property=\"article:published_time\" content=\"2009-01-30T17:05:00+00:00\" \/>\n<meta name=\"twitter:card\" content=\"summary_large_image\" \/>\n<script type=\"application\/ld+json\" class=\"yoast-schema-graph\">{\"@context\":\"https:\/\/schema.org\",\"@graph\":[{\"@type\":\"WebSite\",\"@id\":\"https:\/\/abrelivros.org.br\/site\/#website\",\"url\":\"https:\/\/abrelivros.org.br\/site\/\",\"name\":\"Abrelivros\",\"description\":\"\",\"potentialAction\":[{\"@type\":\"SearchAction\",\"target\":\"https:\/\/abrelivros.org.br\/site\/?s={search_term_string}\",\"query-input\":\"required name=search_term_string\"}],\"inLanguage\":\"pt-BR\"},{\"@type\":\"WebPage\",\"@id\":\"https:\/\/abrelivros.org.br\/site\/mais-obras-literarias-registradas-no-brasil\/#webpage\",\"url\":\"https:\/\/abrelivros.org.br\/site\/mais-obras-literarias-registradas-no-brasil\/\",\"name\":\"Mais obras liter\\u00e1rias registradas no Brasil &raquo; Abrelivros\",\"isPartOf\":{\"@id\":\"https:\/\/abrelivros.org.br\/site\/#website\"},\"datePublished\":\"2009-01-30T17:05:00+00:00\",\"dateModified\":\"2009-01-30T17:05:00+00:00\",\"author\":{\"@id\":\"https:\/\/abrelivros.org.br\/site\/#\/schema\/person\/2b867f13a717bb230f1a3555505f5593\"},\"breadcrumb\":{\"@id\":\"https:\/\/abrelivros.org.br\/site\/mais-obras-literarias-registradas-no-brasil\/#breadcrumb\"},\"inLanguage\":\"pt-BR\",\"potentialAction\":[{\"@type\":\"ReadAction\",\"target\":[\"https:\/\/abrelivros.org.br\/site\/mais-obras-literarias-registradas-no-brasil\/\"]}]},{\"@type\":\"BreadcrumbList\",\"@id\":\"https:\/\/abrelivros.org.br\/site\/mais-obras-literarias-registradas-no-brasil\/#breadcrumb\",\"itemListElement\":[{\"@type\":\"ListItem\",\"position\":1,\"item\":{\"@type\":\"WebPage\",\"@id\":\"https:\/\/abrelivros.org.br\/site\/\",\"url\":\"https:\/\/abrelivros.org.br\/site\/\",\"name\":\"In\\u00edcio\"}},{\"@type\":\"ListItem\",\"position\":2,\"item\":{\"@type\":\"WebPage\",\"@id\":\"https:\/\/abrelivros.org.br\/site\/category\/noticias\/\",\"url\":\"https:\/\/abrelivros.org.br\/site\/category\/noticias\/\",\"name\":\"Not\\u00edcias\"}},{\"@type\":\"ListItem\",\"position\":3,\"item\":{\"@type\":\"WebPage\",\"@id\":\"https:\/\/abrelivros.org.br\/site\/category\/noticias\/noticias-da-imprensa\/\",\"url\":\"https:\/\/abrelivros.org.br\/site\/category\/noticias\/noticias-da-imprensa\/\",\"name\":\"Not\\u00edcias da imprensa\"}},{\"@type\":\"ListItem\",\"position\":4,\"item\":{\"@type\":\"WebPage\",\"@id\":\"https:\/\/abrelivros.org.br\/site\/mais-obras-literarias-registradas-no-brasil\/\",\"url\":\"https:\/\/abrelivros.org.br\/site\/mais-obras-literarias-registradas-no-brasil\/\",\"name\":\"Mais obras liter\\u00e1rias registradas no Brasil\"}}]},{\"@type\":\"Person\",\"@id\":\"https:\/\/abrelivros.org.br\/site\/#\/schema\/person\/2b867f13a717bb230f1a3555505f5593\",\"name\":\"\\u00a0\",\"image\":{\"@type\":\"ImageObject\",\"@id\":\"https:\/\/abrelivros.org.br\/site\/#personlogo\",\"inLanguage\":\"pt-BR\",\"url\":\"https:\/\/secure.gravatar.com\/avatar\/e80b7f5231be2fff5040a8023da424898002831c5439420df182ae62676d2a6f?s=96&d=mm&r=g\",\"caption\":\"\\u00a0\"}}]}<\/script>\n<!-- \/ Yoast SEO plugin. -->","_links":{"self":[{"href":"https:\/\/abrelivros.org.br\/site\/wp-json\/wp\/v2\/posts\/2490","targetHints":{"allow":["GET"]}}],"collection":[{"href":"https:\/\/abrelivros.org.br\/site\/wp-json\/wp\/v2\/posts"}],"about":[{"href":"https:\/\/abrelivros.org.br\/site\/wp-json\/wp\/v2\/types\/post"}],"author":[{"embeddable":true,"href":"https:\/\/abrelivros.org.br\/site\/wp-json\/wp\/v2\/users\/1"}],"replies":[{"embeddable":true,"href":"https:\/\/abrelivros.org.br\/site\/wp-json\/wp\/v2\/comments?post=2490"}],"version-history":[{"count":0,"href":"https:\/\/abrelivros.org.br\/site\/wp-json\/wp\/v2\/posts\/2490\/revisions"}],"wp:attachment":[{"href":"https:\/\/abrelivros.org.br\/site\/wp-json\/wp\/v2\/media?parent=2490"}],"wp:term":[{"taxonomy":"category","embeddable":true,"href":"https:\/\/abrelivros.org.br\/site\/wp-json\/wp\/v2\/categories?post=2490"},{"taxonomy":"post_tag","embeddable":true,"href":"https:\/\/abrelivros.org.br\/site\/wp-json\/wp\/v2\/tags?post=2490"}],"curies":[{"name":"wp","href":"https:\/\/api.w.org\/{rel}","templated":true}]}}