{"id":2488,"date":"2009-01-30T16:06:00","date_gmt":"2009-01-30T18:06:00","guid":{"rendered":"https:\/\/abrelivros.org.br\/site\/2009\/01\/30\/correndo-atras-da-reforma-ortografica\/"},"modified":"2009-01-30T16:06:00","modified_gmt":"2009-01-30T18:06:00","slug":"correndo-atras-da-reforma-ortografica","status":"publish","type":"post","link":"https:\/\/abrelivros.org.br\/site\/correndo-atras-da-reforma-ortografica\/","title":{"rendered":"Correndo atr\u00e1s da reforma ortogr\u00e1fica"},"content":{"rendered":"<p>Artigo de primeira necessidade no mercado editorial ap\u00f3s a reforma ortogr\u00e1fica, o novo Vocabul\u00e1rio Ortogr\u00e1fico da L\u00edngua Portuguesa (Volp) deve atrasar. Inicialmente previsto para fevereiro, o lan\u00e7amento da obra, preparada pela Academia Brasileira de Letras (ABL) n\u00e3o sair\u00e1 antes de 15 de mar\u00e7o. &nbsp;<br \/> &nbsp;<br \/> O Volp \u00e9 refer\u00eancia para editoras por ter a grafia considerada formalmente correta de 450 mil palavras do idioma. Sem ele, por exemplo, editoras ser\u00e3o obrigadas a imprimir obras distribu\u00eddas em escolas p\u00fablicas de todo o Pa\u00eds pelo Programa Nacional do Livro Did\u00e1tico (PNLD) do Minist\u00e9rio da Educa\u00e7\u00e3o ainda com d\u00favidas sobre como se escreve algumas palavras.&nbsp;<br \/> &nbsp;<br \/> Preocupadas com os prazos, as editoras fizeram um acordo com o MEC. \u201cNa d\u00favida estamos usando a grafia anterior. Esses livros ser\u00e3o distribu\u00eddos pelo PNLD em 2011. Ainda dentro, portanto, do prazo de vig\u00eancia das duas ortografias (que vai at\u00e9 2012)\u201c, diz Otac\u00edlio Parlaretti, coordenador da equipe de produ\u00e7\u00e3o da Companhia Editora Nacional e da Editora Ibep.&nbsp;<br \/> &nbsp;<br \/> Pelas caracter\u00edsticas dos programas do MEC, os primeiros livros com a nova ortografia v\u00e3o chegar aos estudantes de escolas p\u00fablicas s\u00f3 em 2010. Isso porque as obras s\u00e3o inscritas pelas editoras dois anos antes de sua distribui\u00e7\u00e3o na rede p\u00fablica de educa\u00e7\u00e3o. Quando fazem a inscri\u00e7\u00e3o, as empresas enviam exemplares impressos, repassados pelo MEC a professores de universidades p\u00fablicas respons\u00e1veis pela avalia\u00e7\u00e3o da qualidade das obras. Os livros que ser\u00e3o distribu\u00eddos no in\u00edcio das aulas de 2009 foram produzidos em 2007, ainda com a grafia antiga, mas, segundo o minist\u00e9rio, isso n\u00e3o deve atrapalhar o processo de aprendizagem dos alunos em virtude do prazo de vig\u00eancia das duas ortografias.&nbsp;<br \/> &nbsp;<br \/> O MEC, por\u00e9m, exigiu ainda no ano passado que os livros did\u00e1ticos inscritos no PNLD j\u00e1 estivessem de acordo com a nova ortografia. Com isso, o trabalho de adapta\u00e7\u00e3o das editoras come\u00e7ou no in\u00edcio de 2008. Segundo c\u00e1lculos da C\u00e2mara Brasileira do Livro (CBL), s\u00f3 os processos de refazer a diagrama\u00e7\u00e3o e revis\u00e3o adotados pelas editoras por causa da reforma ortogr\u00e1fica devem consumir cerca de R$ 60 milh\u00f5es. Isso corresponde a 4,3% do faturamento do setor em 2008, que chegou a cerca de R$ 1,4 bilh\u00e3o.&nbsp;<br \/> &nbsp;<br \/> \u201cNo pico do trabalho, cerca de 200 pessoas foram envolvidas na revis\u00e3o dos livros\u201c, conta Marcelo Martins, do Grupo Abril Educa\u00e7\u00e3o, controlador das Editoras \u00c1tica e Scipione. As duas editoras decidiram destruir boa parte do estoque e fazer a migrar para a nova ortografia de quase todo o cat\u00e1logo de livros. \u201cPreferimos pagar um pre\u00e7o alto e dar essa op\u00e7\u00e3o ao nosso cliente\u201c, diz Martins, que n\u00e3o revela n\u00fameros do preju\u00edzo.&nbsp;<br \/> &nbsp;<br \/> Mas, at\u00e9 por conta do per\u00edodo de conviv\u00eancia das duas ortografias, nem todas as editoras inutilizaram estoques. Algumas decidiram fazer a convers\u00e3o para a nova ortografia s\u00f3 \u00e0 medida que os estoques acabarem. \u201cQueimamos algum estoque, mas foi bem pequeno. Perdemos algo em torno de R$ 200 mil com isso. No caso de alguns livros valia a pena fazer a migra\u00e7\u00e3o, mas em outros vamos revisando \u00e0 medida que houver demanda\u201c, diz o diretor editorial da Nacional e da Ibep, Ant\u00f4nio Nicolau Youssef. &nbsp;<br \/> &nbsp;<br \/> Mesmo assim, Youssef estima que o cat\u00e1logo das duas editoras vai estar integralmente adaptado ao novo acordo ortogr\u00e1fico at\u00e9 o fim do ano.&nbsp;<br \/> &nbsp;<\/p>\n","protected":false},"excerpt":{"rendered":"<p>Artigo de primeira necessidade no mercado editorial ap\u00f3s a reforma ortogr\u00e1fica, o novo Vocabul\u00e1rio Ortogr\u00e1fico da L\u00edngua Portuguesa (Volp) deve atrasar. Inicialmente previsto para fevereiro, o lan\u00e7amento da obra, preparada pela Academia Brasileira de Letras (ABL) n\u00e3o sair\u00e1 antes de 15 de mar\u00e7o. &nbsp; &nbsp; O Volp \u00e9 refer\u00eancia para editoras por ter a grafia [&hellip;]<\/p>\n","protected":false},"author":1,"featured_media":0,"comment_status":"closed","ping_status":"closed","sticky":false,"template":"","format":"standard","meta":{"footnotes":"","_links_to":"","_links_to_target":""},"categories":[9],"tags":[],"class_list":["post-2488","post","type-post","status-publish","format-standard","hentry","category-noticias-da-imprensa"],"yoast_head":"<!-- This site is optimized with the Yoast SEO plugin v15.1 - https:\/\/yoast.com\/wordpress\/plugins\/seo\/ -->\n<title>Correndo atr\u00e1s da reforma ortogr\u00e1fica &raquo; Abrelivros<\/title>\n<meta name=\"robots\" content=\"index, follow, max-snippet:-1, max-image-preview:large, max-video-preview:-1\" \/>\n<link rel=\"canonical\" href=\"https:\/\/abrelivros.org.br\/site\/correndo-atras-da-reforma-ortografica\/\" \/>\n<meta property=\"og:locale\" content=\"pt_BR\" \/>\n<meta property=\"og:type\" content=\"article\" \/>\n<meta property=\"og:title\" content=\"Correndo atr\u00e1s da reforma ortogr\u00e1fica &raquo; Abrelivros\" \/>\n<meta property=\"og:description\" content=\"Artigo de primeira necessidade no mercado editorial ap\u00f3s a reforma ortogr\u00e1fica, o novo Vocabul\u00e1rio Ortogr\u00e1fico da L\u00edngua Portuguesa (Volp) deve atrasar. Inicialmente previsto para fevereiro, o lan\u00e7amento da obra, preparada pela Academia Brasileira de Letras (ABL) n\u00e3o sair\u00e1 antes de 15 de mar\u00e7o. &nbsp; &nbsp; O Volp \u00e9 refer\u00eancia para editoras por ter a grafia [&hellip;]\" \/>\n<meta property=\"og:url\" content=\"https:\/\/abrelivros.org.br\/site\/correndo-atras-da-reforma-ortografica\/\" \/>\n<meta property=\"og:site_name\" content=\"Abrelivros\" \/>\n<meta property=\"article:published_time\" content=\"2009-01-30T18:06:00+00:00\" \/>\n<meta name=\"twitter:card\" content=\"summary_large_image\" \/>\n<script type=\"application\/ld+json\" class=\"yoast-schema-graph\">{\"@context\":\"https:\/\/schema.org\",\"@graph\":[{\"@type\":\"WebSite\",\"@id\":\"https:\/\/abrelivros.org.br\/site\/#website\",\"url\":\"https:\/\/abrelivros.org.br\/site\/\",\"name\":\"Abrelivros\",\"description\":\"\",\"potentialAction\":[{\"@type\":\"SearchAction\",\"target\":\"https:\/\/abrelivros.org.br\/site\/?s={search_term_string}\",\"query-input\":\"required name=search_term_string\"}],\"inLanguage\":\"pt-BR\"},{\"@type\":\"WebPage\",\"@id\":\"https:\/\/abrelivros.org.br\/site\/correndo-atras-da-reforma-ortografica\/#webpage\",\"url\":\"https:\/\/abrelivros.org.br\/site\/correndo-atras-da-reforma-ortografica\/\",\"name\":\"Correndo atr\\u00e1s da reforma ortogr\\u00e1fica &raquo; Abrelivros\",\"isPartOf\":{\"@id\":\"https:\/\/abrelivros.org.br\/site\/#website\"},\"datePublished\":\"2009-01-30T18:06:00+00:00\",\"dateModified\":\"2009-01-30T18:06:00+00:00\",\"author\":{\"@id\":\"https:\/\/abrelivros.org.br\/site\/#\/schema\/person\/2b867f13a717bb230f1a3555505f5593\"},\"breadcrumb\":{\"@id\":\"https:\/\/abrelivros.org.br\/site\/correndo-atras-da-reforma-ortografica\/#breadcrumb\"},\"inLanguage\":\"pt-BR\",\"potentialAction\":[{\"@type\":\"ReadAction\",\"target\":[\"https:\/\/abrelivros.org.br\/site\/correndo-atras-da-reforma-ortografica\/\"]}]},{\"@type\":\"BreadcrumbList\",\"@id\":\"https:\/\/abrelivros.org.br\/site\/correndo-atras-da-reforma-ortografica\/#breadcrumb\",\"itemListElement\":[{\"@type\":\"ListItem\",\"position\":1,\"item\":{\"@type\":\"WebPage\",\"@id\":\"https:\/\/abrelivros.org.br\/site\/\",\"url\":\"https:\/\/abrelivros.org.br\/site\/\",\"name\":\"In\\u00edcio\"}},{\"@type\":\"ListItem\",\"position\":2,\"item\":{\"@type\":\"WebPage\",\"@id\":\"https:\/\/abrelivros.org.br\/site\/category\/noticias\/\",\"url\":\"https:\/\/abrelivros.org.br\/site\/category\/noticias\/\",\"name\":\"Not\\u00edcias\"}},{\"@type\":\"ListItem\",\"position\":3,\"item\":{\"@type\":\"WebPage\",\"@id\":\"https:\/\/abrelivros.org.br\/site\/category\/noticias\/noticias-da-imprensa\/\",\"url\":\"https:\/\/abrelivros.org.br\/site\/category\/noticias\/noticias-da-imprensa\/\",\"name\":\"Not\\u00edcias da imprensa\"}},{\"@type\":\"ListItem\",\"position\":4,\"item\":{\"@type\":\"WebPage\",\"@id\":\"https:\/\/abrelivros.org.br\/site\/correndo-atras-da-reforma-ortografica\/\",\"url\":\"https:\/\/abrelivros.org.br\/site\/correndo-atras-da-reforma-ortografica\/\",\"name\":\"Correndo atr\\u00e1s da reforma ortogr\\u00e1fica\"}}]},{\"@type\":\"Person\",\"@id\":\"https:\/\/abrelivros.org.br\/site\/#\/schema\/person\/2b867f13a717bb230f1a3555505f5593\",\"name\":\"\\u00a0\",\"image\":{\"@type\":\"ImageObject\",\"@id\":\"https:\/\/abrelivros.org.br\/site\/#personlogo\",\"inLanguage\":\"pt-BR\",\"url\":\"https:\/\/secure.gravatar.com\/avatar\/e80b7f5231be2fff5040a8023da424898002831c5439420df182ae62676d2a6f?s=96&d=mm&r=g\",\"caption\":\"\\u00a0\"}}]}<\/script>\n<!-- \/ Yoast SEO plugin. -->","_links":{"self":[{"href":"https:\/\/abrelivros.org.br\/site\/wp-json\/wp\/v2\/posts\/2488","targetHints":{"allow":["GET"]}}],"collection":[{"href":"https:\/\/abrelivros.org.br\/site\/wp-json\/wp\/v2\/posts"}],"about":[{"href":"https:\/\/abrelivros.org.br\/site\/wp-json\/wp\/v2\/types\/post"}],"author":[{"embeddable":true,"href":"https:\/\/abrelivros.org.br\/site\/wp-json\/wp\/v2\/users\/1"}],"replies":[{"embeddable":true,"href":"https:\/\/abrelivros.org.br\/site\/wp-json\/wp\/v2\/comments?post=2488"}],"version-history":[{"count":0,"href":"https:\/\/abrelivros.org.br\/site\/wp-json\/wp\/v2\/posts\/2488\/revisions"}],"wp:attachment":[{"href":"https:\/\/abrelivros.org.br\/site\/wp-json\/wp\/v2\/media?parent=2488"}],"wp:term":[{"taxonomy":"category","embeddable":true,"href":"https:\/\/abrelivros.org.br\/site\/wp-json\/wp\/v2\/categories?post=2488"},{"taxonomy":"post_tag","embeddable":true,"href":"https:\/\/abrelivros.org.br\/site\/wp-json\/wp\/v2\/tags?post=2488"}],"curies":[{"name":"wp","href":"https:\/\/api.w.org\/{rel}","templated":true}]}}