{"id":2487,"date":"2009-01-30T16:09:00","date_gmt":"2009-01-30T18:09:00","guid":{"rendered":"https:\/\/abrelivros.org.br\/site\/2009\/01\/30\/editoras-atualizam-dicionarios-visando-aumento-de-demanda\/"},"modified":"2009-01-30T16:09:00","modified_gmt":"2009-01-30T18:09:00","slug":"editoras-atualizam-dicionarios-visando-aumento-de-demanda","status":"publish","type":"post","link":"https:\/\/abrelivros.org.br\/site\/editoras-atualizam-dicionarios-visando-aumento-de-demanda\/","title":{"rendered":"Editoras atualizam dicion\u00e1rios visando aumento de demanda"},"content":{"rendered":"<p>A estrat\u00e9gia das editoras de adaptar aos poucos os livros did\u00e1ticos \u00e0 nova ortografia n\u00e3o se repetiu no caso dos dicion\u00e1rios. Grandes empresas correram e lan\u00e7aram pelo menos nove t\u00edtulos no mercado, apostando no aumento da procura. \u00a0<br \/> \u00a0<br \/> A Abrelivros estima que a reforma ortogr\u00e1fica provocar\u00e1 um crescimento de vendas de, no m\u00ednimo, 300 mil exemplares em rela\u00e7\u00e3o a 2008 &#8211; quando foram vendidos 1,2 milh\u00e3o de dicion\u00e1rios no Pa\u00eds.\u00a0<br \/> \u00a0<br \/> A Objetiva gastou R$ 400 mil e cinco meses de trabalho para atualizar o Minidicion\u00e1rio Houaiss. A Editora Positivo lan\u00e7ou a 7\u00aa edi\u00e7\u00e3o do Mini Aur\u00e9lio e dois novos produtos: o Aur\u00e9lio Ilustrado e a Palavrinha Viva, ambos para crian\u00e7as em fase de alfabetiza\u00e7\u00e3o.\u00a0<br \/> \u00a0<br \/> A vers\u00e3o mais completa dos dicion\u00e1rios da Objetiva e da Positivo, o Aureli\u00e3o e o Houaiss, ambos com quase 400 mil verbetes e locu\u00e7\u00f5es, est\u00e1 em fase de atualiza\u00e7\u00e3o. \u201c\u00c9 um trabalho muito cuidadoso\u201c, diz o diretor da Positivo, Emerson Santos. \u201cN\u00e3o \u00e9 somente corrigir as entradas. O dicion\u00e1rio tem textos para explicar o significado de outras palavras que tamb\u00e9m precisam ser corrigidos.\u201c O Aur\u00e9lio deve estar at\u00e9 junho nas livrarias. A vers\u00e3o do dicion\u00e1rio para computador deve ser lan\u00e7ada simultaneamente.\u00a0<br \/> \u00a0<br \/> Na Objetiva, o clima \u00e9 de mist\u00e9rio. Diretor da editora, Roberto Feith n\u00e3o revela quando o Houaiss estar\u00e1 nas livrarias. Diz apenas que o maior concorrente do Aureli\u00e3o ter\u00e1 duas novas vers\u00f5es adaptadas ao longo do ano. \u201cO cronograma de publica\u00e7\u00e3o das vers\u00f5es adaptadas \u00e9 confidencial.\u201c\u00a0<br \/> \u00a0<br \/> A Companhia Editora Nacional tamb\u00e9m investiu no segmento, com o Dicion\u00e1rio da Academia Brasileira de Letras e o Dicion\u00e1rio Escolar da L\u00edngua Portuguesa, do veterano professor Domingos Paschoal Cegalla. \u201cS\u00f3 do dicion\u00e1rio da ABL n\u00f3s esperamos vender 50 mil exemplares este ano\u201c, diz Youssef.\u00a0<\/p>\n<p><\/p>\n","protected":false},"excerpt":{"rendered":"<p>A estrat\u00e9gia das editoras de adaptar aos poucos os livros did\u00e1ticos \u00e0 nova ortografia n\u00e3o se repetiu no caso dos dicion\u00e1rios. Grandes empresas correram e lan\u00e7aram pelo menos nove t\u00edtulos no mercado, apostando no aumento da procura. \u00a0 \u00a0 A Abrelivros estima que a reforma ortogr\u00e1fica provocar\u00e1 um crescimento de vendas de, no m\u00ednimo, 300 [&hellip;]<\/p>\n","protected":false},"author":1,"featured_media":0,"comment_status":"closed","ping_status":"closed","sticky":false,"template":"","format":"standard","meta":{"footnotes":"","_links_to":"","_links_to_target":""},"categories":[9],"tags":[],"class_list":["post-2487","post","type-post","status-publish","format-standard","hentry","category-noticias-da-imprensa"],"yoast_head":"<!-- This site is optimized with the Yoast SEO plugin v15.1 - https:\/\/yoast.com\/wordpress\/plugins\/seo\/ -->\n<title>Editoras atualizam dicion\u00e1rios visando aumento de demanda &raquo; Abrelivros<\/title>\n<meta name=\"robots\" content=\"index, follow, max-snippet:-1, max-image-preview:large, max-video-preview:-1\" \/>\n<link rel=\"canonical\" href=\"https:\/\/abrelivros.org.br\/site\/editoras-atualizam-dicionarios-visando-aumento-de-demanda\/\" \/>\n<meta property=\"og:locale\" content=\"pt_BR\" \/>\n<meta property=\"og:type\" content=\"article\" \/>\n<meta property=\"og:title\" content=\"Editoras atualizam dicion\u00e1rios visando aumento de demanda &raquo; Abrelivros\" \/>\n<meta property=\"og:description\" content=\"A estrat\u00e9gia das editoras de adaptar aos poucos os livros did\u00e1ticos \u00e0 nova ortografia n\u00e3o se repetiu no caso dos dicion\u00e1rios. Grandes empresas correram e lan\u00e7aram pelo menos nove t\u00edtulos no mercado, apostando no aumento da procura. \u00a0 \u00a0 A Abrelivros estima que a reforma ortogr\u00e1fica provocar\u00e1 um crescimento de vendas de, no m\u00ednimo, 300 [&hellip;]\" \/>\n<meta property=\"og:url\" content=\"https:\/\/abrelivros.org.br\/site\/editoras-atualizam-dicionarios-visando-aumento-de-demanda\/\" \/>\n<meta property=\"og:site_name\" content=\"Abrelivros\" \/>\n<meta property=\"article:published_time\" content=\"2009-01-30T18:09:00+00:00\" \/>\n<meta name=\"twitter:card\" content=\"summary_large_image\" \/>\n<script type=\"application\/ld+json\" class=\"yoast-schema-graph\">{\"@context\":\"https:\/\/schema.org\",\"@graph\":[{\"@type\":\"WebSite\",\"@id\":\"https:\/\/abrelivros.org.br\/site\/#website\",\"url\":\"https:\/\/abrelivros.org.br\/site\/\",\"name\":\"Abrelivros\",\"description\":\"\",\"potentialAction\":[{\"@type\":\"SearchAction\",\"target\":\"https:\/\/abrelivros.org.br\/site\/?s={search_term_string}\",\"query-input\":\"required name=search_term_string\"}],\"inLanguage\":\"pt-BR\"},{\"@type\":\"WebPage\",\"@id\":\"https:\/\/abrelivros.org.br\/site\/editoras-atualizam-dicionarios-visando-aumento-de-demanda\/#webpage\",\"url\":\"https:\/\/abrelivros.org.br\/site\/editoras-atualizam-dicionarios-visando-aumento-de-demanda\/\",\"name\":\"Editoras atualizam dicion\\u00e1rios visando aumento de demanda &raquo; Abrelivros\",\"isPartOf\":{\"@id\":\"https:\/\/abrelivros.org.br\/site\/#website\"},\"datePublished\":\"2009-01-30T18:09:00+00:00\",\"dateModified\":\"2009-01-30T18:09:00+00:00\",\"author\":{\"@id\":\"https:\/\/abrelivros.org.br\/site\/#\/schema\/person\/2b867f13a717bb230f1a3555505f5593\"},\"breadcrumb\":{\"@id\":\"https:\/\/abrelivros.org.br\/site\/editoras-atualizam-dicionarios-visando-aumento-de-demanda\/#breadcrumb\"},\"inLanguage\":\"pt-BR\",\"potentialAction\":[{\"@type\":\"ReadAction\",\"target\":[\"https:\/\/abrelivros.org.br\/site\/editoras-atualizam-dicionarios-visando-aumento-de-demanda\/\"]}]},{\"@type\":\"BreadcrumbList\",\"@id\":\"https:\/\/abrelivros.org.br\/site\/editoras-atualizam-dicionarios-visando-aumento-de-demanda\/#breadcrumb\",\"itemListElement\":[{\"@type\":\"ListItem\",\"position\":1,\"item\":{\"@type\":\"WebPage\",\"@id\":\"https:\/\/abrelivros.org.br\/site\/\",\"url\":\"https:\/\/abrelivros.org.br\/site\/\",\"name\":\"In\\u00edcio\"}},{\"@type\":\"ListItem\",\"position\":2,\"item\":{\"@type\":\"WebPage\",\"@id\":\"https:\/\/abrelivros.org.br\/site\/category\/noticias\/\",\"url\":\"https:\/\/abrelivros.org.br\/site\/category\/noticias\/\",\"name\":\"Not\\u00edcias\"}},{\"@type\":\"ListItem\",\"position\":3,\"item\":{\"@type\":\"WebPage\",\"@id\":\"https:\/\/abrelivros.org.br\/site\/category\/noticias\/noticias-da-imprensa\/\",\"url\":\"https:\/\/abrelivros.org.br\/site\/category\/noticias\/noticias-da-imprensa\/\",\"name\":\"Not\\u00edcias da imprensa\"}},{\"@type\":\"ListItem\",\"position\":4,\"item\":{\"@type\":\"WebPage\",\"@id\":\"https:\/\/abrelivros.org.br\/site\/editoras-atualizam-dicionarios-visando-aumento-de-demanda\/\",\"url\":\"https:\/\/abrelivros.org.br\/site\/editoras-atualizam-dicionarios-visando-aumento-de-demanda\/\",\"name\":\"Editoras atualizam dicion\\u00e1rios visando aumento de demanda\"}}]},{\"@type\":\"Person\",\"@id\":\"https:\/\/abrelivros.org.br\/site\/#\/schema\/person\/2b867f13a717bb230f1a3555505f5593\",\"name\":\"\\u00a0\",\"image\":{\"@type\":\"ImageObject\",\"@id\":\"https:\/\/abrelivros.org.br\/site\/#personlogo\",\"inLanguage\":\"pt-BR\",\"url\":\"https:\/\/secure.gravatar.com\/avatar\/e80b7f5231be2fff5040a8023da424898002831c5439420df182ae62676d2a6f?s=96&d=mm&r=g\",\"caption\":\"\\u00a0\"}}]}<\/script>\n<!-- \/ Yoast SEO plugin. -->","_links":{"self":[{"href":"https:\/\/abrelivros.org.br\/site\/wp-json\/wp\/v2\/posts\/2487","targetHints":{"allow":["GET"]}}],"collection":[{"href":"https:\/\/abrelivros.org.br\/site\/wp-json\/wp\/v2\/posts"}],"about":[{"href":"https:\/\/abrelivros.org.br\/site\/wp-json\/wp\/v2\/types\/post"}],"author":[{"embeddable":true,"href":"https:\/\/abrelivros.org.br\/site\/wp-json\/wp\/v2\/users\/1"}],"replies":[{"embeddable":true,"href":"https:\/\/abrelivros.org.br\/site\/wp-json\/wp\/v2\/comments?post=2487"}],"version-history":[{"count":0,"href":"https:\/\/abrelivros.org.br\/site\/wp-json\/wp\/v2\/posts\/2487\/revisions"}],"wp:attachment":[{"href":"https:\/\/abrelivros.org.br\/site\/wp-json\/wp\/v2\/media?parent=2487"}],"wp:term":[{"taxonomy":"category","embeddable":true,"href":"https:\/\/abrelivros.org.br\/site\/wp-json\/wp\/v2\/categories?post=2487"},{"taxonomy":"post_tag","embeddable":true,"href":"https:\/\/abrelivros.org.br\/site\/wp-json\/wp\/v2\/tags?post=2487"}],"curies":[{"name":"wp","href":"https:\/\/api.w.org\/{rel}","templated":true}]}}