{"id":2486,"date":"2009-02-02T14:41:00","date_gmt":"2009-02-02T16:41:00","guid":{"rendered":"https:\/\/abrelivros.org.br\/site\/2009\/02\/02\/no-escritorio-de-monteiro-lobato\/"},"modified":"2009-02-02T14:41:00","modified_gmt":"2009-02-02T16:41:00","slug":"no-escritorio-de-monteiro-lobato","status":"publish","type":"post","link":"https:\/\/abrelivros.org.br\/site\/no-escritorio-de-monteiro-lobato\/","title":{"rendered":"No escrit\u00f3rio de Monteiro Lobato"},"content":{"rendered":"<p>A fim de analisar sob m\u00faltiplos aspectos a obra liter\u00e1ria de Monteiro Lobato (1882-1948), um grupo de pesquisadores mergulhou durante quatro anos no acervo documental deixado pelo escritor.\u00a0<br \/> \u00a0<br \/> O projeto forneceu elementos para uma reflex\u00e3o in\u00e9dita sobre o processo criativo, a linguagem, as ilustra\u00e7\u00f5es e os conceitos editoriais de Lobato, possibilitando uma releitura completa de toda a sua obra infantil.\u00a0<br \/> \u00a0<br \/> Os resultados da pesquisa chegam agora ao p\u00fablico com a publica\u00e7\u00e3o da colet\u00e2nea Monteiro Lobato, livro a livro: Obra infantil. O livro foi organizado por Marisa Lajolo, professora da Universidade Estadual de Campinas (Unicamp) e da Universidade Mackenzie e secret\u00e1ria da Educa\u00e7\u00e3o de Atibaia (SP), e por Jo\u00e3o Lu\u00eds Ceccantini, professor da Faculdade de Ci\u00eancias e Letras da Universidade Estadual Paulista (Unesp), em Assis (SP).\u00a0<br \/> \u00a0<br \/> O estudo, que envolveu mais de 15 pesquisadores, foi um Projeto Tem\u00e1tico apoiado pela FAPESP sob coordena\u00e7\u00e3o por Marisa, que \u00e9 autora de Monteiro Lobato: um brasileiro sob medida (2000) e outros livros sobre o escritor paulista.<br \/> \u00a0<br \/> Uma das constata\u00e7\u00f5es feitas a partir da pesquisa, segundo Marisa, \u00e9 que o processo de produ\u00e7\u00e3o liter\u00e1ria de Lobato se baseava em reescrever constantemente as obras, trabalhando o texto arduamente.\u00a0<br \/> \u00a0<br \/> \u201cLobato reescreveu suas obras at\u00e9 o fim da vida. A an\u00e1lise de seu processo de produ\u00e7\u00e3o liquida a id\u00e9ia de que a reda\u00e7\u00e3o de um livro tem um fim definido. Ele nos ensina que, quando acabamos de escrever um livro, ele est\u00e1 apenas pronto para ser reescrito. Isso enfraquece muito a id\u00e9ia da inspira\u00e7\u00e3o e traz a produ\u00e7\u00e3o liter\u00e1ria para uma base extremamente material\u201d, disse Marisa \u00e0 Ag\u00eancia FAPESP.<br \/> \u00a0<br \/> O projeto teve in\u00edcio a partir de uma farta documenta\u00e7\u00e3o doada \u00e0 Unicamp pela fam\u00edlia de Lobato. S\u00e3o quase 2 mil itens que pertenceram ao autor, incluindo fotos, desenhos, livros, cartas e documentos editoriais e escolares.\u00a0<br \/> \u00a0<br \/> \u201cEsse material resultou em uma dezena de estudos de mestrado e doutorado, que levaram ao projeto do livro. A obra \u00e9 extremamente inovadora, porque aborda Monteiro Lobato por meio de cada uma de suas obras e revela seu processo de produ\u00e7\u00e3o liter\u00e1ria\u201d, disse Marisa.\u00a0<br \/> \u00a0<br \/> Em cada cap\u00edtulo do livro, um pesquisador analisa um livro infantil de Lobato. H\u00e1 ainda cap\u00edtulos exclusivamente dedicados \u00e0 linguagem, \u00e0 ilustra\u00e7\u00e3o e \u00e0 intensa atividade de Lobato como editor.\u00a0<br \/> \u00a0<br \/> \u201cO incr\u00edvel senso de modernidade do autor e sua preocupa\u00e7\u00e3o com as quest\u00f5es sociais \u00e9 o que chama a aten\u00e7\u00e3o de modo geral em todas as an\u00e1lises. Toda a literatura dele \u00e9 comprometida tanto com a modernidade cultural como com a melhora da qualidade de vida da popula\u00e7\u00e3o brasileira\u201d, ressaltou. \u00a0<br \/> \u00a0<br \/><B> Making of dos livros\u00a0<br \/> \u00a0<br \/><\/B> O livro \u00e9 destinado a diferentes p\u00fablicos. \u201cPelo tipo de informa\u00e7\u00e3o que traz , ele ser\u00e1 muito \u00fatil para aqueles que desejam seguir a carreira liter\u00e1ria. O livro funciona como uma verdadeira visita ao escrit\u00f3rio de Lobato. \u00c9 uma esp\u00e9cie de \u2018making of\u2019 de seus livros\u201d, disse Marisa.\u00a0<br \/> \u00a0<br \/> Outro p\u00fablico-alvo s\u00e3o os leitores de Lobato. \u201cO livro resgata as lembran\u00e7as de inf\u00e2ncia de v\u00e1rias gera\u00e7\u00f5es. Notamos que a rea\u00e7\u00e3o do p\u00fablico \u00e9 de encantamento, principalmente ao rever as ilustra\u00e7\u00f5es que estavam presentes nas primeiras edi\u00e7\u00f5es de seus livros\u201d, afirmou.\u00a0<br \/> \u00a0<br \/> A obra ser\u00e1 tamb\u00e9m \u00fatil \u00e0s escolas. \u201c\u00c9 uma oportunidade para que os professores mostrem em sala de aula tanto os procedimentos modernos de sua obra como seu trabalho de reescritura sucessiva, que desmistifica a id\u00e9ia de que para escrever \u00e9 preciso ter algum tipo de inspira\u00e7\u00e3o ou talento nato\u201d, afirmou.\u00a0<br \/> \u00a0<br \/> Marisa afirma que o livro \u00e9 tamb\u00e9m um ponto de partida para novas pesquisas. \u201cO livro poder\u00e1 mudar o patamar dos estudos sobre Monteiro Lobato. Vamos parar de dizer que ele \u00e9 \u00f3timo e finalmente discutir as raz\u00f5es pelas quais ele \u00e9 \u00f3timo. O livro \u00e9 uma grande cole\u00e7\u00e3o de sugest\u00f5es de pesquisas\u201d, disse.\u00a0<br \/> \u00a0<br \/> A professora destaca que os direitos autorais do livro pertencem \u00e0 Unicamp. \u201cAchamos importante que os lucros fossem revertidos \u00e0 institui\u00e7\u00e3o p\u00fablica que tem o \u00f4nus da guarda do acervo do autor\u201d, disse.\u00a0<br \/> \u00a0<br \/> Marisa defende que os documentos sob a guarda de institui\u00e7\u00f5es p\u00fablicas possam ser acessados pelo p\u00fablico sem qualquer restri\u00e7\u00e3o. \u201cA Unicamp tem se empenhado muito nesse sentido, garantindo total acesso dessa documenta\u00e7\u00e3o. Afinal, a guarda do acervo de Lobato onera a institui\u00e7\u00e3o p\u00fablica e \u00e9 um patrim\u00f4nio cultural coletivo que precisa ser divulgado\u201d, afirmou.\u00a0<br \/> \u00a0<br \/> Grande parte dos documentos do acervo de Monteiro Lobato est\u00e1 dispon\u00edvel desde 2007 no site <a href=\"http:\/\/www.unicamp.br\/iel\/monteirolobato\/\" target=\"_blank\" rel=\"noopener noreferrer\">www.unicamp.br\/iel\/monteirolobato<\/a>.\u00a0<br \/> \u00a0<\/p>\n<p><\/p>\n","protected":false},"excerpt":{"rendered":"<p>A fim de analisar sob m\u00faltiplos aspectos a obra liter\u00e1ria de Monteiro Lobato (1882-1948), um grupo de pesquisadores mergulhou durante quatro anos no acervo documental deixado pelo escritor.\u00a0 \u00a0 O projeto forneceu elementos para uma reflex\u00e3o in\u00e9dita sobre o processo criativo, a linguagem, as ilustra\u00e7\u00f5es e os conceitos editoriais de Lobato, possibilitando uma releitura completa [&hellip;]<\/p>\n","protected":false},"author":1,"featured_media":0,"comment_status":"closed","ping_status":"closed","sticky":false,"template":"","format":"standard","meta":{"footnotes":"","_links_to":"","_links_to_target":""},"categories":[9],"tags":[],"class_list":["post-2486","post","type-post","status-publish","format-standard","hentry","category-noticias-da-imprensa"],"yoast_head":"<!-- This site is optimized with the Yoast SEO plugin v15.1 - https:\/\/yoast.com\/wordpress\/plugins\/seo\/ -->\n<title>No escrit\u00f3rio de Monteiro Lobato &raquo; Abrelivros<\/title>\n<meta name=\"robots\" content=\"index, follow, max-snippet:-1, max-image-preview:large, max-video-preview:-1\" \/>\n<link rel=\"canonical\" href=\"https:\/\/abrelivros.org.br\/site\/no-escritorio-de-monteiro-lobato\/\" \/>\n<meta property=\"og:locale\" content=\"pt_BR\" \/>\n<meta property=\"og:type\" content=\"article\" \/>\n<meta property=\"og:title\" content=\"No escrit\u00f3rio de Monteiro Lobato &raquo; Abrelivros\" \/>\n<meta property=\"og:description\" content=\"A fim de analisar sob m\u00faltiplos aspectos a obra liter\u00e1ria de Monteiro Lobato (1882-1948), um grupo de pesquisadores mergulhou durante quatro anos no acervo documental deixado pelo escritor.\u00a0 \u00a0 O projeto forneceu elementos para uma reflex\u00e3o in\u00e9dita sobre o processo criativo, a linguagem, as ilustra\u00e7\u00f5es e os conceitos editoriais de Lobato, possibilitando uma releitura completa [&hellip;]\" \/>\n<meta property=\"og:url\" content=\"https:\/\/abrelivros.org.br\/site\/no-escritorio-de-monteiro-lobato\/\" \/>\n<meta property=\"og:site_name\" content=\"Abrelivros\" \/>\n<meta property=\"article:published_time\" content=\"2009-02-02T16:41:00+00:00\" \/>\n<meta name=\"twitter:card\" content=\"summary_large_image\" \/>\n<script type=\"application\/ld+json\" class=\"yoast-schema-graph\">{\"@context\":\"https:\/\/schema.org\",\"@graph\":[{\"@type\":\"WebSite\",\"@id\":\"https:\/\/abrelivros.org.br\/site\/#website\",\"url\":\"https:\/\/abrelivros.org.br\/site\/\",\"name\":\"Abrelivros\",\"description\":\"\",\"potentialAction\":[{\"@type\":\"SearchAction\",\"target\":\"https:\/\/abrelivros.org.br\/site\/?s={search_term_string}\",\"query-input\":\"required name=search_term_string\"}],\"inLanguage\":\"pt-BR\"},{\"@type\":\"WebPage\",\"@id\":\"https:\/\/abrelivros.org.br\/site\/no-escritorio-de-monteiro-lobato\/#webpage\",\"url\":\"https:\/\/abrelivros.org.br\/site\/no-escritorio-de-monteiro-lobato\/\",\"name\":\"No escrit\\u00f3rio de Monteiro Lobato &raquo; Abrelivros\",\"isPartOf\":{\"@id\":\"https:\/\/abrelivros.org.br\/site\/#website\"},\"datePublished\":\"2009-02-02T16:41:00+00:00\",\"dateModified\":\"2009-02-02T16:41:00+00:00\",\"author\":{\"@id\":\"https:\/\/abrelivros.org.br\/site\/#\/schema\/person\/2b867f13a717bb230f1a3555505f5593\"},\"breadcrumb\":{\"@id\":\"https:\/\/abrelivros.org.br\/site\/no-escritorio-de-monteiro-lobato\/#breadcrumb\"},\"inLanguage\":\"pt-BR\",\"potentialAction\":[{\"@type\":\"ReadAction\",\"target\":[\"https:\/\/abrelivros.org.br\/site\/no-escritorio-de-monteiro-lobato\/\"]}]},{\"@type\":\"BreadcrumbList\",\"@id\":\"https:\/\/abrelivros.org.br\/site\/no-escritorio-de-monteiro-lobato\/#breadcrumb\",\"itemListElement\":[{\"@type\":\"ListItem\",\"position\":1,\"item\":{\"@type\":\"WebPage\",\"@id\":\"https:\/\/abrelivros.org.br\/site\/\",\"url\":\"https:\/\/abrelivros.org.br\/site\/\",\"name\":\"In\\u00edcio\"}},{\"@type\":\"ListItem\",\"position\":2,\"item\":{\"@type\":\"WebPage\",\"@id\":\"https:\/\/abrelivros.org.br\/site\/category\/noticias\/\",\"url\":\"https:\/\/abrelivros.org.br\/site\/category\/noticias\/\",\"name\":\"Not\\u00edcias\"}},{\"@type\":\"ListItem\",\"position\":3,\"item\":{\"@type\":\"WebPage\",\"@id\":\"https:\/\/abrelivros.org.br\/site\/category\/noticias\/noticias-da-imprensa\/\",\"url\":\"https:\/\/abrelivros.org.br\/site\/category\/noticias\/noticias-da-imprensa\/\",\"name\":\"Not\\u00edcias da imprensa\"}},{\"@type\":\"ListItem\",\"position\":4,\"item\":{\"@type\":\"WebPage\",\"@id\":\"https:\/\/abrelivros.org.br\/site\/no-escritorio-de-monteiro-lobato\/\",\"url\":\"https:\/\/abrelivros.org.br\/site\/no-escritorio-de-monteiro-lobato\/\",\"name\":\"No escrit\\u00f3rio de Monteiro Lobato\"}}]},{\"@type\":\"Person\",\"@id\":\"https:\/\/abrelivros.org.br\/site\/#\/schema\/person\/2b867f13a717bb230f1a3555505f5593\",\"name\":\"\\u00a0\",\"image\":{\"@type\":\"ImageObject\",\"@id\":\"https:\/\/abrelivros.org.br\/site\/#personlogo\",\"inLanguage\":\"pt-BR\",\"url\":\"https:\/\/secure.gravatar.com\/avatar\/e80b7f5231be2fff5040a8023da424898002831c5439420df182ae62676d2a6f?s=96&d=mm&r=g\",\"caption\":\"\\u00a0\"}}]}<\/script>\n<!-- \/ Yoast SEO plugin. -->","_links":{"self":[{"href":"https:\/\/abrelivros.org.br\/site\/wp-json\/wp\/v2\/posts\/2486","targetHints":{"allow":["GET"]}}],"collection":[{"href":"https:\/\/abrelivros.org.br\/site\/wp-json\/wp\/v2\/posts"}],"about":[{"href":"https:\/\/abrelivros.org.br\/site\/wp-json\/wp\/v2\/types\/post"}],"author":[{"embeddable":true,"href":"https:\/\/abrelivros.org.br\/site\/wp-json\/wp\/v2\/users\/1"}],"replies":[{"embeddable":true,"href":"https:\/\/abrelivros.org.br\/site\/wp-json\/wp\/v2\/comments?post=2486"}],"version-history":[{"count":0,"href":"https:\/\/abrelivros.org.br\/site\/wp-json\/wp\/v2\/posts\/2486\/revisions"}],"wp:attachment":[{"href":"https:\/\/abrelivros.org.br\/site\/wp-json\/wp\/v2\/media?parent=2486"}],"wp:term":[{"taxonomy":"category","embeddable":true,"href":"https:\/\/abrelivros.org.br\/site\/wp-json\/wp\/v2\/categories?post=2486"},{"taxonomy":"post_tag","embeddable":true,"href":"https:\/\/abrelivros.org.br\/site\/wp-json\/wp\/v2\/tags?post=2486"}],"curies":[{"name":"wp","href":"https:\/\/api.w.org\/{rel}","templated":true}]}}