{"id":2485,"date":"2009-02-02T14:55:00","date_gmt":"2009-02-02T16:55:00","guid":{"rendered":"https:\/\/abrelivros.org.br\/site\/2009\/02\/02\/pesquisa-estuda-devolucao-de-livro-didatico\/"},"modified":"2009-02-02T14:55:00","modified_gmt":"2009-02-02T16:55:00","slug":"pesquisa-estuda-devolucao-de-livro-didatico","status":"publish","type":"post","link":"https:\/\/abrelivros.org.br\/site\/pesquisa-estuda-devolucao-de-livro-didatico\/","title":{"rendered":"Pesquisa estuda devolu\u00e7\u00e3o de livro did\u00e1tico"},"content":{"rendered":"<p>Respons\u00e1vel pelos programas nacionais de livros did\u00e1ticos, o Fundo Nacional de Desenvolvimento da Educa\u00e7\u00e3o (FNDE) promover\u00e1, este ano, uma pesquisa sobre a devolu\u00e7\u00e3o dos exemplares. O levantamento ser\u00e1 feito em parceria com as secretarias estaduais de educa\u00e7\u00e3o e pretende descobrir qual o percentual de obras devolvidas em cada escola federal, estadual e municipal e as condi\u00e7\u00f5es de uso desses livros. \u00a0<br \/> \u00a0<br \/> \u201cCom a pesquisa, vamos descobrir, por exemplo, em qual etapa as perdas est\u00e3o maiores, se nos primeiros ou \u00faltimos anos do ensino fundamental ou se no ensino m\u00e9dio\u201d, afirma a coordenadora geral dos programas do livro do FNDE, Sonia Schwartz. \u201cDe posse desses dados, poderemos direcionar e intensificar as campanhas de conscientiza\u00e7\u00e3o sobre a import\u00e2ncia da conserva\u00e7\u00e3o e da devolu\u00e7\u00e3o do livro did\u00e1tico.\u201d \u00a0<br \/> \u00a0<br \/> Na pr\u00f3xima ter\u00e7a-feira, dia 3, o FNDE realizar\u00e1 preg\u00e3o eletr\u00f4nico para contrata\u00e7\u00e3o de empresa especializada na elabora\u00e7\u00e3o de projeto \u2013 contendo metodologia, informa\u00e7\u00f5es sobre aspectos t\u00e9cnicos e operacionais e demais informa\u00e7\u00f5es e instrumentos necess\u00e1rios \u2013 para realiza\u00e7\u00e3o de pesquisa sobre devolu\u00e7\u00e3o do livro did\u00e1tico para o Programa Nacional do Livro Did\u00e1tico \u2013 PNLD e o Programa Nacional do Livro para o Ensino M\u00e9dio \u2013 PNLEM, com defini\u00e7\u00e3o de amostra, elabora\u00e7\u00e3o de instrumentos de levantamento de informa\u00e7\u00f5es e capacita\u00e7\u00e3o da equipe t\u00e9cnica do FNDE e seus parceiros para aplica\u00e7\u00e3o da pesquisa nos anos seguintes. \u00a0<br \/> \u00a0<br \/> Tr\u00eas anos \u2013 Confeccionado com uma estrutura f\u00edsica resistente e diferenciada d os livros escolares comerciais, cada volume do Programa Nacional do Livro Did\u00e1tico e do Programa Nacional do Livro Did\u00e1tico para o Ensino M\u00e9dio tem durabilidade prevista de tr\u00eas anos. Ou seja, deve ser utilizado por tr\u00eas estudantes por tr\u00eas anos consecutivos. \u00a0<br \/> \u00a0<br \/> Atualmente, a reposi\u00e7\u00e3o anual feita com base numa pesquisa realizada em 2000 pela Universidade Federal do Cear\u00e1 (UFC). Na \u00e9poca, foram definidos \u00edndices de recoloca\u00e7\u00e3o para cada regi\u00e3o: Norte, 16,5%; Nordeste, 14,9%; Centro-Oeste, 12,1%; Sudeste, 11,4%, e Sul, 7,2%. Com o novo levantamento, esses \u00edndices ser\u00e3o atualizados, o que possibilitar\u00e1 menor margem de erro nas reposi\u00e7\u00f5es. \u00a0<br \/> \u00a0<br \/> A partir de agora, a pesquisa ser\u00e1 feita anualmente para evitar excesso ou falta de livros nas escolas p\u00fablicas e otimizar os recursos dos programas. \u00a0<br \/> \u00a0<br \/> Mais informa\u00e7\u00f5es sobre o preg\u00e3o eletr\u00f4nico em <a href=\"http:\/\/www.fnde.gov.br\/\" target=\"_blank\" rel=\"noopener noreferrer\">www.fnde.gov.br<\/a> e <a href=\"http:\/\/www.comprasnet.gov.br\/\" target=\"_blank\" rel=\"noopener noreferrer\">www.comprasnet.gov.br<\/a>. \u00a0<\/p>\n","protected":false},"excerpt":{"rendered":"<p>Respons\u00e1vel pelos programas nacionais de livros did\u00e1ticos, o Fundo Nacional de Desenvolvimento da Educa\u00e7\u00e3o (FNDE) promover\u00e1, este ano, uma pesquisa sobre a devolu\u00e7\u00e3o dos exemplares. O levantamento ser\u00e1 feito em parceria com as secretarias estaduais de educa\u00e7\u00e3o e pretende descobrir qual o percentual de obras devolvidas em cada escola federal, estadual e municipal e as [&hellip;]<\/p>\n","protected":false},"author":1,"featured_media":0,"comment_status":"closed","ping_status":"closed","sticky":false,"template":"","format":"standard","meta":{"footnotes":"","_links_to":"","_links_to_target":""},"categories":[9],"tags":[],"class_list":["post-2485","post","type-post","status-publish","format-standard","hentry","category-noticias-da-imprensa"],"yoast_head":"<!-- This site is optimized with the Yoast SEO plugin v15.1 - https:\/\/yoast.com\/wordpress\/plugins\/seo\/ -->\n<title>Pesquisa estuda devolu\u00e7\u00e3o de livro did\u00e1tico &raquo; Abrelivros<\/title>\n<meta name=\"robots\" content=\"index, follow, max-snippet:-1, max-image-preview:large, max-video-preview:-1\" \/>\n<link rel=\"canonical\" href=\"https:\/\/abrelivros.org.br\/site\/pesquisa-estuda-devolucao-de-livro-didatico\/\" \/>\n<meta property=\"og:locale\" content=\"pt_BR\" \/>\n<meta property=\"og:type\" content=\"article\" \/>\n<meta property=\"og:title\" content=\"Pesquisa estuda devolu\u00e7\u00e3o de livro did\u00e1tico &raquo; Abrelivros\" \/>\n<meta property=\"og:description\" content=\"Respons\u00e1vel pelos programas nacionais de livros did\u00e1ticos, o Fundo Nacional de Desenvolvimento da Educa\u00e7\u00e3o (FNDE) promover\u00e1, este ano, uma pesquisa sobre a devolu\u00e7\u00e3o dos exemplares. O levantamento ser\u00e1 feito em parceria com as secretarias estaduais de educa\u00e7\u00e3o e pretende descobrir qual o percentual de obras devolvidas em cada escola federal, estadual e municipal e as [&hellip;]\" \/>\n<meta property=\"og:url\" content=\"https:\/\/abrelivros.org.br\/site\/pesquisa-estuda-devolucao-de-livro-didatico\/\" \/>\n<meta property=\"og:site_name\" content=\"Abrelivros\" \/>\n<meta property=\"article:published_time\" content=\"2009-02-02T16:55:00+00:00\" \/>\n<meta name=\"twitter:card\" content=\"summary_large_image\" \/>\n<script type=\"application\/ld+json\" class=\"yoast-schema-graph\">{\"@context\":\"https:\/\/schema.org\",\"@graph\":[{\"@type\":\"WebSite\",\"@id\":\"https:\/\/abrelivros.org.br\/site\/#website\",\"url\":\"https:\/\/abrelivros.org.br\/site\/\",\"name\":\"Abrelivros\",\"description\":\"\",\"potentialAction\":[{\"@type\":\"SearchAction\",\"target\":\"https:\/\/abrelivros.org.br\/site\/?s={search_term_string}\",\"query-input\":\"required name=search_term_string\"}],\"inLanguage\":\"pt-BR\"},{\"@type\":\"WebPage\",\"@id\":\"https:\/\/abrelivros.org.br\/site\/pesquisa-estuda-devolucao-de-livro-didatico\/#webpage\",\"url\":\"https:\/\/abrelivros.org.br\/site\/pesquisa-estuda-devolucao-de-livro-didatico\/\",\"name\":\"Pesquisa estuda devolu\\u00e7\\u00e3o de livro did\\u00e1tico &raquo; Abrelivros\",\"isPartOf\":{\"@id\":\"https:\/\/abrelivros.org.br\/site\/#website\"},\"datePublished\":\"2009-02-02T16:55:00+00:00\",\"dateModified\":\"2009-02-02T16:55:00+00:00\",\"author\":{\"@id\":\"https:\/\/abrelivros.org.br\/site\/#\/schema\/person\/2b867f13a717bb230f1a3555505f5593\"},\"breadcrumb\":{\"@id\":\"https:\/\/abrelivros.org.br\/site\/pesquisa-estuda-devolucao-de-livro-didatico\/#breadcrumb\"},\"inLanguage\":\"pt-BR\",\"potentialAction\":[{\"@type\":\"ReadAction\",\"target\":[\"https:\/\/abrelivros.org.br\/site\/pesquisa-estuda-devolucao-de-livro-didatico\/\"]}]},{\"@type\":\"BreadcrumbList\",\"@id\":\"https:\/\/abrelivros.org.br\/site\/pesquisa-estuda-devolucao-de-livro-didatico\/#breadcrumb\",\"itemListElement\":[{\"@type\":\"ListItem\",\"position\":1,\"item\":{\"@type\":\"WebPage\",\"@id\":\"https:\/\/abrelivros.org.br\/site\/\",\"url\":\"https:\/\/abrelivros.org.br\/site\/\",\"name\":\"In\\u00edcio\"}},{\"@type\":\"ListItem\",\"position\":2,\"item\":{\"@type\":\"WebPage\",\"@id\":\"https:\/\/abrelivros.org.br\/site\/category\/noticias\/\",\"url\":\"https:\/\/abrelivros.org.br\/site\/category\/noticias\/\",\"name\":\"Not\\u00edcias\"}},{\"@type\":\"ListItem\",\"position\":3,\"item\":{\"@type\":\"WebPage\",\"@id\":\"https:\/\/abrelivros.org.br\/site\/category\/noticias\/noticias-da-imprensa\/\",\"url\":\"https:\/\/abrelivros.org.br\/site\/category\/noticias\/noticias-da-imprensa\/\",\"name\":\"Not\\u00edcias da imprensa\"}},{\"@type\":\"ListItem\",\"position\":4,\"item\":{\"@type\":\"WebPage\",\"@id\":\"https:\/\/abrelivros.org.br\/site\/pesquisa-estuda-devolucao-de-livro-didatico\/\",\"url\":\"https:\/\/abrelivros.org.br\/site\/pesquisa-estuda-devolucao-de-livro-didatico\/\",\"name\":\"Pesquisa estuda devolu\\u00e7\\u00e3o de livro did\\u00e1tico\"}}]},{\"@type\":\"Person\",\"@id\":\"https:\/\/abrelivros.org.br\/site\/#\/schema\/person\/2b867f13a717bb230f1a3555505f5593\",\"name\":\"\\u00a0\",\"image\":{\"@type\":\"ImageObject\",\"@id\":\"https:\/\/abrelivros.org.br\/site\/#personlogo\",\"inLanguage\":\"pt-BR\",\"url\":\"https:\/\/secure.gravatar.com\/avatar\/e80b7f5231be2fff5040a8023da424898002831c5439420df182ae62676d2a6f?s=96&d=mm&r=g\",\"caption\":\"\\u00a0\"}}]}<\/script>\n<!-- \/ Yoast SEO plugin. -->","_links":{"self":[{"href":"https:\/\/abrelivros.org.br\/site\/wp-json\/wp\/v2\/posts\/2485","targetHints":{"allow":["GET"]}}],"collection":[{"href":"https:\/\/abrelivros.org.br\/site\/wp-json\/wp\/v2\/posts"}],"about":[{"href":"https:\/\/abrelivros.org.br\/site\/wp-json\/wp\/v2\/types\/post"}],"author":[{"embeddable":true,"href":"https:\/\/abrelivros.org.br\/site\/wp-json\/wp\/v2\/users\/1"}],"replies":[{"embeddable":true,"href":"https:\/\/abrelivros.org.br\/site\/wp-json\/wp\/v2\/comments?post=2485"}],"version-history":[{"count":0,"href":"https:\/\/abrelivros.org.br\/site\/wp-json\/wp\/v2\/posts\/2485\/revisions"}],"wp:attachment":[{"href":"https:\/\/abrelivros.org.br\/site\/wp-json\/wp\/v2\/media?parent=2485"}],"wp:term":[{"taxonomy":"category","embeddable":true,"href":"https:\/\/abrelivros.org.br\/site\/wp-json\/wp\/v2\/categories?post=2485"},{"taxonomy":"post_tag","embeddable":true,"href":"https:\/\/abrelivros.org.br\/site\/wp-json\/wp\/v2\/tags?post=2485"}],"curies":[{"name":"wp","href":"https:\/\/api.w.org\/{rel}","templated":true}]}}