{"id":2482,"date":"2009-02-03T15:22:00","date_gmt":"2009-02-03T17:22:00","guid":{"rendered":"https:\/\/abrelivros.org.br\/site\/2009\/02\/03\/brasil-sai-na-frente-com-o-volp-diz-presidente-de-comissao-do-mec\/"},"modified":"2009-02-03T15:22:00","modified_gmt":"2009-02-03T17:22:00","slug":"brasil-sai-na-frente-com-o-volp-diz-presidente-de-comissao-do-mec","status":"publish","type":"post","link":"https:\/\/abrelivros.org.br\/site\/brasil-sai-na-frente-com-o-volp-diz-presidente-de-comissao-do-mec\/","title":{"rendered":"Brasil sai na frente com o Volp, diz presidente de comiss\u00e3o do MEC"},"content":{"rendered":"<p>Godofredo de Oliveira Neto, presidente da Colip (Comiss\u00e3o da L\u00edngua Portuguesa), \u00f3rg\u00e3o ligado ao MEC (Minist\u00e9rio da Educa\u00e7\u00e3o) que prop\u00f4s medidas e prazos para a implanta\u00e7\u00e3o do novo acordo ortogr\u00e1fico no Brasil, ainda n\u00e3o teve de encarar grafias como \u201cheroico\u201c e \u201cmagoo\u201c. \u00a0<br \/> \u00a0<br \/> De f\u00e9rias, o presidente do Conselho Cient\u00edfico do IILP (Instituto Internacional de L\u00edngua Portuguesa), entidade da CPLP (Comunidade dos Pa\u00edses de L\u00edngua Portuguesa), acha que ter\u00e1 algum problema com a escrita sem acento de ditongos abertos como os de \u2019ideia\u2019 e \u2019assembleia\u2019, mas acredita que a import\u00e2ncia pol\u00edtica do acordo e da iniciativa brasileira para a sua implanta\u00e7\u00e3o \u00e9 maior do que os pequenos desconfortos da grafia.\u00a0<br \/> \u00a0<br \/> Oliveira Neto concorda sobretudo com a iniciativa da ABL (Academia Brasileira de Letras) de publicar um Volp (Vocabul\u00e1rio Ortogr\u00e1fico da L\u00edngua Portuguesa) brasileiro, antes de um documento unificado.\u00a0<br \/> \u00a0<br \/> O acordo prev\u00ea a reda\u00e7\u00e3o de um vocabul\u00e1rio ortogr\u00e1fico comum a todos os pa\u00edses lus\u00f3fonos. Por\u00e9m a ABL promete lan\u00e7ar ainda neste m\u00eas uma vers\u00e3o nacional, com solu\u00e7\u00f5es de grafia para casos n\u00e3o solucionados claramente pela reforma ortogr\u00e1fica. \u00a0<br \/> \u00a0<br \/> \u201c\u00c9 uma iniciativa brasileira, para aplicar no Brasil. Num encontro maior, dos oito pa\u00edses da CPLP [Angola, Brasil, Cabo Verde, Guin\u00e9-Bissau, Mo\u00e7ambique, Portugal, S\u00e3o Tom\u00e9 e Pr\u00edncipe e Timor-Leste], o Brasil vai lan\u00e7ar a sua proposta. N\u00e3o pode simplesmente ficar esperando. Sen\u00e3o ficaria um v\u00e1cuo\u201c, diz. \u00a0<br \/> \u00a0<br \/> Ent\u00e3o o Volp nacional pode virar a base &#8212; ou mesmo a \u00edntegra &#8212; do vocabul\u00e1rio unificado? O pesquisador e tamb\u00e9m romancista diz que, sim, h\u00e1 essa possibilidade, apesar de Portugal j\u00e1 ter demonstrado diverg\u00eancia em quest\u00f5es do uso do h\u00edfen.\u00a0<br \/> \u00a0<br \/> Por enquanto, as medidas para a escrita do vocabul\u00e1rio unificado n\u00e3o sa\u00edram da gaveta. Em uma reuni\u00e3o ocorrida em novembro de 2008 entre os ministros da Cultura e da Educa\u00e7\u00e3o dos pa\u00edses da CPLP, foi elaborada uma proposta de formar uma comiss\u00e3o para a reda\u00e7\u00e3o da lista de palavras, mas sem prazo para isso. \u00a0<br \/> \u00a0<br \/> Para Oliveira Neto, a import\u00e2ncia do acordo fica ressaltada, se o olharmos pela perspectiva da pol\u00edtica global de blocos. \u201cA cria\u00e7\u00e3o de um bloco lus\u00f3fano mais forte s\u00f3 traz vantagens. Um texto brasileiro que traduza uma descoberta cient\u00edfica poder\u00e1 ser usado em mais sete pa\u00edses. Isso o torna algo internacional.\u201c \u00a0<br \/> \u00a0<\/p>\n","protected":false},"excerpt":{"rendered":"<p>Godofredo de Oliveira Neto, presidente da Colip (Comiss\u00e3o da L\u00edngua Portuguesa), \u00f3rg\u00e3o ligado ao MEC (Minist\u00e9rio da Educa\u00e7\u00e3o) que prop\u00f4s medidas e prazos para a implanta\u00e7\u00e3o do novo acordo ortogr\u00e1fico no Brasil, ainda n\u00e3o teve de encarar grafias como \u201cheroico\u201c e \u201cmagoo\u201c. \u00a0 \u00a0 De f\u00e9rias, o presidente do Conselho Cient\u00edfico do IILP (Instituto Internacional [&hellip;]<\/p>\n","protected":false},"author":1,"featured_media":0,"comment_status":"closed","ping_status":"closed","sticky":false,"template":"","format":"standard","meta":{"footnotes":"","_links_to":"","_links_to_target":""},"categories":[9],"tags":[],"class_list":["post-2482","post","type-post","status-publish","format-standard","hentry","category-noticias-da-imprensa"],"yoast_head":"<!-- This site is optimized with the Yoast SEO plugin v15.1 - https:\/\/yoast.com\/wordpress\/plugins\/seo\/ -->\n<title>Brasil sai na frente com o Volp, diz presidente de comiss\u00e3o do MEC &raquo; Abrelivros<\/title>\n<meta name=\"robots\" content=\"index, follow, max-snippet:-1, max-image-preview:large, max-video-preview:-1\" \/>\n<link rel=\"canonical\" href=\"https:\/\/abrelivros.org.br\/site\/brasil-sai-na-frente-com-o-volp-diz-presidente-de-comissao-do-mec\/\" \/>\n<meta property=\"og:locale\" content=\"pt_BR\" \/>\n<meta property=\"og:type\" content=\"article\" \/>\n<meta property=\"og:title\" content=\"Brasil sai na frente com o Volp, diz presidente de comiss\u00e3o do MEC &raquo; Abrelivros\" \/>\n<meta property=\"og:description\" content=\"Godofredo de Oliveira Neto, presidente da Colip (Comiss\u00e3o da L\u00edngua Portuguesa), \u00f3rg\u00e3o ligado ao MEC (Minist\u00e9rio da Educa\u00e7\u00e3o) que prop\u00f4s medidas e prazos para a implanta\u00e7\u00e3o do novo acordo ortogr\u00e1fico no Brasil, ainda n\u00e3o teve de encarar grafias como \u201cheroico\u201c e \u201cmagoo\u201c. \u00a0 \u00a0 De f\u00e9rias, o presidente do Conselho Cient\u00edfico do IILP (Instituto Internacional [&hellip;]\" \/>\n<meta property=\"og:url\" content=\"https:\/\/abrelivros.org.br\/site\/brasil-sai-na-frente-com-o-volp-diz-presidente-de-comissao-do-mec\/\" \/>\n<meta property=\"og:site_name\" content=\"Abrelivros\" \/>\n<meta property=\"article:published_time\" content=\"2009-02-03T17:22:00+00:00\" \/>\n<meta name=\"twitter:card\" content=\"summary_large_image\" \/>\n<script type=\"application\/ld+json\" class=\"yoast-schema-graph\">{\"@context\":\"https:\/\/schema.org\",\"@graph\":[{\"@type\":\"WebSite\",\"@id\":\"https:\/\/abrelivros.org.br\/site\/#website\",\"url\":\"https:\/\/abrelivros.org.br\/site\/\",\"name\":\"Abrelivros\",\"description\":\"\",\"potentialAction\":[{\"@type\":\"SearchAction\",\"target\":\"https:\/\/abrelivros.org.br\/site\/?s={search_term_string}\",\"query-input\":\"required name=search_term_string\"}],\"inLanguage\":\"pt-BR\"},{\"@type\":\"WebPage\",\"@id\":\"https:\/\/abrelivros.org.br\/site\/brasil-sai-na-frente-com-o-volp-diz-presidente-de-comissao-do-mec\/#webpage\",\"url\":\"https:\/\/abrelivros.org.br\/site\/brasil-sai-na-frente-com-o-volp-diz-presidente-de-comissao-do-mec\/\",\"name\":\"Brasil sai na frente com o Volp, diz presidente de comiss\\u00e3o do MEC &raquo; Abrelivros\",\"isPartOf\":{\"@id\":\"https:\/\/abrelivros.org.br\/site\/#website\"},\"datePublished\":\"2009-02-03T17:22:00+00:00\",\"dateModified\":\"2009-02-03T17:22:00+00:00\",\"author\":{\"@id\":\"https:\/\/abrelivros.org.br\/site\/#\/schema\/person\/2b867f13a717bb230f1a3555505f5593\"},\"breadcrumb\":{\"@id\":\"https:\/\/abrelivros.org.br\/site\/brasil-sai-na-frente-com-o-volp-diz-presidente-de-comissao-do-mec\/#breadcrumb\"},\"inLanguage\":\"pt-BR\",\"potentialAction\":[{\"@type\":\"ReadAction\",\"target\":[\"https:\/\/abrelivros.org.br\/site\/brasil-sai-na-frente-com-o-volp-diz-presidente-de-comissao-do-mec\/\"]}]},{\"@type\":\"BreadcrumbList\",\"@id\":\"https:\/\/abrelivros.org.br\/site\/brasil-sai-na-frente-com-o-volp-diz-presidente-de-comissao-do-mec\/#breadcrumb\",\"itemListElement\":[{\"@type\":\"ListItem\",\"position\":1,\"item\":{\"@type\":\"WebPage\",\"@id\":\"https:\/\/abrelivros.org.br\/site\/\",\"url\":\"https:\/\/abrelivros.org.br\/site\/\",\"name\":\"In\\u00edcio\"}},{\"@type\":\"ListItem\",\"position\":2,\"item\":{\"@type\":\"WebPage\",\"@id\":\"https:\/\/abrelivros.org.br\/site\/category\/noticias\/\",\"url\":\"https:\/\/abrelivros.org.br\/site\/category\/noticias\/\",\"name\":\"Not\\u00edcias\"}},{\"@type\":\"ListItem\",\"position\":3,\"item\":{\"@type\":\"WebPage\",\"@id\":\"https:\/\/abrelivros.org.br\/site\/category\/noticias\/noticias-da-imprensa\/\",\"url\":\"https:\/\/abrelivros.org.br\/site\/category\/noticias\/noticias-da-imprensa\/\",\"name\":\"Not\\u00edcias da imprensa\"}},{\"@type\":\"ListItem\",\"position\":4,\"item\":{\"@type\":\"WebPage\",\"@id\":\"https:\/\/abrelivros.org.br\/site\/brasil-sai-na-frente-com-o-volp-diz-presidente-de-comissao-do-mec\/\",\"url\":\"https:\/\/abrelivros.org.br\/site\/brasil-sai-na-frente-com-o-volp-diz-presidente-de-comissao-do-mec\/\",\"name\":\"Brasil sai na frente com o Volp, diz presidente de comiss\\u00e3o do MEC\"}}]},{\"@type\":\"Person\",\"@id\":\"https:\/\/abrelivros.org.br\/site\/#\/schema\/person\/2b867f13a717bb230f1a3555505f5593\",\"name\":\"\\u00a0\",\"image\":{\"@type\":\"ImageObject\",\"@id\":\"https:\/\/abrelivros.org.br\/site\/#personlogo\",\"inLanguage\":\"pt-BR\",\"url\":\"https:\/\/secure.gravatar.com\/avatar\/e80b7f5231be2fff5040a8023da424898002831c5439420df182ae62676d2a6f?s=96&d=mm&r=g\",\"caption\":\"\\u00a0\"}}]}<\/script>\n<!-- \/ Yoast SEO plugin. -->","_links":{"self":[{"href":"https:\/\/abrelivros.org.br\/site\/wp-json\/wp\/v2\/posts\/2482","targetHints":{"allow":["GET"]}}],"collection":[{"href":"https:\/\/abrelivros.org.br\/site\/wp-json\/wp\/v2\/posts"}],"about":[{"href":"https:\/\/abrelivros.org.br\/site\/wp-json\/wp\/v2\/types\/post"}],"author":[{"embeddable":true,"href":"https:\/\/abrelivros.org.br\/site\/wp-json\/wp\/v2\/users\/1"}],"replies":[{"embeddable":true,"href":"https:\/\/abrelivros.org.br\/site\/wp-json\/wp\/v2\/comments?post=2482"}],"version-history":[{"count":0,"href":"https:\/\/abrelivros.org.br\/site\/wp-json\/wp\/v2\/posts\/2482\/revisions"}],"wp:attachment":[{"href":"https:\/\/abrelivros.org.br\/site\/wp-json\/wp\/v2\/media?parent=2482"}],"wp:term":[{"taxonomy":"category","embeddable":true,"href":"https:\/\/abrelivros.org.br\/site\/wp-json\/wp\/v2\/categories?post=2482"},{"taxonomy":"post_tag","embeddable":true,"href":"https:\/\/abrelivros.org.br\/site\/wp-json\/wp\/v2\/tags?post=2482"}],"curies":[{"name":"wp","href":"https:\/\/api.w.org\/{rel}","templated":true}]}}