{"id":2481,"date":"2009-02-09T16:18:00","date_gmt":"2009-02-09T18:18:00","guid":{"rendered":"https:\/\/abrelivros.org.br\/site\/2009\/02\/09\/fim-da-dru-financia-ensino-obrigatorio\/"},"modified":"2009-02-09T16:18:00","modified_gmt":"2009-02-09T18:18:00","slug":"fim-da-dru-financia-ensino-obrigatorio","status":"publish","type":"post","link":"https:\/\/abrelivros.org.br\/site\/fim-da-dru-financia-ensino-obrigatorio\/","title":{"rendered":"Fim da DRU financia ensino obrigat\u00f3rio"},"content":{"rendered":"<p>O ministro da Educa\u00e7\u00e3o, Fernando Haddad, anunciou na manh\u00e3 desta segunda-feira, dia 9, em S\u00e3o Paulo que a obrigatoriedade do ensino dos quatro aos 17 anos ser\u00e1 financiada com os recursos provenientes do fim da desvincula\u00e7\u00e3o de receitas da uni\u00e3o (DRU) para a educa\u00e7\u00e3o. Haddad falou \u00e0 R\u00e1dio Jovem Pan depois de acertar com a \u00e1rea econ\u00f4mica o fim do dispositivo constitucional, que tirou 20% dos recursos da educa\u00e7\u00e3o nos \u00faltimos dez anos \u2014 cerca de R$ 7 bilh\u00f5es por ano. \u00a0<br \/> \u00a0<br \/> Para Haddad, o financiamento ser\u00e1 poss\u00edvel com a combina\u00e7\u00e3o entre o fim da DRU e um componente demogr\u00e1fico que deve ter in\u00edcio este ano \u2014 o n\u00famero de jovens na popula\u00e7\u00e3o deve cair em n\u00fameros absolutos, n\u00e3o mais apenas proporcionalmente, em rela\u00e7\u00e3o \u00e0 percentagem da popula\u00e7\u00e3o.\u00a0<br \/> \u00a0<br \/> O presidente da Rep\u00fablica, Luiz In\u00e1cio Lula da Silva, aprovou na \u00faltima semana a apresenta\u00e7\u00e3o do projeto da obrigatoriedade do ensino dos quatro aos 17 anos ao Congresso Nacional \u2014 deve ocorrer por meio de emenda \u00e0 Constitui\u00e7\u00e3o \u2014, depois de analisar nota t\u00e9cnica apresentada pelo ministro. A partir de quarta-feira, dia 11, Haddad deve iniciar consultas \u00e0s lideran\u00e7as do Congresso sobre o melhor formato de apresenta\u00e7\u00e3o do projeto. \u201cTemos de pensar juntos se \u00e9 melhor oferecer uma s\u00f3 proposta de emenda \u00e0 Constitui\u00e7\u00e3o ou se \u00e9 melhor dividi-la em dois projetos e envi\u00e1-los separadamente\u201d, afirmou o ministro. \u201cToda a base do governo, e eu diria at\u00e9 da oposi\u00e7\u00e3o, deve ajudar na aprova\u00e7\u00e3o. A melhoria da qualidade da educa\u00e7\u00e3o no pa\u00eds \u00e9 uma preocupa\u00e7\u00e3o pluripartid\u00e1ria.\u201d\u00a0<br \/> \u00a0<br \/> Haddad lembrou que o fim da DRU para a educa\u00e7\u00e3o j\u00e1 foi aprovado no Senado Federal. Falta apenas passar pela C\u00e2mara dos Deputados. \u00a0<br \/> \u00a0<br \/><B> Supervis\u00e3o<\/B> \u2014 O ministro anunciou tamb\u00e9m o fim da autonomia, para abertura de cursos e turmas, das universidades e centros universit\u00e1rios que n\u00e3o cumprirem as prerrogativas legais sobre o n\u00famero de doutores e mestres integrantes do corpo docente. \u201cO censo da educa\u00e7\u00e3o superior \u00e9 um instrumento completo, que traz detalhes sobre o corpo docente, como nome e titula\u00e7\u00e3o. Usaremos essas informa\u00e7\u00f5es para controlar constantemente a qualidade do corpo docente, N\u00e3o adianta tamb\u00e9m contratar e demitir em seguida\u201d, avisou Haddad. \u00a0<br \/> \u00a0<br \/> O ministro lembrou ainda que os processo de supervis\u00e3o em cursos superiores est\u00e3o em andamento. \u201cApenas em direito, mais de 25 mil vagas j\u00e1 foram fechadas. Nas \u00faltimas semanas, com a conclus\u00e3o da supervis\u00e3o em cursos de medicina, presidida pelo ex-ministro Adib Jatene, cancelamos vestibulares de tr\u00eas institui\u00e7\u00f5es no Rio de Janeiro\u201d, observou. \u201cS\u00e3o medidas moralizadoras, que criar\u00e3o um paradigma, com marcos legais que beneficiar\u00e3o todas as \u00e1reas do conhecimento.\u201d\u00a0<br \/> \u00a0<br \/> \u00a0<\/p>\n","protected":false},"excerpt":{"rendered":"<p>O ministro da Educa\u00e7\u00e3o, Fernando Haddad, anunciou na manh\u00e3 desta segunda-feira, dia 9, em S\u00e3o Paulo que a obrigatoriedade do ensino dos quatro aos 17 anos ser\u00e1 financiada com os recursos provenientes do fim da desvincula\u00e7\u00e3o de receitas da uni\u00e3o (DRU) para a educa\u00e7\u00e3o. Haddad falou \u00e0 R\u00e1dio Jovem Pan depois de acertar com a [&hellip;]<\/p>\n","protected":false},"author":1,"featured_media":0,"comment_status":"closed","ping_status":"closed","sticky":false,"template":"","format":"standard","meta":{"footnotes":"","_links_to":"","_links_to_target":""},"categories":[9],"tags":[],"class_list":["post-2481","post","type-post","status-publish","format-standard","hentry","category-noticias-da-imprensa"],"yoast_head":"<!-- This site is optimized with the Yoast SEO plugin v15.1 - https:\/\/yoast.com\/wordpress\/plugins\/seo\/ -->\n<title>Fim da DRU financia ensino obrigat\u00f3rio &raquo; Abrelivros<\/title>\n<meta name=\"robots\" content=\"index, follow, max-snippet:-1, max-image-preview:large, max-video-preview:-1\" \/>\n<link rel=\"canonical\" href=\"https:\/\/abrelivros.org.br\/site\/fim-da-dru-financia-ensino-obrigatorio\/\" \/>\n<meta property=\"og:locale\" content=\"pt_BR\" \/>\n<meta property=\"og:type\" content=\"article\" \/>\n<meta property=\"og:title\" content=\"Fim da DRU financia ensino obrigat\u00f3rio &raquo; Abrelivros\" \/>\n<meta property=\"og:description\" content=\"O ministro da Educa\u00e7\u00e3o, Fernando Haddad, anunciou na manh\u00e3 desta segunda-feira, dia 9, em S\u00e3o Paulo que a obrigatoriedade do ensino dos quatro aos 17 anos ser\u00e1 financiada com os recursos provenientes do fim da desvincula\u00e7\u00e3o de receitas da uni\u00e3o (DRU) para a educa\u00e7\u00e3o. Haddad falou \u00e0 R\u00e1dio Jovem Pan depois de acertar com a [&hellip;]\" \/>\n<meta property=\"og:url\" content=\"https:\/\/abrelivros.org.br\/site\/fim-da-dru-financia-ensino-obrigatorio\/\" \/>\n<meta property=\"og:site_name\" content=\"Abrelivros\" \/>\n<meta property=\"article:published_time\" content=\"2009-02-09T18:18:00+00:00\" \/>\n<meta name=\"twitter:card\" content=\"summary_large_image\" \/>\n<script type=\"application\/ld+json\" class=\"yoast-schema-graph\">{\"@context\":\"https:\/\/schema.org\",\"@graph\":[{\"@type\":\"WebSite\",\"@id\":\"https:\/\/abrelivros.org.br\/site\/#website\",\"url\":\"https:\/\/abrelivros.org.br\/site\/\",\"name\":\"Abrelivros\",\"description\":\"\",\"potentialAction\":[{\"@type\":\"SearchAction\",\"target\":\"https:\/\/abrelivros.org.br\/site\/?s={search_term_string}\",\"query-input\":\"required name=search_term_string\"}],\"inLanguage\":\"pt-BR\"},{\"@type\":\"WebPage\",\"@id\":\"https:\/\/abrelivros.org.br\/site\/fim-da-dru-financia-ensino-obrigatorio\/#webpage\",\"url\":\"https:\/\/abrelivros.org.br\/site\/fim-da-dru-financia-ensino-obrigatorio\/\",\"name\":\"Fim da DRU financia ensino obrigat\\u00f3rio &raquo; Abrelivros\",\"isPartOf\":{\"@id\":\"https:\/\/abrelivros.org.br\/site\/#website\"},\"datePublished\":\"2009-02-09T18:18:00+00:00\",\"dateModified\":\"2009-02-09T18:18:00+00:00\",\"author\":{\"@id\":\"https:\/\/abrelivros.org.br\/site\/#\/schema\/person\/2b867f13a717bb230f1a3555505f5593\"},\"breadcrumb\":{\"@id\":\"https:\/\/abrelivros.org.br\/site\/fim-da-dru-financia-ensino-obrigatorio\/#breadcrumb\"},\"inLanguage\":\"pt-BR\",\"potentialAction\":[{\"@type\":\"ReadAction\",\"target\":[\"https:\/\/abrelivros.org.br\/site\/fim-da-dru-financia-ensino-obrigatorio\/\"]}]},{\"@type\":\"BreadcrumbList\",\"@id\":\"https:\/\/abrelivros.org.br\/site\/fim-da-dru-financia-ensino-obrigatorio\/#breadcrumb\",\"itemListElement\":[{\"@type\":\"ListItem\",\"position\":1,\"item\":{\"@type\":\"WebPage\",\"@id\":\"https:\/\/abrelivros.org.br\/site\/\",\"url\":\"https:\/\/abrelivros.org.br\/site\/\",\"name\":\"In\\u00edcio\"}},{\"@type\":\"ListItem\",\"position\":2,\"item\":{\"@type\":\"WebPage\",\"@id\":\"https:\/\/abrelivros.org.br\/site\/category\/noticias\/\",\"url\":\"https:\/\/abrelivros.org.br\/site\/category\/noticias\/\",\"name\":\"Not\\u00edcias\"}},{\"@type\":\"ListItem\",\"position\":3,\"item\":{\"@type\":\"WebPage\",\"@id\":\"https:\/\/abrelivros.org.br\/site\/category\/noticias\/noticias-da-imprensa\/\",\"url\":\"https:\/\/abrelivros.org.br\/site\/category\/noticias\/noticias-da-imprensa\/\",\"name\":\"Not\\u00edcias da imprensa\"}},{\"@type\":\"ListItem\",\"position\":4,\"item\":{\"@type\":\"WebPage\",\"@id\":\"https:\/\/abrelivros.org.br\/site\/fim-da-dru-financia-ensino-obrigatorio\/\",\"url\":\"https:\/\/abrelivros.org.br\/site\/fim-da-dru-financia-ensino-obrigatorio\/\",\"name\":\"Fim da DRU financia ensino obrigat\\u00f3rio\"}}]},{\"@type\":\"Person\",\"@id\":\"https:\/\/abrelivros.org.br\/site\/#\/schema\/person\/2b867f13a717bb230f1a3555505f5593\",\"name\":\"\\u00a0\",\"image\":{\"@type\":\"ImageObject\",\"@id\":\"https:\/\/abrelivros.org.br\/site\/#personlogo\",\"inLanguage\":\"pt-BR\",\"url\":\"https:\/\/secure.gravatar.com\/avatar\/e80b7f5231be2fff5040a8023da424898002831c5439420df182ae62676d2a6f?s=96&d=mm&r=g\",\"caption\":\"\\u00a0\"}}]}<\/script>\n<!-- \/ Yoast SEO plugin. -->","_links":{"self":[{"href":"https:\/\/abrelivros.org.br\/site\/wp-json\/wp\/v2\/posts\/2481","targetHints":{"allow":["GET"]}}],"collection":[{"href":"https:\/\/abrelivros.org.br\/site\/wp-json\/wp\/v2\/posts"}],"about":[{"href":"https:\/\/abrelivros.org.br\/site\/wp-json\/wp\/v2\/types\/post"}],"author":[{"embeddable":true,"href":"https:\/\/abrelivros.org.br\/site\/wp-json\/wp\/v2\/users\/1"}],"replies":[{"embeddable":true,"href":"https:\/\/abrelivros.org.br\/site\/wp-json\/wp\/v2\/comments?post=2481"}],"version-history":[{"count":0,"href":"https:\/\/abrelivros.org.br\/site\/wp-json\/wp\/v2\/posts\/2481\/revisions"}],"wp:attachment":[{"href":"https:\/\/abrelivros.org.br\/site\/wp-json\/wp\/v2\/media?parent=2481"}],"wp:term":[{"taxonomy":"category","embeddable":true,"href":"https:\/\/abrelivros.org.br\/site\/wp-json\/wp\/v2\/categories?post=2481"},{"taxonomy":"post_tag","embeddable":true,"href":"https:\/\/abrelivros.org.br\/site\/wp-json\/wp\/v2\/tags?post=2481"}],"curies":[{"name":"wp","href":"https:\/\/api.w.org\/{rel}","templated":true}]}}