{"id":2480,"date":"2009-02-10T14:13:00","date_gmt":"2009-02-10T16:13:00","guid":{"rendered":"https:\/\/abrelivros.org.br\/site\/2009\/02\/10\/mpf-sp-quer-suspender-compra-de-apostilas-6000-mais-caras-que-livros-didaticos\/"},"modified":"2009-02-10T14:13:00","modified_gmt":"2009-02-10T16:13:00","slug":"mpf-sp-quer-suspender-compra-de-apostilas-6000-mais-caras-que-livros-didaticos","status":"publish","type":"post","link":"https:\/\/abrelivros.org.br\/site\/mpf-sp-quer-suspender-compra-de-apostilas-6000-mais-caras-que-livros-didaticos\/","title":{"rendered":"MPF-SP quer suspender compra de apostilas 6000% mais caras que livros did\u00e1ticos"},"content":{"rendered":"<p>O MPF (Minist\u00e9rio P\u00fablico Federal) em Taubat\u00e9 recorreu \u00e0 Justi\u00e7a para impedir que a prefeitura da cidade continue a comprar, sem licita\u00e7\u00e3o, apostilas que custariam at\u00e9 6000% mais caras que os livros do Programa Nacional do Livro Did\u00e1tico. \u00a0<br \/> \u00a0<br \/> A a\u00e7\u00e3o cautelar pede a suspens\u00e3o do pagamento de R$ 10,5 milh\u00f5es referentes \u00e0 renova\u00e7\u00e3o de contrato com a Expoente Solu\u00e7\u00f5es Comerciais e Educacionais, respons\u00e1vel pelo fornecimento das apostilas desde 2006, a um custo de R$ 33,4 milh\u00f5es. \u00a0<br \/> \u00a0<br \/> Na a\u00e7\u00e3o cautelar, o procurador da Rep\u00fablica Jo\u00e3o Gilberto Gon\u00e7alves Filho pede tamb\u00e9m que a Justi\u00e7a Federal determine ao munic\u00edpio de Taubat\u00e9 as medidas cab\u00edveis para obter junto a Secretaria Estadual da Educa\u00e7\u00e3o (distribuidora dos livros do programa nacional, que custam 170 mil reais aos cofres da Uni\u00e3o) os livros did\u00e1ticos comuns, que seriam distribu\u00eddos na rede p\u00fablica. Na liminar, \u00e9 pedido ainda que a Expoente devolva qualquer valor da prefeitura em virtude do novo contrato ou aditivo firmado entre a prefeitura e a empresa. \u00a0<br \/> \u00a0<br \/> Esta a\u00e7\u00e3o cautelar \u00e9 preparat\u00f3ria para uma a\u00e7\u00e3o civil p\u00fablica por atos de improbidade administrativa. Na a\u00e7\u00e3o de improbidade, o MPF pedir\u00e1 que o novo contrato ou aditivo assinado entre a prefeitura e a Expoente sejam tornados nulos por falta de licita\u00e7\u00e3o e que o prefeito de Taubat\u00e9, Roberto Peixoto, o diretor de Educa\u00e7\u00e3o do munic\u00edpio, Jos\u00e9 Roberto Prado, e a Expoente sejam condenados na forma da lei de improbidade administrativa. \u00a0<br \/> \u00a0<br \/> A a\u00e7\u00e3o cautelar foi proposta na \u00faltima sexta-feira ap\u00f3s o MPF tomar conhecimento do novo contrato ou aditivo assinado entre a prefeitura e a Expoente por meio de reportagem publicada pelo naquele dia pelo jornal Vale Paraibano. Segundo a reportagem, o prefeito havia prometido \u201cque faria uma licita\u00e7\u00e3o para escolher o grupo que forneceria as apostilas, mas o DEC (Departamento de Educa\u00e7\u00e3o e Cultura) alega que n\u00e3o haveria tempo para a concorr\u00eancia\u201c. \u00a0<br \/> \u00a0<br \/> Esta \u00e9 a segunda a\u00e7\u00e3o que o MPF prop\u00f5e contra o prefeito de Taubat\u00e9 em virtude do contrato com a Expoente e a pol\u00eamica substitui\u00e7\u00e3o dos livros did\u00e1ticos do programa nacional pelas apostilas pagas, que j\u00e1 custaram 33,4 milh\u00f5es de reais aos cofres p\u00fablicos entre 2006 e 2008. Em outubro passado, o procurador representou ao MP Eleitoral, pedindo a anula\u00e7\u00e3o do resultado da elei\u00e7\u00e3o na cidade, em virtude do prefeito ter ganho da Expoente 47 mil boletins informativos, distribu\u00eddos na rede p\u00fablica de ensino como propaganda indireta de sua administra\u00e7\u00e3o.<\/p>\n","protected":false},"excerpt":{"rendered":"<p>O MPF (Minist\u00e9rio P\u00fablico Federal) em Taubat\u00e9 recorreu \u00e0 Justi\u00e7a para impedir que a prefeitura da cidade continue a comprar, sem licita\u00e7\u00e3o, apostilas que custariam at\u00e9 6000% mais caras que os livros do Programa Nacional do Livro Did\u00e1tico. \u00a0 \u00a0 A a\u00e7\u00e3o cautelar pede a suspens\u00e3o do pagamento de R$ 10,5 milh\u00f5es referentes \u00e0 renova\u00e7\u00e3o [&hellip;]<\/p>\n","protected":false},"author":1,"featured_media":0,"comment_status":"closed","ping_status":"closed","sticky":false,"template":"","format":"standard","meta":{"footnotes":"","_links_to":"","_links_to_target":""},"categories":[9],"tags":[],"class_list":["post-2480","post","type-post","status-publish","format-standard","hentry","category-noticias-da-imprensa"],"yoast_head":"<!-- This site is optimized with the Yoast SEO plugin v15.1 - https:\/\/yoast.com\/wordpress\/plugins\/seo\/ -->\n<title>MPF-SP quer suspender compra de apostilas 6000% mais caras que livros did\u00e1ticos &raquo; Abrelivros<\/title>\n<meta name=\"robots\" content=\"index, follow, max-snippet:-1, max-image-preview:large, max-video-preview:-1\" \/>\n<link rel=\"canonical\" href=\"https:\/\/abrelivros.org.br\/site\/mpf-sp-quer-suspender-compra-de-apostilas-6000-mais-caras-que-livros-didaticos\/\" \/>\n<meta property=\"og:locale\" content=\"pt_BR\" \/>\n<meta property=\"og:type\" content=\"article\" \/>\n<meta property=\"og:title\" content=\"MPF-SP quer suspender compra de apostilas 6000% mais caras que livros did\u00e1ticos &raquo; Abrelivros\" \/>\n<meta property=\"og:description\" content=\"O MPF (Minist\u00e9rio P\u00fablico Federal) em Taubat\u00e9 recorreu \u00e0 Justi\u00e7a para impedir que a prefeitura da cidade continue a comprar, sem licita\u00e7\u00e3o, apostilas que custariam at\u00e9 6000% mais caras que os livros do Programa Nacional do Livro Did\u00e1tico. \u00a0 \u00a0 A a\u00e7\u00e3o cautelar pede a suspens\u00e3o do pagamento de R$ 10,5 milh\u00f5es referentes \u00e0 renova\u00e7\u00e3o [&hellip;]\" \/>\n<meta property=\"og:url\" content=\"https:\/\/abrelivros.org.br\/site\/mpf-sp-quer-suspender-compra-de-apostilas-6000-mais-caras-que-livros-didaticos\/\" \/>\n<meta property=\"og:site_name\" content=\"Abrelivros\" \/>\n<meta property=\"article:published_time\" content=\"2009-02-10T16:13:00+00:00\" \/>\n<meta name=\"twitter:card\" content=\"summary_large_image\" \/>\n<script type=\"application\/ld+json\" class=\"yoast-schema-graph\">{\"@context\":\"https:\/\/schema.org\",\"@graph\":[{\"@type\":\"WebSite\",\"@id\":\"https:\/\/abrelivros.org.br\/site\/#website\",\"url\":\"https:\/\/abrelivros.org.br\/site\/\",\"name\":\"Abrelivros\",\"description\":\"\",\"potentialAction\":[{\"@type\":\"SearchAction\",\"target\":\"https:\/\/abrelivros.org.br\/site\/?s={search_term_string}\",\"query-input\":\"required name=search_term_string\"}],\"inLanguage\":\"pt-BR\"},{\"@type\":\"WebPage\",\"@id\":\"https:\/\/abrelivros.org.br\/site\/mpf-sp-quer-suspender-compra-de-apostilas-6000-mais-caras-que-livros-didaticos\/#webpage\",\"url\":\"https:\/\/abrelivros.org.br\/site\/mpf-sp-quer-suspender-compra-de-apostilas-6000-mais-caras-que-livros-didaticos\/\",\"name\":\"MPF-SP quer suspender compra de apostilas 6000% mais caras que livros did\\u00e1ticos &raquo; Abrelivros\",\"isPartOf\":{\"@id\":\"https:\/\/abrelivros.org.br\/site\/#website\"},\"datePublished\":\"2009-02-10T16:13:00+00:00\",\"dateModified\":\"2009-02-10T16:13:00+00:00\",\"author\":{\"@id\":\"https:\/\/abrelivros.org.br\/site\/#\/schema\/person\/2b867f13a717bb230f1a3555505f5593\"},\"breadcrumb\":{\"@id\":\"https:\/\/abrelivros.org.br\/site\/mpf-sp-quer-suspender-compra-de-apostilas-6000-mais-caras-que-livros-didaticos\/#breadcrumb\"},\"inLanguage\":\"pt-BR\",\"potentialAction\":[{\"@type\":\"ReadAction\",\"target\":[\"https:\/\/abrelivros.org.br\/site\/mpf-sp-quer-suspender-compra-de-apostilas-6000-mais-caras-que-livros-didaticos\/\"]}]},{\"@type\":\"BreadcrumbList\",\"@id\":\"https:\/\/abrelivros.org.br\/site\/mpf-sp-quer-suspender-compra-de-apostilas-6000-mais-caras-que-livros-didaticos\/#breadcrumb\",\"itemListElement\":[{\"@type\":\"ListItem\",\"position\":1,\"item\":{\"@type\":\"WebPage\",\"@id\":\"https:\/\/abrelivros.org.br\/site\/\",\"url\":\"https:\/\/abrelivros.org.br\/site\/\",\"name\":\"In\\u00edcio\"}},{\"@type\":\"ListItem\",\"position\":2,\"item\":{\"@type\":\"WebPage\",\"@id\":\"https:\/\/abrelivros.org.br\/site\/category\/noticias\/\",\"url\":\"https:\/\/abrelivros.org.br\/site\/category\/noticias\/\",\"name\":\"Not\\u00edcias\"}},{\"@type\":\"ListItem\",\"position\":3,\"item\":{\"@type\":\"WebPage\",\"@id\":\"https:\/\/abrelivros.org.br\/site\/category\/noticias\/noticias-da-imprensa\/\",\"url\":\"https:\/\/abrelivros.org.br\/site\/category\/noticias\/noticias-da-imprensa\/\",\"name\":\"Not\\u00edcias da imprensa\"}},{\"@type\":\"ListItem\",\"position\":4,\"item\":{\"@type\":\"WebPage\",\"@id\":\"https:\/\/abrelivros.org.br\/site\/mpf-sp-quer-suspender-compra-de-apostilas-6000-mais-caras-que-livros-didaticos\/\",\"url\":\"https:\/\/abrelivros.org.br\/site\/mpf-sp-quer-suspender-compra-de-apostilas-6000-mais-caras-que-livros-didaticos\/\",\"name\":\"MPF-SP quer suspender compra de apostilas 6000% mais caras que livros did\\u00e1ticos\"}}]},{\"@type\":\"Person\",\"@id\":\"https:\/\/abrelivros.org.br\/site\/#\/schema\/person\/2b867f13a717bb230f1a3555505f5593\",\"name\":\"\\u00a0\",\"image\":{\"@type\":\"ImageObject\",\"@id\":\"https:\/\/abrelivros.org.br\/site\/#personlogo\",\"inLanguage\":\"pt-BR\",\"url\":\"https:\/\/secure.gravatar.com\/avatar\/e80b7f5231be2fff5040a8023da424898002831c5439420df182ae62676d2a6f?s=96&d=mm&r=g\",\"caption\":\"\\u00a0\"}}]}<\/script>\n<!-- \/ Yoast SEO plugin. -->","_links":{"self":[{"href":"https:\/\/abrelivros.org.br\/site\/wp-json\/wp\/v2\/posts\/2480","targetHints":{"allow":["GET"]}}],"collection":[{"href":"https:\/\/abrelivros.org.br\/site\/wp-json\/wp\/v2\/posts"}],"about":[{"href":"https:\/\/abrelivros.org.br\/site\/wp-json\/wp\/v2\/types\/post"}],"author":[{"embeddable":true,"href":"https:\/\/abrelivros.org.br\/site\/wp-json\/wp\/v2\/users\/1"}],"replies":[{"embeddable":true,"href":"https:\/\/abrelivros.org.br\/site\/wp-json\/wp\/v2\/comments?post=2480"}],"version-history":[{"count":0,"href":"https:\/\/abrelivros.org.br\/site\/wp-json\/wp\/v2\/posts\/2480\/revisions"}],"wp:attachment":[{"href":"https:\/\/abrelivros.org.br\/site\/wp-json\/wp\/v2\/media?parent=2480"}],"wp:term":[{"taxonomy":"category","embeddable":true,"href":"https:\/\/abrelivros.org.br\/site\/wp-json\/wp\/v2\/categories?post=2480"},{"taxonomy":"post_tag","embeddable":true,"href":"https:\/\/abrelivros.org.br\/site\/wp-json\/wp\/v2\/tags?post=2480"}],"curies":[{"name":"wp","href":"https:\/\/api.w.org\/{rel}","templated":true}]}}