{"id":2479,"date":"2009-02-11T14:17:00","date_gmt":"2009-02-11T16:17:00","guid":{"rendered":"https:\/\/abrelivros.org.br\/site\/2009\/02\/11\/apeoesp-e-contra-o-ensino-e-a-educacao-ataca-jose-serra\/"},"modified":"2009-02-11T14:17:00","modified_gmt":"2009-02-11T16:17:00","slug":"apeoesp-e-contra-o-ensino-e-a-educacao-ataca-jose-serra","status":"publish","type":"post","link":"https:\/\/abrelivros.org.br\/site\/apeoesp-e-contra-o-ensino-e-a-educacao-ataca-jose-serra\/","title":{"rendered":"Apeoesp \u00e9 contra o ensino e a educa\u00e7\u00e3o, ataca Jos\u00e9 Serra"},"content":{"rendered":"<p>O governador de S\u00e3o Paulo, Jos\u00e9 Serra (PSDB), atacou nesta segunda-feira, 9, a Associa\u00e7\u00e3o dos Professores do Ensino Oficial do Estado de S\u00e3o Paulo (Apeoesp), dizendo que a entidade \u00e9 \u201ccontra o ensino e a educa\u00e7\u00e3o\u201c. A causa do atrito \u00e9 a afirma\u00e7\u00e3o da Apeoesp de que o motivo pelo qual 3 mil dos 214 mil professores tempor\u00e1rios tiraram zero no exame que avalia o magist\u00e9rio do Estado, realizado em 17 de dezembro, foram falhas na organiza\u00e7\u00e3o do teste. Sob este argumento, a entidade entrou na Justi\u00e7a e obteve decis\u00e3o favor\u00e1vel que impede o governo estadual de usar os resultados do exame no processo de atribui\u00e7\u00e3o de aulas aos professores tempor\u00e1rios. \u00a0<br \/> \u00a0<br \/> \u201cN\u00e3o houve (erro na avalia\u00e7\u00e3o)\u201c, garantiu o governador. \u201cA Apeoesp \u00e9 contra a avalia\u00e7\u00e3o e faz o poss\u00edvel para atrapalhar o ensino em S\u00e3o Paulo. A Apeoesp \u00e9 contra o ensino e contra a educa\u00e7\u00e3o. Quisemos fazer o exame nos professores tempor\u00e1rios para melhorar a qualidade. A Apeoesp \u00e9 contra e foi \u00e0 Justi\u00e7a. Fizemos material did\u00e1tico de curr\u00edculo para ajudar os professores a darem aula e os alunos a terem material para estudar. Eles queimaram em pra\u00e7a p\u00fablica. Esse \u00e9 o padr\u00e3o Apeoesp.\u201c\u00a0<br \/> \u00a0<br \/> A entidade rebateu as cr\u00edticas do governador de S\u00e3o Paulo: para a entidade, Serra n\u00e3o admite o erro da Secretaria da Educa\u00e7\u00e3o. \u201cEste \u00e9 o padr\u00e3o Serra. Ele est\u00e1 alucinado com 2010\u201c, criticou a presidente da Apeoesp, professora Maria Izabel Azevedo Noronha.\u00a0<br \/> \u00a0<br \/> A professora ressaltou que a entidade \u00e9 s\u00e9ria e tem compromisso com a educa\u00e7\u00e3o. \u201cN\u00e3o esperava do governador um comportamento diferente, um governador que n\u00e3o admite que a Secretaria da Educa\u00e7\u00e3o errou e que n\u00e3o teve compet\u00eancia para aplicar um exame aos professores. \u00c9 por esse erro que o in\u00edcio das aulas foi adiado\u201c, afirmou.\u00a0<br \/> \u00a0<br \/> Maria Izabel disse que o epis\u00f3dio da queima de livros no ano passado n\u00e3o foi uma a\u00e7\u00e3o de professores, mas de alunos. \u201cQuero que ele d\u00ea nome aos bois e diga quem da Apeoesp estava l\u00e1. Ele vai ter que comprovar, isso \u00e9 leviandade e eu n\u00e3o admito.\u201c\u00a0<br \/> \u00a0<br \/> A ju\u00edza Maria Gabriella Pavl\u00f3poulos Spolonzi, da 13.\u00aa Vara da Fazenda P\u00fablica, aceitou o pedido de liminar da Apeoesp e impediu a Secretaria de Educa\u00e7\u00e3o utilizasse o resultado das provas no processo de atribui\u00e7\u00e3o de aulas aos professores tempor\u00e1rios. A disputa judicial adiou o in\u00edcio do ano letivo de 5 milh\u00f5es de alunos da rede estadual de ensino de 11 para 16 de fevereiro.\u00a0<br \/> \u00a0<br \/> Para evitar um novo adiamento, o governo decidiu manter neste ano o crit\u00e9rio anterior, que era a classifica\u00e7\u00e3o por tempo de servi\u00e7o e t\u00edtulos. O resultado da prova, que avalia se os professores t\u00eam conhecimento da proposta curricular do Estado, seria inclu\u00eddo no processo neste ano. Em nota, a secretaria estadual afirma que \u201ccontinuar\u00e1 a defender na Justi\u00e7a a avalia\u00e7\u00e3o de professores, com apoio da Procuradoria Geral do Estado (PGE)\u201c.\u00a0<br \/> \u00a0<br \/> \u00a0<br \/> \u00a0<br \/><B> Professor \u201cnota zero\u201c em avalia\u00e7\u00e3o pode perder cargo em julho\u00a0<br \/><\/B> Folha de S\u00e3o Paulo &#8211; Laura Capriglione\u00a0<br \/> \u00a0<br \/> A Secretaria da Educa\u00e7\u00e3o anunciou ontem que insistir\u00e1 em fazer da prova realizada no dia 17 de dezembro um dos crit\u00e9rios para a escolha de 100 mil professores tempor\u00e1rios da rede estadual de S\u00e3o Paulo.\u00a0<br \/> \u00a0<br \/> \u201cSe houver respaldo legal\u201c, diz a secretaria, no meio do ano ser\u00e1 divulgada uma nova classifica\u00e7\u00e3o dos candidatos a professores tempor\u00e1rios, dessa vez levando em considera\u00e7\u00e3o ainda a prova (al\u00e9m de tempo de servi\u00e7o e t\u00edtulos). N\u00e3o diz, por\u00e9m, o que ocorrer\u00e1 com os docentes tempor\u00e1rios j\u00e1 escolhidos.\u00a0<br \/> \u00a0<br \/> A inten\u00e7\u00e3o da secretaria foi comunicada no mesmo momento em que a Apeoesp, o sindicato dos professores, comemorava a decis\u00e3o judicial que derrubou -por ora- a prova.\u00a0<br \/> \u00a0<br \/> A Apeoesp espalhou faixas nas escolas que diziam: \u201cExigimos respeito aos nossos direitos. \u201cProvinha\u201c nunca mais\u201c.\u00a0<br \/> \u00a0<br \/> A atribui\u00e7\u00e3o de aulas para os tempor\u00e1rios, que come\u00e7ou ontem em todo o Estado, deve se estender at\u00e9 sexta-feira. A contrata\u00e7\u00e3o dos 100 mil tempor\u00e1rios pela Secretaria da Educa\u00e7\u00e3o para ministrar aulas \u00e9 uma forma de suprir a car\u00eancia de concursados (130 mil).\u00a0<br \/> \u00a0<br \/><B> Depress\u00e3o\u00a0<br \/> \u00a0<br \/><\/B> A professora de geografia Irene (nome fict\u00edcio a pedido dela), 52, tem 20 anos de magist\u00e9rio. H\u00e1 quatro, est\u00e1 afastada por causa de uma depress\u00e3o. Na prova da Secretaria da Educa\u00e7\u00e3o, ela tirou zero. \u201cEstou com a vis\u00e3o turva, com mal-estar, n\u00e3o consigo ler o texto\u201c, escreveu na prova. N\u00e3o respondeu a nenhuma pergunta.\u00a0<br \/> \u00a0<br \/> Irene recebeu ontem \u00e0s 15h a incumb\u00eancia de ministrar 32 aulas por semana, em tr\u00eas escolas da zona sul. Logo em seguida, ela procurava dicas junto a colegas sobre como voltar para a licen\u00e7a m\u00e9dica. \u201cPreciso de pelo menos mais 60 dias\u201c, dizia.\u00a0<br \/> \u00a0<br \/> Irene \u00e9 uma entre os cerca de 1.500 professores em toda a rede estadual de ensino que, mesmo tendo \u201czerado\u201c, devem conseguir o direito de dar aulas na qualidade de tempor\u00e1rios.\u00a0<br \/> \u00a0<br \/> Com a derrubada da prova, candidatos com longo tempo de servi\u00e7o, como Irene, mesmo com desempenho p\u00edfio, passaram \u00e0 frente, na classifica\u00e7\u00e3o, de professores que foram bem, mas s\u00e3o jovens na rede.\u00a0<br \/> \u00a0<br \/> Na diretoria de ensino Sul-2, respons\u00e1vel pelas 87 escolas estaduais de bairros como o Cap\u00e3o Redondo, Jardim S\u00e3o Luiz e Jardim \u00c2ngela, que est\u00e3o entre os mais pobres de S\u00e3o Paulo, cerca de 4.000 professores tinham ontem os olhos em pain\u00e9is com as listas de classifica\u00e7\u00e3o. Em sua maioria, eles moram nos mesmos bairros carentes em que disputam trabalho.\u00a0<br \/> \u00a0<br \/> Wanda levou o filho de dois meses para a atribui\u00e7\u00e3o de aulas. Ela lecionava no ano passado. Se n\u00e3o pegar nenhuma neste ano, perder\u00e1 o direito \u00e0 licen\u00e7a-maternidade, que no Estado tem a dura\u00e7\u00e3o de seis meses. \u201c\u00c9 quest\u00e3o de vida ou morte para mim e para meu filho.\u201c\u00a0<br \/> \u00a0<br \/> \u201cNossa regi\u00e3o tem muito desemprego e pobreza. Queremos estabilizar esses tempor\u00e1rios, garantir-lhes o emprego, para que eles possam enfim se dedicar ao ensino e aos alunos\u201c, disse Severino Honorato Silva, 38, conselheiro da Apeoesp.\u00a0<br \/> \u00a0<br \/> \u00a0<\/p>\n","protected":false},"excerpt":{"rendered":"<p>O governador de S\u00e3o Paulo, Jos\u00e9 Serra (PSDB), atacou nesta segunda-feira, 9, a Associa\u00e7\u00e3o dos Professores do Ensino Oficial do Estado de S\u00e3o Paulo (Apeoesp), dizendo que a entidade \u00e9 \u201ccontra o ensino e a educa\u00e7\u00e3o\u201c. A causa do atrito \u00e9 a afirma\u00e7\u00e3o da Apeoesp de que o motivo pelo qual 3 mil dos 214 [&hellip;]<\/p>\n","protected":false},"author":1,"featured_media":0,"comment_status":"closed","ping_status":"closed","sticky":false,"template":"","format":"standard","meta":{"footnotes":"","_links_to":"","_links_to_target":""},"categories":[9],"tags":[],"class_list":["post-2479","post","type-post","status-publish","format-standard","hentry","category-noticias-da-imprensa"],"yoast_head":"<!-- This site is optimized with the Yoast SEO plugin v15.1 - https:\/\/yoast.com\/wordpress\/plugins\/seo\/ -->\n<title>Apeoesp \u00e9 contra o ensino e a educa\u00e7\u00e3o, ataca Jos\u00e9 Serra &raquo; Abrelivros<\/title>\n<meta name=\"robots\" content=\"index, follow, max-snippet:-1, max-image-preview:large, max-video-preview:-1\" \/>\n<link rel=\"canonical\" href=\"https:\/\/abrelivros.org.br\/site\/apeoesp-e-contra-o-ensino-e-a-educacao-ataca-jose-serra\/\" \/>\n<meta property=\"og:locale\" content=\"pt_BR\" \/>\n<meta property=\"og:type\" content=\"article\" \/>\n<meta property=\"og:title\" content=\"Apeoesp \u00e9 contra o ensino e a educa\u00e7\u00e3o, ataca Jos\u00e9 Serra &raquo; Abrelivros\" \/>\n<meta property=\"og:description\" content=\"O governador de S\u00e3o Paulo, Jos\u00e9 Serra (PSDB), atacou nesta segunda-feira, 9, a Associa\u00e7\u00e3o dos Professores do Ensino Oficial do Estado de S\u00e3o Paulo (Apeoesp), dizendo que a entidade \u00e9 \u201ccontra o ensino e a educa\u00e7\u00e3o\u201c. A causa do atrito \u00e9 a afirma\u00e7\u00e3o da Apeoesp de que o motivo pelo qual 3 mil dos 214 [&hellip;]\" \/>\n<meta property=\"og:url\" content=\"https:\/\/abrelivros.org.br\/site\/apeoesp-e-contra-o-ensino-e-a-educacao-ataca-jose-serra\/\" \/>\n<meta property=\"og:site_name\" content=\"Abrelivros\" \/>\n<meta property=\"article:published_time\" content=\"2009-02-11T16:17:00+00:00\" \/>\n<meta name=\"twitter:card\" content=\"summary_large_image\" \/>\n<script type=\"application\/ld+json\" class=\"yoast-schema-graph\">{\"@context\":\"https:\/\/schema.org\",\"@graph\":[{\"@type\":\"WebSite\",\"@id\":\"https:\/\/abrelivros.org.br\/site\/#website\",\"url\":\"https:\/\/abrelivros.org.br\/site\/\",\"name\":\"Abrelivros\",\"description\":\"\",\"potentialAction\":[{\"@type\":\"SearchAction\",\"target\":\"https:\/\/abrelivros.org.br\/site\/?s={search_term_string}\",\"query-input\":\"required name=search_term_string\"}],\"inLanguage\":\"pt-BR\"},{\"@type\":\"WebPage\",\"@id\":\"https:\/\/abrelivros.org.br\/site\/apeoesp-e-contra-o-ensino-e-a-educacao-ataca-jose-serra\/#webpage\",\"url\":\"https:\/\/abrelivros.org.br\/site\/apeoesp-e-contra-o-ensino-e-a-educacao-ataca-jose-serra\/\",\"name\":\"Apeoesp \\u00e9 contra o ensino e a educa\\u00e7\\u00e3o, ataca Jos\\u00e9 Serra &raquo; Abrelivros\",\"isPartOf\":{\"@id\":\"https:\/\/abrelivros.org.br\/site\/#website\"},\"datePublished\":\"2009-02-11T16:17:00+00:00\",\"dateModified\":\"2009-02-11T16:17:00+00:00\",\"author\":{\"@id\":\"https:\/\/abrelivros.org.br\/site\/#\/schema\/person\/2b867f13a717bb230f1a3555505f5593\"},\"breadcrumb\":{\"@id\":\"https:\/\/abrelivros.org.br\/site\/apeoesp-e-contra-o-ensino-e-a-educacao-ataca-jose-serra\/#breadcrumb\"},\"inLanguage\":\"pt-BR\",\"potentialAction\":[{\"@type\":\"ReadAction\",\"target\":[\"https:\/\/abrelivros.org.br\/site\/apeoesp-e-contra-o-ensino-e-a-educacao-ataca-jose-serra\/\"]}]},{\"@type\":\"BreadcrumbList\",\"@id\":\"https:\/\/abrelivros.org.br\/site\/apeoesp-e-contra-o-ensino-e-a-educacao-ataca-jose-serra\/#breadcrumb\",\"itemListElement\":[{\"@type\":\"ListItem\",\"position\":1,\"item\":{\"@type\":\"WebPage\",\"@id\":\"https:\/\/abrelivros.org.br\/site\/\",\"url\":\"https:\/\/abrelivros.org.br\/site\/\",\"name\":\"In\\u00edcio\"}},{\"@type\":\"ListItem\",\"position\":2,\"item\":{\"@type\":\"WebPage\",\"@id\":\"https:\/\/abrelivros.org.br\/site\/category\/noticias\/\",\"url\":\"https:\/\/abrelivros.org.br\/site\/category\/noticias\/\",\"name\":\"Not\\u00edcias\"}},{\"@type\":\"ListItem\",\"position\":3,\"item\":{\"@type\":\"WebPage\",\"@id\":\"https:\/\/abrelivros.org.br\/site\/category\/noticias\/noticias-da-imprensa\/\",\"url\":\"https:\/\/abrelivros.org.br\/site\/category\/noticias\/noticias-da-imprensa\/\",\"name\":\"Not\\u00edcias da imprensa\"}},{\"@type\":\"ListItem\",\"position\":4,\"item\":{\"@type\":\"WebPage\",\"@id\":\"https:\/\/abrelivros.org.br\/site\/apeoesp-e-contra-o-ensino-e-a-educacao-ataca-jose-serra\/\",\"url\":\"https:\/\/abrelivros.org.br\/site\/apeoesp-e-contra-o-ensino-e-a-educacao-ataca-jose-serra\/\",\"name\":\"Apeoesp \\u00e9 contra o ensino e a educa\\u00e7\\u00e3o, ataca Jos\\u00e9 Serra\"}}]},{\"@type\":\"Person\",\"@id\":\"https:\/\/abrelivros.org.br\/site\/#\/schema\/person\/2b867f13a717bb230f1a3555505f5593\",\"name\":\"\\u00a0\",\"image\":{\"@type\":\"ImageObject\",\"@id\":\"https:\/\/abrelivros.org.br\/site\/#personlogo\",\"inLanguage\":\"pt-BR\",\"url\":\"https:\/\/secure.gravatar.com\/avatar\/e80b7f5231be2fff5040a8023da424898002831c5439420df182ae62676d2a6f?s=96&d=mm&r=g\",\"caption\":\"\\u00a0\"}}]}<\/script>\n<!-- \/ Yoast SEO plugin. -->","_links":{"self":[{"href":"https:\/\/abrelivros.org.br\/site\/wp-json\/wp\/v2\/posts\/2479","targetHints":{"allow":["GET"]}}],"collection":[{"href":"https:\/\/abrelivros.org.br\/site\/wp-json\/wp\/v2\/posts"}],"about":[{"href":"https:\/\/abrelivros.org.br\/site\/wp-json\/wp\/v2\/types\/post"}],"author":[{"embeddable":true,"href":"https:\/\/abrelivros.org.br\/site\/wp-json\/wp\/v2\/users\/1"}],"replies":[{"embeddable":true,"href":"https:\/\/abrelivros.org.br\/site\/wp-json\/wp\/v2\/comments?post=2479"}],"version-history":[{"count":0,"href":"https:\/\/abrelivros.org.br\/site\/wp-json\/wp\/v2\/posts\/2479\/revisions"}],"wp:attachment":[{"href":"https:\/\/abrelivros.org.br\/site\/wp-json\/wp\/v2\/media?parent=2479"}],"wp:term":[{"taxonomy":"category","embeddable":true,"href":"https:\/\/abrelivros.org.br\/site\/wp-json\/wp\/v2\/categories?post=2479"},{"taxonomy":"post_tag","embeddable":true,"href":"https:\/\/abrelivros.org.br\/site\/wp-json\/wp\/v2\/tags?post=2479"}],"curies":[{"name":"wp","href":"https:\/\/api.w.org\/{rel}","templated":true}]}}