{"id":2478,"date":"2009-02-11T14:25:00","date_gmt":"2009-02-11T16:25:00","guid":{"rendered":"https:\/\/abrelivros.org.br\/site\/2009\/02\/11\/mec-comeca-negociacao-no-congresso-para-ampliar-a-obrigatoriedade-do-ensino-no-pais\/"},"modified":"2009-02-11T14:25:00","modified_gmt":"2009-02-11T16:25:00","slug":"mec-comeca-negociacao-no-congresso-para-ampliar-a-obrigatoriedade-do-ensino-no-pais","status":"publish","type":"post","link":"https:\/\/abrelivros.org.br\/site\/mec-comeca-negociacao-no-congresso-para-ampliar-a-obrigatoriedade-do-ensino-no-pais\/","title":{"rendered":"MEC come\u00e7a negocia\u00e7\u00e3o no Congresso para ampliar a obrigatoriedade do ensino no pa\u00eds"},"content":{"rendered":"<p>O ministro da Educa\u00e7\u00e3o, Fernando Haddad, vai na pr\u00f3xima quarta (11) ao Congresso Nacional conversar com lideran\u00e7as da Casa sobre o PEC (projeto de emenda \u00e0 Constitui\u00e7\u00e3o) que vai ampliar a obrigatoriedade do ensino para a faixa et\u00e1ria dos quatro aos 17 anos. Hoje, apenas o ensino fundamental (sete a 14 anos) \u00e9 obrigat\u00f3rio por lei. Com a mudan\u00e7a, a pr\u00e9-escola e o ensino m\u00e9dio ser\u00e3o inclu\u00eddos nessa cobertura.\u00a0<br \/> \u00a0<br \/> Segundo o ministro, ainda n\u00e3o h\u00e1 um modelo para esse projeto, mas uma das possibilidades \u00e9 que ele seja vinculado \u00e0 PEC que acaba com a incid\u00eancia da DRU (Desvincula\u00e7\u00e3o de Receita da Uni\u00e3o) sobre os recursos da educa\u00e7\u00e3o. A mat\u00e9ria j\u00e1 foi aprovada no Senado e agora precisa ser votada na C\u00e2mara.\u00a0<br \/> \u00a0<br \/> \u201cO pressuposto para essa proposta seria o fim da DRU, sem isso seria um passo arriscado. O que se discute \u00e9 se \u00e9 poss\u00edvel compatibilizar os dois projetos. Regimentalmente, existe essa possibilidade. Estou falando com lideran\u00e7as da educa\u00e7\u00e3o no Congresso e vamos ver se conseguimos. Na minha opini\u00e3o um acordo \u00e9 simples porque s\u00e3o dados que saltam a vista. A oportunidade est\u00e1 dada e o Brasil n\u00e3o pode perder\u201c, afirmou Haddad.\u00a0<br \/> \u00a0<br \/> O ministro argumenta que al\u00e9m dos R$ 7 bilh\u00f5es extras que o MEC teria com o fim da desvincula\u00e7\u00e3o, os custos da amplia\u00e7\u00e3o do ensino \u201cs\u00e3o menores do que as pessoas est\u00e3o imaginando\u201c, especialmente em fun\u00e7\u00e3o da tend\u00eancia de redu\u00e7\u00e3o da popula\u00e7\u00e3o dessa faixa et\u00e1ria.\u00a0<br \/> \u00a0<br \/> \u201cVoc\u00ea tem uma queda demogr\u00e1fica muito acentuada a partir de 2009 no Brasil. N\u00f3s teremos 7 milh\u00f5es de crian\u00e7as e jovens a menos nos pr\u00f3ximos anos. \u00c9 uma janela de oportunidade que se abre. Al\u00e9m disso voc\u00ea melhora a efici\u00eancia do sistema. A repet\u00eancia nos anos iniciais do ensino fundamental \u00e9 muito elevada, justamente em fun\u00e7\u00e3o das crian\u00e7as que n\u00e3o freq\u00fcentaram a pr\u00e9-escola. Ent\u00e3o, com a amplia\u00e7\u00e3o, voc\u00ea baixa os custos\u201c, disse.\u00a0<br \/> \u00a0<br \/> Segundo Haddad, o presidente Lula quer que a PEC seja aprovada ainda em 2009. Al\u00e9m do formato do projeto, o Minist\u00e9rio est\u00e1 discutindo com secret\u00e1rios estaduais e municipais de Educa\u00e7\u00e3o um per\u00edodo de transi\u00e7\u00e3o para que a mudan\u00e7a possa ser adotada em todas as redes de ensino do pa\u00eds. \u00a0<br \/> \u00a0<br \/> \u00a0<br \/> \u00a0<br \/><B> Ensino obrigat\u00f3rio maior depende de receita extra<br \/><\/B> Folha de S\u00e3o Paulo\u00a0<br \/> \u00a0<br \/> O ministro Fernando Haddad (Educa\u00e7\u00e3o) afirmou ontem que a obrigatoriedade do ensino de 4 a 17 anos dever\u00e1 tramitar no Congresso simultaneamente ao fim da DRU (Desvincula\u00e7\u00e3o de Receitas da Uni\u00e3o), mecanismo que permite   ao governo federal usar em outras \u00e1reas 20% da receita de tributos que originalmente deveria ser aplicada em educa\u00e7\u00e3o. \u00a0<br \/> \u00a0<br \/> A estimativa \u00e9 que a desvincula\u00e7\u00e3o de receitas retire cerca de R$ 9 bilh\u00f5es anuais do or\u00e7amento federal em   educa\u00e7\u00e3o. Parte dessa verba poderia ser repassada a Estados e munic\u00edpios, respons\u00e1veis pelo oferecimento do ensino m\u00e9dio e da pr\u00e9-escola, respectivamente. \u00a0<br \/> \u00a0<\/p>\n","protected":false},"excerpt":{"rendered":"<p>O ministro da Educa\u00e7\u00e3o, Fernando Haddad, vai na pr\u00f3xima quarta (11) ao Congresso Nacional conversar com lideran\u00e7as da Casa sobre o PEC (projeto de emenda \u00e0 Constitui\u00e7\u00e3o) que vai ampliar a obrigatoriedade do ensino para a faixa et\u00e1ria dos quatro aos 17 anos. Hoje, apenas o ensino fundamental (sete a 14 anos) \u00e9 obrigat\u00f3rio por [&hellip;]<\/p>\n","protected":false},"author":1,"featured_media":0,"comment_status":"closed","ping_status":"closed","sticky":false,"template":"","format":"standard","meta":{"footnotes":"","_links_to":"","_links_to_target":""},"categories":[9],"tags":[],"class_list":["post-2478","post","type-post","status-publish","format-standard","hentry","category-noticias-da-imprensa"],"yoast_head":"<!-- This site is optimized with the Yoast SEO plugin v15.1 - https:\/\/yoast.com\/wordpress\/plugins\/seo\/ -->\n<title>MEC come\u00e7a negocia\u00e7\u00e3o no Congresso para ampliar a obrigatoriedade do ensino no pa\u00eds &raquo; Abrelivros<\/title>\n<meta name=\"robots\" content=\"index, follow, max-snippet:-1, max-image-preview:large, max-video-preview:-1\" \/>\n<link rel=\"canonical\" href=\"https:\/\/abrelivros.org.br\/site\/mec-comeca-negociacao-no-congresso-para-ampliar-a-obrigatoriedade-do-ensino-no-pais\/\" \/>\n<meta property=\"og:locale\" content=\"pt_BR\" \/>\n<meta property=\"og:type\" content=\"article\" \/>\n<meta property=\"og:title\" content=\"MEC come\u00e7a negocia\u00e7\u00e3o no Congresso para ampliar a obrigatoriedade do ensino no pa\u00eds &raquo; Abrelivros\" \/>\n<meta property=\"og:description\" content=\"O ministro da Educa\u00e7\u00e3o, Fernando Haddad, vai na pr\u00f3xima quarta (11) ao Congresso Nacional conversar com lideran\u00e7as da Casa sobre o PEC (projeto de emenda \u00e0 Constitui\u00e7\u00e3o) que vai ampliar a obrigatoriedade do ensino para a faixa et\u00e1ria dos quatro aos 17 anos. Hoje, apenas o ensino fundamental (sete a 14 anos) \u00e9 obrigat\u00f3rio por [&hellip;]\" \/>\n<meta property=\"og:url\" content=\"https:\/\/abrelivros.org.br\/site\/mec-comeca-negociacao-no-congresso-para-ampliar-a-obrigatoriedade-do-ensino-no-pais\/\" \/>\n<meta property=\"og:site_name\" content=\"Abrelivros\" \/>\n<meta property=\"article:published_time\" content=\"2009-02-11T16:25:00+00:00\" \/>\n<meta name=\"twitter:card\" content=\"summary_large_image\" \/>\n<script type=\"application\/ld+json\" class=\"yoast-schema-graph\">{\"@context\":\"https:\/\/schema.org\",\"@graph\":[{\"@type\":\"WebSite\",\"@id\":\"https:\/\/abrelivros.org.br\/site\/#website\",\"url\":\"https:\/\/abrelivros.org.br\/site\/\",\"name\":\"Abrelivros\",\"description\":\"\",\"potentialAction\":[{\"@type\":\"SearchAction\",\"target\":\"https:\/\/abrelivros.org.br\/site\/?s={search_term_string}\",\"query-input\":\"required name=search_term_string\"}],\"inLanguage\":\"pt-BR\"},{\"@type\":\"WebPage\",\"@id\":\"https:\/\/abrelivros.org.br\/site\/mec-comeca-negociacao-no-congresso-para-ampliar-a-obrigatoriedade-do-ensino-no-pais\/#webpage\",\"url\":\"https:\/\/abrelivros.org.br\/site\/mec-comeca-negociacao-no-congresso-para-ampliar-a-obrigatoriedade-do-ensino-no-pais\/\",\"name\":\"MEC come\\u00e7a negocia\\u00e7\\u00e3o no Congresso para ampliar a obrigatoriedade do ensino no pa\\u00eds &raquo; Abrelivros\",\"isPartOf\":{\"@id\":\"https:\/\/abrelivros.org.br\/site\/#website\"},\"datePublished\":\"2009-02-11T16:25:00+00:00\",\"dateModified\":\"2009-02-11T16:25:00+00:00\",\"author\":{\"@id\":\"https:\/\/abrelivros.org.br\/site\/#\/schema\/person\/2b867f13a717bb230f1a3555505f5593\"},\"breadcrumb\":{\"@id\":\"https:\/\/abrelivros.org.br\/site\/mec-comeca-negociacao-no-congresso-para-ampliar-a-obrigatoriedade-do-ensino-no-pais\/#breadcrumb\"},\"inLanguage\":\"pt-BR\",\"potentialAction\":[{\"@type\":\"ReadAction\",\"target\":[\"https:\/\/abrelivros.org.br\/site\/mec-comeca-negociacao-no-congresso-para-ampliar-a-obrigatoriedade-do-ensino-no-pais\/\"]}]},{\"@type\":\"BreadcrumbList\",\"@id\":\"https:\/\/abrelivros.org.br\/site\/mec-comeca-negociacao-no-congresso-para-ampliar-a-obrigatoriedade-do-ensino-no-pais\/#breadcrumb\",\"itemListElement\":[{\"@type\":\"ListItem\",\"position\":1,\"item\":{\"@type\":\"WebPage\",\"@id\":\"https:\/\/abrelivros.org.br\/site\/\",\"url\":\"https:\/\/abrelivros.org.br\/site\/\",\"name\":\"In\\u00edcio\"}},{\"@type\":\"ListItem\",\"position\":2,\"item\":{\"@type\":\"WebPage\",\"@id\":\"https:\/\/abrelivros.org.br\/site\/category\/noticias\/\",\"url\":\"https:\/\/abrelivros.org.br\/site\/category\/noticias\/\",\"name\":\"Not\\u00edcias\"}},{\"@type\":\"ListItem\",\"position\":3,\"item\":{\"@type\":\"WebPage\",\"@id\":\"https:\/\/abrelivros.org.br\/site\/category\/noticias\/noticias-da-imprensa\/\",\"url\":\"https:\/\/abrelivros.org.br\/site\/category\/noticias\/noticias-da-imprensa\/\",\"name\":\"Not\\u00edcias da imprensa\"}},{\"@type\":\"ListItem\",\"position\":4,\"item\":{\"@type\":\"WebPage\",\"@id\":\"https:\/\/abrelivros.org.br\/site\/mec-comeca-negociacao-no-congresso-para-ampliar-a-obrigatoriedade-do-ensino-no-pais\/\",\"url\":\"https:\/\/abrelivros.org.br\/site\/mec-comeca-negociacao-no-congresso-para-ampliar-a-obrigatoriedade-do-ensino-no-pais\/\",\"name\":\"MEC come\\u00e7a negocia\\u00e7\\u00e3o no Congresso para ampliar a obrigatoriedade do ensino no pa\\u00eds\"}}]},{\"@type\":\"Person\",\"@id\":\"https:\/\/abrelivros.org.br\/site\/#\/schema\/person\/2b867f13a717bb230f1a3555505f5593\",\"name\":\"\\u00a0\",\"image\":{\"@type\":\"ImageObject\",\"@id\":\"https:\/\/abrelivros.org.br\/site\/#personlogo\",\"inLanguage\":\"pt-BR\",\"url\":\"https:\/\/secure.gravatar.com\/avatar\/e80b7f5231be2fff5040a8023da424898002831c5439420df182ae62676d2a6f?s=96&d=mm&r=g\",\"caption\":\"\\u00a0\"}}]}<\/script>\n<!-- \/ Yoast SEO plugin. -->","_links":{"self":[{"href":"https:\/\/abrelivros.org.br\/site\/wp-json\/wp\/v2\/posts\/2478","targetHints":{"allow":["GET"]}}],"collection":[{"href":"https:\/\/abrelivros.org.br\/site\/wp-json\/wp\/v2\/posts"}],"about":[{"href":"https:\/\/abrelivros.org.br\/site\/wp-json\/wp\/v2\/types\/post"}],"author":[{"embeddable":true,"href":"https:\/\/abrelivros.org.br\/site\/wp-json\/wp\/v2\/users\/1"}],"replies":[{"embeddable":true,"href":"https:\/\/abrelivros.org.br\/site\/wp-json\/wp\/v2\/comments?post=2478"}],"version-history":[{"count":0,"href":"https:\/\/abrelivros.org.br\/site\/wp-json\/wp\/v2\/posts\/2478\/revisions"}],"wp:attachment":[{"href":"https:\/\/abrelivros.org.br\/site\/wp-json\/wp\/v2\/media?parent=2478"}],"wp:term":[{"taxonomy":"category","embeddable":true,"href":"https:\/\/abrelivros.org.br\/site\/wp-json\/wp\/v2\/categories?post=2478"},{"taxonomy":"post_tag","embeddable":true,"href":"https:\/\/abrelivros.org.br\/site\/wp-json\/wp\/v2\/tags?post=2478"}],"curies":[{"name":"wp","href":"https:\/\/api.w.org\/{rel}","templated":true}]}}