{"id":2477,"date":"2009-02-11T15:04:00","date_gmt":"2009-02-11T17:04:00","guid":{"rendered":"https:\/\/abrelivros.org.br\/site\/2009\/02\/11\/duvidas-com-grafia-desafiam-setor-editorial-2\/"},"modified":"2009-02-11T15:04:00","modified_gmt":"2009-02-11T17:04:00","slug":"duvidas-com-grafia-desafiam-setor-editorial-2","status":"publish","type":"post","link":"https:\/\/abrelivros.org.br\/site\/duvidas-com-grafia-desafiam-setor-editorial-2\/","title":{"rendered":"D\u00favidas com grafia desafiam setor editorial"},"content":{"rendered":"<p>Em vigor desde o dia 1\u00ba de janeiro, o acordo ortogr\u00e1fico ainda traz d\u00favidas, que s\u00f3 ser\u00e3o sanadas de forma definitiva quando for publicado o Vocabul\u00e1rio Ortogr\u00e1fico da L\u00edngua Portuguesa (Volp), em mar\u00e7o, pela Editora Global &#8211; a elabora\u00e7\u00e3o ficou a cargo da Academia Brasileira de Letras. At\u00e9 l\u00e1, algumas editoras ainda aguardam as defini\u00e7\u00f5es para ajustar as suas obras \u00e0s novas regras. &nbsp;<br \/> &nbsp;<br \/> Apesar de a defini\u00e7\u00e3o sair em mar\u00e7o, o governo federal mant\u00e9m o edital para a compra de livros did\u00e1ticos, que deve receber as obras que concorrem at\u00e9 abril. A estimativa da C\u00e2mara Brasileiro do Livro (CBL) \u00e9 de que sejam necess\u00e1rios investimentos da ordem de R$ 30 milh\u00f5es para a reedi\u00e7\u00e3o dos livros, adaptando-os \u00e0 nova ortografia &#8211; o c\u00e1lculo leva em conta um universo de 45 mil t\u00edtulos produzidos no ano passado, dos quais apenas 15 mil eram novos. O mercado editorial movimenta cerca de R$ 3 bilh\u00f5es e cresce, nos \u00faltimos anos, a taxas vegetativas. O governo ainda \u00e9 o principal comprador, com quase um quarto do mercado. &nbsp;<br \/> &nbsp;<br \/> A presidente da CBL, Rosely Boschini, diz que os livros que \u201cconcorrem \u00e0 ado\u00e7\u00e3o\u201c s\u00e3o os primeiros que passam por adapta\u00e7\u00e3o. E lembra que o acordo pode abrir um novo mercado ao Brasil: o africano &#8211; pois antes, as publica\u00e7\u00f5es daquele pa\u00eds tinham de ser adaptadas. &nbsp;<br \/> &nbsp;<\/p>\n","protected":false},"excerpt":{"rendered":"<p>Em vigor desde o dia 1\u00ba de janeiro, o acordo ortogr\u00e1fico ainda traz d\u00favidas, que s\u00f3 ser\u00e3o sanadas de forma definitiva quando for publicado o Vocabul\u00e1rio Ortogr\u00e1fico da L\u00edngua Portuguesa (Volp), em mar\u00e7o, pela Editora Global &#8211; a elabora\u00e7\u00e3o ficou a cargo da Academia Brasileira de Letras. At\u00e9 l\u00e1, algumas editoras ainda aguardam as defini\u00e7\u00f5es [&hellip;]<\/p>\n","protected":false},"author":1,"featured_media":0,"comment_status":"closed","ping_status":"closed","sticky":false,"template":"","format":"standard","meta":{"footnotes":"","_links_to":"","_links_to_target":""},"categories":[9],"tags":[],"class_list":["post-2477","post","type-post","status-publish","format-standard","hentry","category-noticias-da-imprensa"],"yoast_head":"<!-- This site is optimized with the Yoast SEO plugin v15.1 - https:\/\/yoast.com\/wordpress\/plugins\/seo\/ -->\n<title>D\u00favidas com grafia desafiam setor editorial &raquo; Abrelivros<\/title>\n<meta name=\"robots\" content=\"index, follow, max-snippet:-1, max-image-preview:large, max-video-preview:-1\" \/>\n<link rel=\"canonical\" href=\"https:\/\/abrelivros.org.br\/site\/duvidas-com-grafia-desafiam-setor-editorial-2\/\" \/>\n<meta property=\"og:locale\" content=\"pt_BR\" \/>\n<meta property=\"og:type\" content=\"article\" \/>\n<meta property=\"og:title\" content=\"D\u00favidas com grafia desafiam setor editorial &raquo; Abrelivros\" \/>\n<meta property=\"og:description\" content=\"Em vigor desde o dia 1\u00ba de janeiro, o acordo ortogr\u00e1fico ainda traz d\u00favidas, que s\u00f3 ser\u00e3o sanadas de forma definitiva quando for publicado o Vocabul\u00e1rio Ortogr\u00e1fico da L\u00edngua Portuguesa (Volp), em mar\u00e7o, pela Editora Global &#8211; a elabora\u00e7\u00e3o ficou a cargo da Academia Brasileira de Letras. At\u00e9 l\u00e1, algumas editoras ainda aguardam as defini\u00e7\u00f5es [&hellip;]\" \/>\n<meta property=\"og:url\" content=\"https:\/\/abrelivros.org.br\/site\/duvidas-com-grafia-desafiam-setor-editorial-2\/\" \/>\n<meta property=\"og:site_name\" content=\"Abrelivros\" \/>\n<meta property=\"article:published_time\" content=\"2009-02-11T17:04:00+00:00\" \/>\n<meta name=\"twitter:card\" content=\"summary_large_image\" \/>\n<script type=\"application\/ld+json\" class=\"yoast-schema-graph\">{\"@context\":\"https:\/\/schema.org\",\"@graph\":[{\"@type\":\"WebSite\",\"@id\":\"https:\/\/abrelivros.org.br\/site\/#website\",\"url\":\"https:\/\/abrelivros.org.br\/site\/\",\"name\":\"Abrelivros\",\"description\":\"\",\"potentialAction\":[{\"@type\":\"SearchAction\",\"target\":\"https:\/\/abrelivros.org.br\/site\/?s={search_term_string}\",\"query-input\":\"required name=search_term_string\"}],\"inLanguage\":\"pt-BR\"},{\"@type\":\"WebPage\",\"@id\":\"https:\/\/abrelivros.org.br\/site\/duvidas-com-grafia-desafiam-setor-editorial-2\/#webpage\",\"url\":\"https:\/\/abrelivros.org.br\/site\/duvidas-com-grafia-desafiam-setor-editorial-2\/\",\"name\":\"D\\u00favidas com grafia desafiam setor editorial &raquo; Abrelivros\",\"isPartOf\":{\"@id\":\"https:\/\/abrelivros.org.br\/site\/#website\"},\"datePublished\":\"2009-02-11T17:04:00+00:00\",\"dateModified\":\"2009-02-11T17:04:00+00:00\",\"author\":{\"@id\":\"https:\/\/abrelivros.org.br\/site\/#\/schema\/person\/2b867f13a717bb230f1a3555505f5593\"},\"breadcrumb\":{\"@id\":\"https:\/\/abrelivros.org.br\/site\/duvidas-com-grafia-desafiam-setor-editorial-2\/#breadcrumb\"},\"inLanguage\":\"pt-BR\",\"potentialAction\":[{\"@type\":\"ReadAction\",\"target\":[\"https:\/\/abrelivros.org.br\/site\/duvidas-com-grafia-desafiam-setor-editorial-2\/\"]}]},{\"@type\":\"BreadcrumbList\",\"@id\":\"https:\/\/abrelivros.org.br\/site\/duvidas-com-grafia-desafiam-setor-editorial-2\/#breadcrumb\",\"itemListElement\":[{\"@type\":\"ListItem\",\"position\":1,\"item\":{\"@type\":\"WebPage\",\"@id\":\"https:\/\/abrelivros.org.br\/site\/\",\"url\":\"https:\/\/abrelivros.org.br\/site\/\",\"name\":\"In\\u00edcio\"}},{\"@type\":\"ListItem\",\"position\":2,\"item\":{\"@type\":\"WebPage\",\"@id\":\"https:\/\/abrelivros.org.br\/site\/category\/noticias\/\",\"url\":\"https:\/\/abrelivros.org.br\/site\/category\/noticias\/\",\"name\":\"Not\\u00edcias\"}},{\"@type\":\"ListItem\",\"position\":3,\"item\":{\"@type\":\"WebPage\",\"@id\":\"https:\/\/abrelivros.org.br\/site\/category\/noticias\/noticias-da-imprensa\/\",\"url\":\"https:\/\/abrelivros.org.br\/site\/category\/noticias\/noticias-da-imprensa\/\",\"name\":\"Not\\u00edcias da imprensa\"}},{\"@type\":\"ListItem\",\"position\":4,\"item\":{\"@type\":\"WebPage\",\"@id\":\"https:\/\/abrelivros.org.br\/site\/duvidas-com-grafia-desafiam-setor-editorial-2\/\",\"url\":\"https:\/\/abrelivros.org.br\/site\/duvidas-com-grafia-desafiam-setor-editorial-2\/\",\"name\":\"D\\u00favidas com grafia desafiam setor editorial\"}}]},{\"@type\":\"Person\",\"@id\":\"https:\/\/abrelivros.org.br\/site\/#\/schema\/person\/2b867f13a717bb230f1a3555505f5593\",\"name\":\"\\u00a0\",\"image\":{\"@type\":\"ImageObject\",\"@id\":\"https:\/\/abrelivros.org.br\/site\/#personlogo\",\"inLanguage\":\"pt-BR\",\"url\":\"https:\/\/secure.gravatar.com\/avatar\/e80b7f5231be2fff5040a8023da424898002831c5439420df182ae62676d2a6f?s=96&d=mm&r=g\",\"caption\":\"\\u00a0\"}}]}<\/script>\n<!-- \/ Yoast SEO plugin. -->","_links":{"self":[{"href":"https:\/\/abrelivros.org.br\/site\/wp-json\/wp\/v2\/posts\/2477","targetHints":{"allow":["GET"]}}],"collection":[{"href":"https:\/\/abrelivros.org.br\/site\/wp-json\/wp\/v2\/posts"}],"about":[{"href":"https:\/\/abrelivros.org.br\/site\/wp-json\/wp\/v2\/types\/post"}],"author":[{"embeddable":true,"href":"https:\/\/abrelivros.org.br\/site\/wp-json\/wp\/v2\/users\/1"}],"replies":[{"embeddable":true,"href":"https:\/\/abrelivros.org.br\/site\/wp-json\/wp\/v2\/comments?post=2477"}],"version-history":[{"count":0,"href":"https:\/\/abrelivros.org.br\/site\/wp-json\/wp\/v2\/posts\/2477\/revisions"}],"wp:attachment":[{"href":"https:\/\/abrelivros.org.br\/site\/wp-json\/wp\/v2\/media?parent=2477"}],"wp:term":[{"taxonomy":"category","embeddable":true,"href":"https:\/\/abrelivros.org.br\/site\/wp-json\/wp\/v2\/categories?post=2477"},{"taxonomy":"post_tag","embeddable":true,"href":"https:\/\/abrelivros.org.br\/site\/wp-json\/wp\/v2\/tags?post=2477"}],"curies":[{"name":"wp","href":"https:\/\/api.w.org\/{rel}","templated":true}]}}