{"id":2475,"date":"2009-02-12T15:26:00","date_gmt":"2009-02-12T17:26:00","guid":{"rendered":"https:\/\/abrelivros.org.br\/site\/2009\/02\/12\/mercado-aberto-papel\/"},"modified":"2009-02-12T15:26:00","modified_gmt":"2009-02-12T17:26:00","slug":"mercado-aberto-papel","status":"publish","type":"post","link":"https:\/\/abrelivros.org.br\/site\/mercado-aberto-papel\/","title":{"rendered":"Mercado Aberto: Papel"},"content":{"rendered":"<p>O setor de papel e celulose est\u00e1 em negocia\u00e7\u00e3o com o governo federal para a edi\u00e7\u00e3o de medidas para enfrentar a crise econ\u00f4mica. Elizabeth de Carvalhaes, presidente da Bracelpa (associa\u00e7\u00e3o do setor), apresentou as prioridades na \u00e1rea ao ministro Guido Mantega durante reuni\u00e3o na semana passada: amplia\u00e7\u00e3o das linhas de financiamento para as opera\u00e7\u00f5es de pr\u00e9-embarque de celulose, apoio nos seguros de cr\u00e9dito para exporta\u00e7\u00e3o e redu\u00e7\u00e3o dos impostos dos investimentos. Para o papel, o pleito \u00e9 por coibi\u00e7\u00e3o do desvio de papel declarado como imune e amplia\u00e7\u00e3o dos programas governamentais para aquisi\u00e7\u00e3o de livros did\u00e1ticos.<\/p>\n","protected":false},"excerpt":{"rendered":"<p>O setor de papel e celulose est\u00e1 em negocia\u00e7\u00e3o com o governo federal para a edi\u00e7\u00e3o de medidas para enfrentar a crise econ\u00f4mica. Elizabeth de Carvalhaes, presidente da Bracelpa (associa\u00e7\u00e3o do setor), apresentou as prioridades na \u00e1rea ao ministro Guido Mantega durante reuni\u00e3o na semana passada: amplia\u00e7\u00e3o das linhas de financiamento para as opera\u00e7\u00f5es de [&hellip;]<\/p>\n","protected":false},"author":1,"featured_media":0,"comment_status":"closed","ping_status":"closed","sticky":false,"template":"","format":"standard","meta":{"footnotes":"","_links_to":"","_links_to_target":""},"categories":[9],"tags":[],"class_list":["post-2475","post","type-post","status-publish","format-standard","hentry","category-noticias-da-imprensa"],"yoast_head":"<!-- This site is optimized with the Yoast SEO plugin v15.1 - https:\/\/yoast.com\/wordpress\/plugins\/seo\/ -->\n<title>Mercado Aberto: Papel &raquo; Abrelivros<\/title>\n<meta name=\"robots\" content=\"index, follow, max-snippet:-1, max-image-preview:large, max-video-preview:-1\" \/>\n<link rel=\"canonical\" href=\"https:\/\/abrelivros.org.br\/site\/mercado-aberto-papel\/\" \/>\n<meta property=\"og:locale\" content=\"pt_BR\" \/>\n<meta property=\"og:type\" content=\"article\" \/>\n<meta property=\"og:title\" content=\"Mercado Aberto: Papel &raquo; Abrelivros\" \/>\n<meta property=\"og:description\" content=\"O setor de papel e celulose est\u00e1 em negocia\u00e7\u00e3o com o governo federal para a edi\u00e7\u00e3o de medidas para enfrentar a crise econ\u00f4mica. Elizabeth de Carvalhaes, presidente da Bracelpa (associa\u00e7\u00e3o do setor), apresentou as prioridades na \u00e1rea ao ministro Guido Mantega durante reuni\u00e3o na semana passada: amplia\u00e7\u00e3o das linhas de financiamento para as opera\u00e7\u00f5es de [&hellip;]\" \/>\n<meta property=\"og:url\" content=\"https:\/\/abrelivros.org.br\/site\/mercado-aberto-papel\/\" \/>\n<meta property=\"og:site_name\" content=\"Abrelivros\" \/>\n<meta property=\"article:published_time\" content=\"2009-02-12T17:26:00+00:00\" \/>\n<meta name=\"twitter:card\" content=\"summary_large_image\" \/>\n<script type=\"application\/ld+json\" class=\"yoast-schema-graph\">{\"@context\":\"https:\/\/schema.org\",\"@graph\":[{\"@type\":\"WebSite\",\"@id\":\"https:\/\/abrelivros.org.br\/site\/#website\",\"url\":\"https:\/\/abrelivros.org.br\/site\/\",\"name\":\"Abrelivros\",\"description\":\"\",\"potentialAction\":[{\"@type\":\"SearchAction\",\"target\":\"https:\/\/abrelivros.org.br\/site\/?s={search_term_string}\",\"query-input\":\"required name=search_term_string\"}],\"inLanguage\":\"pt-BR\"},{\"@type\":\"WebPage\",\"@id\":\"https:\/\/abrelivros.org.br\/site\/mercado-aberto-papel\/#webpage\",\"url\":\"https:\/\/abrelivros.org.br\/site\/mercado-aberto-papel\/\",\"name\":\"Mercado Aberto: Papel &raquo; Abrelivros\",\"isPartOf\":{\"@id\":\"https:\/\/abrelivros.org.br\/site\/#website\"},\"datePublished\":\"2009-02-12T17:26:00+00:00\",\"dateModified\":\"2009-02-12T17:26:00+00:00\",\"author\":{\"@id\":\"https:\/\/abrelivros.org.br\/site\/#\/schema\/person\/2b867f13a717bb230f1a3555505f5593\"},\"breadcrumb\":{\"@id\":\"https:\/\/abrelivros.org.br\/site\/mercado-aberto-papel\/#breadcrumb\"},\"inLanguage\":\"pt-BR\",\"potentialAction\":[{\"@type\":\"ReadAction\",\"target\":[\"https:\/\/abrelivros.org.br\/site\/mercado-aberto-papel\/\"]}]},{\"@type\":\"BreadcrumbList\",\"@id\":\"https:\/\/abrelivros.org.br\/site\/mercado-aberto-papel\/#breadcrumb\",\"itemListElement\":[{\"@type\":\"ListItem\",\"position\":1,\"item\":{\"@type\":\"WebPage\",\"@id\":\"https:\/\/abrelivros.org.br\/site\/\",\"url\":\"https:\/\/abrelivros.org.br\/site\/\",\"name\":\"In\\u00edcio\"}},{\"@type\":\"ListItem\",\"position\":2,\"item\":{\"@type\":\"WebPage\",\"@id\":\"https:\/\/abrelivros.org.br\/site\/category\/noticias\/\",\"url\":\"https:\/\/abrelivros.org.br\/site\/category\/noticias\/\",\"name\":\"Not\\u00edcias\"}},{\"@type\":\"ListItem\",\"position\":3,\"item\":{\"@type\":\"WebPage\",\"@id\":\"https:\/\/abrelivros.org.br\/site\/category\/noticias\/noticias-da-imprensa\/\",\"url\":\"https:\/\/abrelivros.org.br\/site\/category\/noticias\/noticias-da-imprensa\/\",\"name\":\"Not\\u00edcias da imprensa\"}},{\"@type\":\"ListItem\",\"position\":4,\"item\":{\"@type\":\"WebPage\",\"@id\":\"https:\/\/abrelivros.org.br\/site\/mercado-aberto-papel\/\",\"url\":\"https:\/\/abrelivros.org.br\/site\/mercado-aberto-papel\/\",\"name\":\"Mercado Aberto: Papel\"}}]},{\"@type\":\"Person\",\"@id\":\"https:\/\/abrelivros.org.br\/site\/#\/schema\/person\/2b867f13a717bb230f1a3555505f5593\",\"name\":\"\\u00a0\",\"image\":{\"@type\":\"ImageObject\",\"@id\":\"https:\/\/abrelivros.org.br\/site\/#personlogo\",\"inLanguage\":\"pt-BR\",\"url\":\"https:\/\/secure.gravatar.com\/avatar\/e80b7f5231be2fff5040a8023da424898002831c5439420df182ae62676d2a6f?s=96&d=mm&r=g\",\"caption\":\"\\u00a0\"}}]}<\/script>\n<!-- \/ Yoast SEO plugin. -->","_links":{"self":[{"href":"https:\/\/abrelivros.org.br\/site\/wp-json\/wp\/v2\/posts\/2475","targetHints":{"allow":["GET"]}}],"collection":[{"href":"https:\/\/abrelivros.org.br\/site\/wp-json\/wp\/v2\/posts"}],"about":[{"href":"https:\/\/abrelivros.org.br\/site\/wp-json\/wp\/v2\/types\/post"}],"author":[{"embeddable":true,"href":"https:\/\/abrelivros.org.br\/site\/wp-json\/wp\/v2\/users\/1"}],"replies":[{"embeddable":true,"href":"https:\/\/abrelivros.org.br\/site\/wp-json\/wp\/v2\/comments?post=2475"}],"version-history":[{"count":0,"href":"https:\/\/abrelivros.org.br\/site\/wp-json\/wp\/v2\/posts\/2475\/revisions"}],"wp:attachment":[{"href":"https:\/\/abrelivros.org.br\/site\/wp-json\/wp\/v2\/media?parent=2475"}],"wp:term":[{"taxonomy":"category","embeddable":true,"href":"https:\/\/abrelivros.org.br\/site\/wp-json\/wp\/v2\/categories?post=2475"},{"taxonomy":"post_tag","embeddable":true,"href":"https:\/\/abrelivros.org.br\/site\/wp-json\/wp\/v2\/tags?post=2475"}],"curies":[{"name":"wp","href":"https:\/\/api.w.org\/{rel}","templated":true}]}}