{"id":2474,"date":"2009-02-13T15:57:00","date_gmt":"2009-02-13T17:57:00","guid":{"rendered":"https:\/\/abrelivros.org.br\/site\/2009\/02\/13\/mil-livros-de-professores-sao-apreendidos-em-sebos-de-niteroi-e-no-rio\/"},"modified":"2009-02-13T15:57:00","modified_gmt":"2009-02-13T17:57:00","slug":"mil-livros-de-professores-sao-apreendidos-em-sebos-de-niteroi-e-no-rio","status":"publish","type":"post","link":"https:\/\/abrelivros.org.br\/site\/mil-livros-de-professores-sao-apreendidos-em-sebos-de-niteroi-e-no-rio\/","title":{"rendered":"Mil livros de professores s\u00e3o apreendidos em sebos de Niter\u00f3i e no Rio"},"content":{"rendered":"<p>Foram apreendidos, na tarde desta quinta-feira 12 de fevereiro, mil livros do professor (que cont\u00e9m respostas das quest\u00f5es) em dois sebos em Niter\u00f3i e um no Rio. De acordo com a Assossia\u00e7\u00e3o Brasileira de Editores de Livro (Abrelivro), o material tem a venda proibida. Os livros foram recolhidos e levados para a Delegacia de Repress\u00e3o contra a propriedade imaterial, em S\u00e3o Crist\u00f3v\u00e3o. \u00a0<br \/> \u00a0<br \/>  \u00a0<br \/> \u00a0<br \/><B> DRCPIM combate \u00e0 venda de livros proibidos em Niter\u00f3i e no Centro do Rio\u00a0<br \/><\/B> Reda\u00e7\u00e3o SRZD\u00a0<br \/> \u00a0<br \/> Policiais da Delegacia de Repress\u00e3o aos Crimes Contra a Propriedade Imaterial (DRCPIM) est\u00e3o realizando, neste momento, uma opera\u00e7\u00e3o de combate \u00e0 venda de livros com vendagem proibida. Os livros s\u00e3o destinados exclusivamente ao uso de professores, pois trazem quest\u00f5es e respostas.Duas livrarias em Niteroi j\u00e1 foram vistoriadas e diversos livros foram apreendidos. Outros estabelecimentos est\u00e3o sendo vistoriadas no centro do Rio. \u00a0<br \/> \u00a0<br \/> De acordo com a titular da especializada, delegada Andrea Menezes, a a\u00e7\u00e3o faz parte de uma campanha da Associa\u00e7\u00e3o Brasileira dos Editores de Livros (Abrelivros) contra o com\u00e9rcio ilegal do livro do professor. O material apreendido ser\u00e1 apresentado na delegacia especializada, em S\u00e3o Crist\u00f3v\u00e3o, na Zona Norte.\u00a0<br \/> \u00a0<br \/> \u00a0<br \/> \u00a0<br \/><B> Antipirataria apreende cerca de 800 livros de venda proibida no Rio e em Niter\u00f3i\u00a0<br \/><\/B> ASCOM\/PCERJ &#8211; Thays Martins\u00a0<br \/> \u00a0<br \/> Policiais da Delegacia de Repress\u00e3o aos Crimes Contra a Propriedade Imaterial (DRCPIM) realizaram, na tarde desta quinta-feira, uma opera\u00e7\u00e3o para combater a venda proibida de livros de uso exclusivo de professores. Os agentes vistoriaram tr\u00eas livrarias, em Niter\u00f3i, e uma, no Rio. Na a\u00e7\u00e3o, foram recolhidos cerca de 800 livros. \u00a0<br \/> \u00a0<br \/> Os policiais encontraram livros com venda proibida nas livrarias Universo do Livro, na Livraria do Caminho, na Livraria S\u00f3 Letrando, situadas na Rua Almirante Teff\u00e9, no centro de Niter\u00f3i. No Rio, os livros apreendidos foram encontrados na Livraria Amorim, na Pra\u00e7a Tiradentes, no Centro.\u00a0<br \/> \u00a0<br \/> De acordo com Andrea Menezes, titular da especializada, a opera\u00e7\u00e3o faz parte de uma campanha da Associa\u00e7\u00e3o Brasileira dos Editores de Livros (Abrelivros) contra o com\u00e9rcio ilegal de livros do professor.\u00a0<br \/> \u00a0<\/p>\n","protected":false},"excerpt":{"rendered":"<p>Foram apreendidos, na tarde desta quinta-feira 12 de fevereiro, mil livros do professor (que cont\u00e9m respostas das quest\u00f5es) em dois sebos em Niter\u00f3i e um no Rio. De acordo com a Assossia\u00e7\u00e3o Brasileira de Editores de Livro (Abrelivro), o material tem a venda proibida. Os livros foram recolhidos e levados para a Delegacia de Repress\u00e3o [&hellip;]<\/p>\n","protected":false},"author":1,"featured_media":0,"comment_status":"closed","ping_status":"closed","sticky":false,"template":"","format":"standard","meta":{"footnotes":"","_links_to":"","_links_to_target":""},"categories":[9],"tags":[],"class_list":["post-2474","post","type-post","status-publish","format-standard","hentry","category-noticias-da-imprensa"],"yoast_head":"<!-- This site is optimized with the Yoast SEO plugin v15.1 - https:\/\/yoast.com\/wordpress\/plugins\/seo\/ -->\n<title>Mil livros de professores s\u00e3o apreendidos em sebos de Niter\u00f3i e no Rio &raquo; Abrelivros<\/title>\n<meta name=\"robots\" content=\"index, follow, max-snippet:-1, max-image-preview:large, max-video-preview:-1\" \/>\n<link rel=\"canonical\" href=\"https:\/\/abrelivros.org.br\/site\/mil-livros-de-professores-sao-apreendidos-em-sebos-de-niteroi-e-no-rio\/\" \/>\n<meta property=\"og:locale\" content=\"pt_BR\" \/>\n<meta property=\"og:type\" content=\"article\" \/>\n<meta property=\"og:title\" content=\"Mil livros de professores s\u00e3o apreendidos em sebos de Niter\u00f3i e no Rio &raquo; Abrelivros\" \/>\n<meta property=\"og:description\" content=\"Foram apreendidos, na tarde desta quinta-feira 12 de fevereiro, mil livros do professor (que cont\u00e9m respostas das quest\u00f5es) em dois sebos em Niter\u00f3i e um no Rio. De acordo com a Assossia\u00e7\u00e3o Brasileira de Editores de Livro (Abrelivro), o material tem a venda proibida. Os livros foram recolhidos e levados para a Delegacia de Repress\u00e3o [&hellip;]\" \/>\n<meta property=\"og:url\" content=\"https:\/\/abrelivros.org.br\/site\/mil-livros-de-professores-sao-apreendidos-em-sebos-de-niteroi-e-no-rio\/\" \/>\n<meta property=\"og:site_name\" content=\"Abrelivros\" \/>\n<meta property=\"article:published_time\" content=\"2009-02-13T17:57:00+00:00\" \/>\n<meta name=\"twitter:card\" content=\"summary_large_image\" \/>\n<script type=\"application\/ld+json\" class=\"yoast-schema-graph\">{\"@context\":\"https:\/\/schema.org\",\"@graph\":[{\"@type\":\"WebSite\",\"@id\":\"https:\/\/abrelivros.org.br\/site\/#website\",\"url\":\"https:\/\/abrelivros.org.br\/site\/\",\"name\":\"Abrelivros\",\"description\":\"\",\"potentialAction\":[{\"@type\":\"SearchAction\",\"target\":\"https:\/\/abrelivros.org.br\/site\/?s={search_term_string}\",\"query-input\":\"required name=search_term_string\"}],\"inLanguage\":\"pt-BR\"},{\"@type\":\"WebPage\",\"@id\":\"https:\/\/abrelivros.org.br\/site\/mil-livros-de-professores-sao-apreendidos-em-sebos-de-niteroi-e-no-rio\/#webpage\",\"url\":\"https:\/\/abrelivros.org.br\/site\/mil-livros-de-professores-sao-apreendidos-em-sebos-de-niteroi-e-no-rio\/\",\"name\":\"Mil livros de professores s\\u00e3o apreendidos em sebos de Niter\\u00f3i e no Rio &raquo; Abrelivros\",\"isPartOf\":{\"@id\":\"https:\/\/abrelivros.org.br\/site\/#website\"},\"datePublished\":\"2009-02-13T17:57:00+00:00\",\"dateModified\":\"2009-02-13T17:57:00+00:00\",\"author\":{\"@id\":\"https:\/\/abrelivros.org.br\/site\/#\/schema\/person\/2b867f13a717bb230f1a3555505f5593\"},\"breadcrumb\":{\"@id\":\"https:\/\/abrelivros.org.br\/site\/mil-livros-de-professores-sao-apreendidos-em-sebos-de-niteroi-e-no-rio\/#breadcrumb\"},\"inLanguage\":\"pt-BR\",\"potentialAction\":[{\"@type\":\"ReadAction\",\"target\":[\"https:\/\/abrelivros.org.br\/site\/mil-livros-de-professores-sao-apreendidos-em-sebos-de-niteroi-e-no-rio\/\"]}]},{\"@type\":\"BreadcrumbList\",\"@id\":\"https:\/\/abrelivros.org.br\/site\/mil-livros-de-professores-sao-apreendidos-em-sebos-de-niteroi-e-no-rio\/#breadcrumb\",\"itemListElement\":[{\"@type\":\"ListItem\",\"position\":1,\"item\":{\"@type\":\"WebPage\",\"@id\":\"https:\/\/abrelivros.org.br\/site\/\",\"url\":\"https:\/\/abrelivros.org.br\/site\/\",\"name\":\"In\\u00edcio\"}},{\"@type\":\"ListItem\",\"position\":2,\"item\":{\"@type\":\"WebPage\",\"@id\":\"https:\/\/abrelivros.org.br\/site\/category\/noticias\/\",\"url\":\"https:\/\/abrelivros.org.br\/site\/category\/noticias\/\",\"name\":\"Not\\u00edcias\"}},{\"@type\":\"ListItem\",\"position\":3,\"item\":{\"@type\":\"WebPage\",\"@id\":\"https:\/\/abrelivros.org.br\/site\/category\/noticias\/noticias-da-imprensa\/\",\"url\":\"https:\/\/abrelivros.org.br\/site\/category\/noticias\/noticias-da-imprensa\/\",\"name\":\"Not\\u00edcias da imprensa\"}},{\"@type\":\"ListItem\",\"position\":4,\"item\":{\"@type\":\"WebPage\",\"@id\":\"https:\/\/abrelivros.org.br\/site\/mil-livros-de-professores-sao-apreendidos-em-sebos-de-niteroi-e-no-rio\/\",\"url\":\"https:\/\/abrelivros.org.br\/site\/mil-livros-de-professores-sao-apreendidos-em-sebos-de-niteroi-e-no-rio\/\",\"name\":\"Mil livros de professores s\\u00e3o apreendidos em sebos de Niter\\u00f3i e no Rio\"}}]},{\"@type\":\"Person\",\"@id\":\"https:\/\/abrelivros.org.br\/site\/#\/schema\/person\/2b867f13a717bb230f1a3555505f5593\",\"name\":\"\\u00a0\",\"image\":{\"@type\":\"ImageObject\",\"@id\":\"https:\/\/abrelivros.org.br\/site\/#personlogo\",\"inLanguage\":\"pt-BR\",\"url\":\"https:\/\/secure.gravatar.com\/avatar\/e80b7f5231be2fff5040a8023da424898002831c5439420df182ae62676d2a6f?s=96&d=mm&r=g\",\"caption\":\"\\u00a0\"}}]}<\/script>\n<!-- \/ Yoast SEO plugin. -->","_links":{"self":[{"href":"https:\/\/abrelivros.org.br\/site\/wp-json\/wp\/v2\/posts\/2474","targetHints":{"allow":["GET"]}}],"collection":[{"href":"https:\/\/abrelivros.org.br\/site\/wp-json\/wp\/v2\/posts"}],"about":[{"href":"https:\/\/abrelivros.org.br\/site\/wp-json\/wp\/v2\/types\/post"}],"author":[{"embeddable":true,"href":"https:\/\/abrelivros.org.br\/site\/wp-json\/wp\/v2\/users\/1"}],"replies":[{"embeddable":true,"href":"https:\/\/abrelivros.org.br\/site\/wp-json\/wp\/v2\/comments?post=2474"}],"version-history":[{"count":0,"href":"https:\/\/abrelivros.org.br\/site\/wp-json\/wp\/v2\/posts\/2474\/revisions"}],"wp:attachment":[{"href":"https:\/\/abrelivros.org.br\/site\/wp-json\/wp\/v2\/media?parent=2474"}],"wp:term":[{"taxonomy":"category","embeddable":true,"href":"https:\/\/abrelivros.org.br\/site\/wp-json\/wp\/v2\/categories?post=2474"},{"taxonomy":"post_tag","embeddable":true,"href":"https:\/\/abrelivros.org.br\/site\/wp-json\/wp\/v2\/tags?post=2474"}],"curies":[{"name":"wp","href":"https:\/\/api.w.org\/{rel}","templated":true}]}}