{"id":2473,"date":"2009-02-13T16:03:00","date_gmt":"2009-02-13T18:03:00","guid":{"rendered":"https:\/\/abrelivros.org.br\/site\/2009\/02\/13\/duvidas-com-grafia-desafiam-setor-editorial\/"},"modified":"2009-02-13T16:03:00","modified_gmt":"2009-02-13T18:03:00","slug":"duvidas-com-grafia-desafiam-setor-editorial","status":"publish","type":"post","link":"https:\/\/abrelivros.org.br\/site\/duvidas-com-grafia-desafiam-setor-editorial\/","title":{"rendered":"D\u00favidas com grafia desafiam setor editorial"},"content":{"rendered":"<p>Em vigor desde o dia 1\u00ba de janeiro, o acordo ortogr\u00e1fico ainda traz d\u00favidas, que s\u00f3 ser\u00e3o sanadas de forma definitiva quando for publicado o Vocabul\u00e1rio Ortogr\u00e1fico da L\u00edngua Portuguesa (Volp), em mar\u00e7o, pela Editora Global &#8211; a elabora\u00e7\u00e3o ficou a cargo da Academia Brasileira de Letras.\u00a0<br \/>  \u00a0<br \/> At\u00e9 l\u00e1, algumas editoras ainda aguardam as defini\u00e7\u00f5es para ajustar as suas obras \u00e0s novas regras. Apesar de a defini\u00e7\u00e3o sair em mar\u00e7o, o governo federal mant\u00e9m o edital para a compra de livros did\u00e1ticos, que deve receber as obras que concorrem at\u00e9 abril.\u00a0<br \/> \u00a0<br \/> A estimativa da C\u00e2mara Brasileiro do Livro (CBL) \u00e9 de que sejam necess\u00e1rios investimentos da ordem de R$ 30 milh\u00f5es para a reedi\u00e7\u00e3o dos livros, adaptando-os \u00e0 nova ortografia &#8211; o c\u00e1lculo leva em conta um universo de 45 mil t\u00edtulos produzidos no ano passado, dos quais apenas 15 mil eram novos. \u00a0<br \/> \u00a0<br \/> O mercado editorial movimenta cerca de R$ 3 bilh\u00f5es e cresce, nos \u00faltimos anos, a taxas vegetativas. O governo ainda \u00e9 o principal comprador, com quase um quarto do mercado. \u201cO que vai fundamentar ou dar diretriz \u00e9 a publica\u00e7\u00e3o do Volp. Mas os principais livros e os novos j\u00e1 est\u00e3o saindo com a nova ortografia\u201c, diz S\u00f4nia Machado Jardim, presidente do Sindicato Nacional dos Editores (Snel).\u00a0<br \/>  \u00a0<br \/> Ela diz que n\u00e3o existe uma estimativa de quantas publica\u00e7\u00f5es foram adaptadas, mas que muitos editores ainda esperam pelo Volp para n\u00e3o terem de refazer o trabalho. Apenas em sua editora, a Record, ser\u00e3o investidos R$ 7 milh\u00f5es por conta do novo acordo.\u00a0<br \/> \u00a0<br \/> A presidente da CBL, Rosely Boschini, diz que os livros que \u201cconcorrem \u00e0 ado\u00e7\u00e3o\u201c s\u00e3o os primeiros que passam por adapta\u00e7\u00e3o. E lembra que o acordo pode abrir um novo mercado ao Brasil: o africano &#8211; pois antes, as publica\u00e7\u00f5es daquele pa\u00eds tinham de ser adaptadas.\u00a0<br \/> \u00a0<br \/><B> Pend\u00eancias\u00a0<br \/> \u00a0<br \/><\/B> Na \u00e1rea de dicion\u00e1rios, o Volp \u00e9 ainda mais importante. A Editora Positivo espera a publica\u00e7\u00e3o da norma para lan\u00e7ar outra vers\u00e3o do Aur\u00e9lio &#8211; o \u201cmini\u201c est\u00e1 dispon\u00edvel desde agosto. \u201cExistem algumas pend\u00eancias de interpreta\u00e7\u00e3o, e quem vai dirimir estas quest\u00f5es \u00e9 o Volp\u201c, afirma Emerson Santos, diretor-geral da Editora Positivo. Segundo ele, \u00e9 quando o Volp sair que as edi\u00e7\u00f5es maiores ser\u00e3o utilizadas, pois as menores e as infantis t\u00eam uma quantidade menor de palavras que possam gerar d\u00favidas. Para a atualiza\u00e7\u00e3o, a editora teve de contratar 20 revisores &#8211; a empresa n\u00e3o revela o valor investido. \u00a0<br \/> \u00a0<br \/> \u201cN\u00e3o se supunha que houvesse necessidade de interpreta\u00e7\u00f5es. Era um acordo para ser aplicado e pronto\u201c, diz Alexandre Faccioli, diretor-editorial da Escala Educacional e Larousse. Ele lembra que as d\u00favidas s\u00e3o m\u00ednimas, mas que os livros podem precisar passar por emendas ou reedi\u00e7\u00e3o e que as solu\u00e7\u00f5es definitivas s\u00f3 vir\u00e3o com o Volp. \u00a0<br \/> \u00a0<br \/> No entanto, ele lembra que, como o prazo para a implanta\u00e7\u00e3o da nova ortografia \u00e9 longo &#8211; s\u00f3 ser\u00e1 exigida em 2013 -, h\u00e1 tempo para o \u201cfluxo de estoque\u201c das editoras. Faccioli diz que todos os livros publicados neste ano j\u00e1 atendem \u00e0s novas regras.\u00a0<br \/> \u00a0<br \/> A avalia\u00e7\u00e3o da Associa\u00e7\u00e3o Brasileira de Livros (Abrelivros) \u00e9 que, at\u00e9 a publica\u00e7\u00e3o do Volp, todo o trabalho de adapta\u00e7\u00e3o e revis\u00e3o realizado at\u00e9 o momento ter\u00e1 de passar por novas corre\u00e7\u00f5es, posteriormente. De acordo com a associa\u00e7\u00e3o, cada editora tem o seu ritmo para a revis\u00e3o.\u00a0<br \/> \u00a0<br \/> Todos os anos o governo compra entre 120 milh\u00f5es e 130 milh\u00f5es de livros did\u00e1ticos. Um edital para 2011 &#8211; destinado aos livros da 6\u00aa a 9\u00aa s\u00e9ries do ensino fundamental &#8211; est\u00e1 aberto e receber\u00e1 o conte\u00fado das obras em abril. Neste caso, se os livros estiverem com \u201cerros\u201c em rela\u00e7\u00e3o \u00e0 edi\u00e7\u00e3o do Volp, n\u00e3o ser\u00e3o descartados, mas ter\u00e3o de ser corrigidos at\u00e9 a publica\u00e7\u00e3o. J\u00e1 para a aquisi\u00e7\u00e3o de dicion\u00e1rios, o Minist\u00e9rio da Educa\u00e7\u00e3o esperar\u00e1 a publica\u00e7\u00e3o do Volp para lan\u00e7ar o edital.\u00a0<br \/> \u00a0<br \/><B> Entendimento\u00a0<br \/> \u00a0<br \/><\/B> Rafael Torino, diretor de a\u00e7\u00f5es educacionais do Fundo Nacional de Desenvolvimento da Educa\u00e7\u00e3o (FNDE), explica que a maior parte das palavras n\u00e3o depende do Volp para entendimento da grafia. Segundo ele, os livros que ser\u00e3o entregues em 2010 &#8211; objeto de edital em 2008 &#8211; ter\u00e3o autoriza\u00e7\u00e3o para que efetuem corre\u00e7\u00f5es nas obras aprovadas na hora de imprimir. \u201cA escolha antecedeu o tira-d\u00favida da Academia\u201c, afirma.\u00a0<br \/> \u00a0<br \/> J\u00e1 o edital para os livros que ser\u00e3o entregues em 2011 pressup\u00f5e a nova ortografia, inclusive as quest\u00f5es referentes \u00e0s d\u00favidas. \u201cUm m\u00eas \u00e9 um tempo fact\u00edvel\u201c, afirma Torino &#8211; referindo-se ao fato de o Volp ser publicado em mar\u00e7o e o prazo para a entrega dos prot\u00f3tipos ser em abril. \u201cEm princ\u00edpio, eles estar\u00e3o ajustados. Mas, se houver necessidade de emendas, ser\u00e3o feitas antes da impress\u00e3o\u201c. Ele garante que nenhuma editora corre o risco de ser desclassificada se a publica\u00e7\u00e3o contiver erros em rela\u00e7\u00e3o \u00e0s d\u00favidas sanadas no Volp. \u201cMas ser\u00e1 se entregar na norma antiga\u201c.\u00a0<br \/> \u00a0<br \/> A Abrelivros informa que, dada a falta de tempo h\u00e1bil para altera\u00e7\u00f5es nas obras inscritas para o PNLD 2011, cuja entrega ocorrer\u00e1 em abril, firmou o compromisso com o Minist\u00e9rio da Educa\u00e7\u00e3o de que todos os livros aprovados na avalia\u00e7\u00e3o ser\u00e3o novamente revisados em rela\u00e7\u00e3o a esse aspecto e entregues aos alunos em total conformidade com o Volp.\u00a0<br \/> \u00a0<\/p>\n","protected":false},"excerpt":{"rendered":"<p>Em vigor desde o dia 1\u00ba de janeiro, o acordo ortogr\u00e1fico ainda traz d\u00favidas, que s\u00f3 ser\u00e3o sanadas de forma definitiva quando for publicado o Vocabul\u00e1rio Ortogr\u00e1fico da L\u00edngua Portuguesa (Volp), em mar\u00e7o, pela Editora Global &#8211; a elabora\u00e7\u00e3o ficou a cargo da Academia Brasileira de Letras.\u00a0 \u00a0 At\u00e9 l\u00e1, algumas editoras ainda aguardam as [&hellip;]<\/p>\n","protected":false},"author":1,"featured_media":0,"comment_status":"closed","ping_status":"closed","sticky":false,"template":"","format":"standard","meta":{"footnotes":"","_links_to":"","_links_to_target":""},"categories":[9],"tags":[],"class_list":["post-2473","post","type-post","status-publish","format-standard","hentry","category-noticias-da-imprensa"],"yoast_head":"<!-- This site is optimized with the Yoast SEO plugin v15.1 - https:\/\/yoast.com\/wordpress\/plugins\/seo\/ -->\n<title>D\u00favidas com grafia desafiam setor editorial &raquo; Abrelivros<\/title>\n<meta name=\"robots\" content=\"index, follow, max-snippet:-1, max-image-preview:large, max-video-preview:-1\" \/>\n<link rel=\"canonical\" href=\"https:\/\/abrelivros.org.br\/site\/duvidas-com-grafia-desafiam-setor-editorial\/\" \/>\n<meta property=\"og:locale\" content=\"pt_BR\" \/>\n<meta property=\"og:type\" content=\"article\" \/>\n<meta property=\"og:title\" content=\"D\u00favidas com grafia desafiam setor editorial &raquo; Abrelivros\" \/>\n<meta property=\"og:description\" content=\"Em vigor desde o dia 1\u00ba de janeiro, o acordo ortogr\u00e1fico ainda traz d\u00favidas, que s\u00f3 ser\u00e3o sanadas de forma definitiva quando for publicado o Vocabul\u00e1rio Ortogr\u00e1fico da L\u00edngua Portuguesa (Volp), em mar\u00e7o, pela Editora Global &#8211; a elabora\u00e7\u00e3o ficou a cargo da Academia Brasileira de Letras.\u00a0 \u00a0 At\u00e9 l\u00e1, algumas editoras ainda aguardam as [&hellip;]\" \/>\n<meta property=\"og:url\" content=\"https:\/\/abrelivros.org.br\/site\/duvidas-com-grafia-desafiam-setor-editorial\/\" \/>\n<meta property=\"og:site_name\" content=\"Abrelivros\" \/>\n<meta property=\"article:published_time\" content=\"2009-02-13T18:03:00+00:00\" \/>\n<meta name=\"twitter:card\" content=\"summary_large_image\" \/>\n<script type=\"application\/ld+json\" class=\"yoast-schema-graph\">{\"@context\":\"https:\/\/schema.org\",\"@graph\":[{\"@type\":\"WebSite\",\"@id\":\"https:\/\/abrelivros.org.br\/site\/#website\",\"url\":\"https:\/\/abrelivros.org.br\/site\/\",\"name\":\"Abrelivros\",\"description\":\"\",\"potentialAction\":[{\"@type\":\"SearchAction\",\"target\":\"https:\/\/abrelivros.org.br\/site\/?s={search_term_string}\",\"query-input\":\"required name=search_term_string\"}],\"inLanguage\":\"pt-BR\"},{\"@type\":\"WebPage\",\"@id\":\"https:\/\/abrelivros.org.br\/site\/duvidas-com-grafia-desafiam-setor-editorial\/#webpage\",\"url\":\"https:\/\/abrelivros.org.br\/site\/duvidas-com-grafia-desafiam-setor-editorial\/\",\"name\":\"D\\u00favidas com grafia desafiam setor editorial &raquo; Abrelivros\",\"isPartOf\":{\"@id\":\"https:\/\/abrelivros.org.br\/site\/#website\"},\"datePublished\":\"2009-02-13T18:03:00+00:00\",\"dateModified\":\"2009-02-13T18:03:00+00:00\",\"author\":{\"@id\":\"https:\/\/abrelivros.org.br\/site\/#\/schema\/person\/2b867f13a717bb230f1a3555505f5593\"},\"breadcrumb\":{\"@id\":\"https:\/\/abrelivros.org.br\/site\/duvidas-com-grafia-desafiam-setor-editorial\/#breadcrumb\"},\"inLanguage\":\"pt-BR\",\"potentialAction\":[{\"@type\":\"ReadAction\",\"target\":[\"https:\/\/abrelivros.org.br\/site\/duvidas-com-grafia-desafiam-setor-editorial\/\"]}]},{\"@type\":\"BreadcrumbList\",\"@id\":\"https:\/\/abrelivros.org.br\/site\/duvidas-com-grafia-desafiam-setor-editorial\/#breadcrumb\",\"itemListElement\":[{\"@type\":\"ListItem\",\"position\":1,\"item\":{\"@type\":\"WebPage\",\"@id\":\"https:\/\/abrelivros.org.br\/site\/\",\"url\":\"https:\/\/abrelivros.org.br\/site\/\",\"name\":\"In\\u00edcio\"}},{\"@type\":\"ListItem\",\"position\":2,\"item\":{\"@type\":\"WebPage\",\"@id\":\"https:\/\/abrelivros.org.br\/site\/category\/noticias\/\",\"url\":\"https:\/\/abrelivros.org.br\/site\/category\/noticias\/\",\"name\":\"Not\\u00edcias\"}},{\"@type\":\"ListItem\",\"position\":3,\"item\":{\"@type\":\"WebPage\",\"@id\":\"https:\/\/abrelivros.org.br\/site\/category\/noticias\/noticias-da-imprensa\/\",\"url\":\"https:\/\/abrelivros.org.br\/site\/category\/noticias\/noticias-da-imprensa\/\",\"name\":\"Not\\u00edcias da imprensa\"}},{\"@type\":\"ListItem\",\"position\":4,\"item\":{\"@type\":\"WebPage\",\"@id\":\"https:\/\/abrelivros.org.br\/site\/duvidas-com-grafia-desafiam-setor-editorial\/\",\"url\":\"https:\/\/abrelivros.org.br\/site\/duvidas-com-grafia-desafiam-setor-editorial\/\",\"name\":\"D\\u00favidas com grafia desafiam setor editorial\"}}]},{\"@type\":\"Person\",\"@id\":\"https:\/\/abrelivros.org.br\/site\/#\/schema\/person\/2b867f13a717bb230f1a3555505f5593\",\"name\":\"\\u00a0\",\"image\":{\"@type\":\"ImageObject\",\"@id\":\"https:\/\/abrelivros.org.br\/site\/#personlogo\",\"inLanguage\":\"pt-BR\",\"url\":\"https:\/\/secure.gravatar.com\/avatar\/e80b7f5231be2fff5040a8023da424898002831c5439420df182ae62676d2a6f?s=96&d=mm&r=g\",\"caption\":\"\\u00a0\"}}]}<\/script>\n<!-- \/ Yoast SEO plugin. -->","_links":{"self":[{"href":"https:\/\/abrelivros.org.br\/site\/wp-json\/wp\/v2\/posts\/2473","targetHints":{"allow":["GET"]}}],"collection":[{"href":"https:\/\/abrelivros.org.br\/site\/wp-json\/wp\/v2\/posts"}],"about":[{"href":"https:\/\/abrelivros.org.br\/site\/wp-json\/wp\/v2\/types\/post"}],"author":[{"embeddable":true,"href":"https:\/\/abrelivros.org.br\/site\/wp-json\/wp\/v2\/users\/1"}],"replies":[{"embeddable":true,"href":"https:\/\/abrelivros.org.br\/site\/wp-json\/wp\/v2\/comments?post=2473"}],"version-history":[{"count":0,"href":"https:\/\/abrelivros.org.br\/site\/wp-json\/wp\/v2\/posts\/2473\/revisions"}],"wp:attachment":[{"href":"https:\/\/abrelivros.org.br\/site\/wp-json\/wp\/v2\/media?parent=2473"}],"wp:term":[{"taxonomy":"category","embeddable":true,"href":"https:\/\/abrelivros.org.br\/site\/wp-json\/wp\/v2\/categories?post=2473"},{"taxonomy":"post_tag","embeddable":true,"href":"https:\/\/abrelivros.org.br\/site\/wp-json\/wp\/v2\/tags?post=2473"}],"curies":[{"name":"wp","href":"https:\/\/api.w.org\/{rel}","templated":true}]}}