{"id":2470,"date":"2009-02-18T12:22:00","date_gmt":"2009-02-18T15:22:00","guid":{"rendered":"https:\/\/abrelivros.org.br\/site\/2009\/02\/18\/novo-sistema-federativo-vai-unificar-acoes-de-cultura\/"},"modified":"2009-02-18T12:22:00","modified_gmt":"2009-02-18T15:22:00","slug":"novo-sistema-federativo-vai-unificar-acoes-de-cultura","status":"publish","type":"post","link":"https:\/\/abrelivros.org.br\/site\/novo-sistema-federativo-vai-unificar-acoes-de-cultura\/","title":{"rendered":"Novo sistema federativo vai unificar a\u00e7\u00f5es de Cultura"},"content":{"rendered":"<p>O ministro da Cultura, Juca Ferreira, vai apresentar aos Estados e munic\u00edpios uma proposta de Sistema Nacional de Cultura. O an\u00fancio foi feito durante o F\u00f3rum Nacional de prefeitas e prefeitos e o objetivo \u00e9 articular e compartilhar as tarefas e recursos dos governos federal, estadual e municipal para o setor. \u201cTodos os editais do Minist\u00e9rio est\u00e3o caminhando para serem federalizados, isto \u00e9, a administra\u00e7\u00e3o deles ser\u00e1 divida com os estados e munic\u00edpios\u201d.<br \/>\u00a0 <br \/> No ano passado, o Minist\u00e9rio n\u00e3o conseguiu envolver os munic\u00edpios em muitos editais por causa das elei\u00e7\u00f5es. \u201cEm ano eleitoral n\u00e3o \u00e9 poss\u00edvel fazer conv\u00eanios e repasses de recursos\u201d, diz o ministro. Segundo ele, 2009 \u00e9 o ano de amplia\u00e7\u00e3o da rela\u00e7\u00e3o com os munic\u00edpios em todas as \u00e1reas: Patrim\u00f4nio, Ponto de Cultura, Mais Cultura e Artes. \u201cEsse \u00e9 o ano de trabalharmos com os munic\u00edpios. At\u00e9 junho, o MinC quer zerar as regi\u00f5es sem bibliotecas\u201d. <br \/>\u00a0 <br \/> O presidente do Instituto do Patrim\u00f4nio Hist\u00f3rico e Art\u00edstico Nacional (Iphan\/MinC), Luiz Fernando de Almeida, disse que pretende estabelecer um patamar diferenciado entre a rela\u00e7\u00e3o do MinC e do Iphan com os munic\u00edpios e instituir um processo novo de interlocu\u00e7\u00e3o mais organizada com essa rede de cidades.<br \/>\u00a0 <br \/> O prefeito de Ouro Preto, \u00c2ngelo Santos, lembrou que a mobiliza\u00e7\u00e3o proposta criar\u00e1 diversas pautas para as cidades hist\u00f3ricas. \u201cO Iphan tem que ser fortalecido, no sentido de ser capaz de manter essa interlocu\u00e7\u00e3o com as cidades, ser parceiro, transferir recursos e trabalhar juntos\u201d.<br \/>\u00a0 <br \/> Juca Ferreira garantiu levar os recursos, por meio dos editais, aos lugares mais carentes, estimulando a cultura local com a implementa\u00e7\u00e3o dos Pontos de Cultura. Segundo pesquisa recente do Instituto Brasileiro de Geografia e Estat\u00edstica (IBGE), apenas 8,7% das cidades brasileiras contam com salas de cinema. \u201cS\u00e3o mais de R$ 100 mil em dois anos, podendo ser renov\u00e1veis. Com o recurso adquire-se equipamentos digitais, acesso \u00e0 internet, computador, banda larga, treinamento e equipamentos necess\u00e1rios. \u00c9 dif\u00edcil, a burocracia \u00e9 monstruosa, mas todos tem de se inscrever nos editais e enfrentar essa barreira\u201d, disse.<br \/>\u00a0 <br \/> Na reuni\u00e3o com representantes da Amaz\u00f4nia, Edson Bessa, prefeito de Manacapuru (AM), pediu apoio \u00e0 maior manifesta\u00e7\u00e3o cultural do estado do Amazonas, o Festival de Ciranda. O local do evento, que recebe um p\u00fablico anual de cerca de 35 mil pessoas, fica vazio nos outros dias do ano. O prefeito se comprometeu a inscrever o munic\u00edpio nos editais dos Pontos de Cultura, para preencher o espa\u00e7o com outras manifesta\u00e7\u00f5es culturais da regi\u00e3o.<\/p>\n<p> O secret\u00e1rio municipal de Cultura de Rio Branco, Marcus Vin\u00edcius, disse que, mesmo com um or\u00e7amento baixo, n\u00e3o deixou a cultura de lado em nenhum momento. \u201cSabemos o quanto ela \u00e9 importante para a auto-estima das pessoas de nossa cidade e para isso contamos sempre com o apoio e a parceria do Minist\u00e9rio da Cultura\u201d. <\/p>\n<p> A prefeita de Capivari do Sul (RS), Glacy Os\u00f3rio, ficou entusiasmada com os projetos. \u201cAchei os programas excelentes, estou levando material para estud\u00e1-los\u201d.<br \/>\u00a0 <\/p>\n","protected":false},"excerpt":{"rendered":"<p>O ministro da Cultura, Juca Ferreira, vai apresentar aos Estados e munic\u00edpios uma proposta de Sistema Nacional de Cultura. O an\u00fancio foi feito durante o F\u00f3rum Nacional de prefeitas e prefeitos e o objetivo \u00e9 articular e compartilhar as tarefas e recursos dos governos federal, estadual e municipal para o setor. \u201cTodos os editais do [&hellip;]<\/p>\n","protected":false},"author":1,"featured_media":0,"comment_status":"closed","ping_status":"closed","sticky":false,"template":"","format":"standard","meta":{"footnotes":"","_links_to":"","_links_to_target":""},"categories":[9],"tags":[],"class_list":["post-2470","post","type-post","status-publish","format-standard","hentry","category-noticias-da-imprensa"],"yoast_head":"<!-- This site is optimized with the Yoast SEO plugin v15.1 - https:\/\/yoast.com\/wordpress\/plugins\/seo\/ -->\n<title>Novo sistema federativo vai unificar a\u00e7\u00f5es de Cultura &raquo; Abrelivros<\/title>\n<meta name=\"robots\" content=\"index, follow, max-snippet:-1, max-image-preview:large, max-video-preview:-1\" \/>\n<link rel=\"canonical\" href=\"https:\/\/abrelivros.org.br\/site\/novo-sistema-federativo-vai-unificar-acoes-de-cultura\/\" \/>\n<meta property=\"og:locale\" content=\"pt_BR\" \/>\n<meta property=\"og:type\" content=\"article\" \/>\n<meta property=\"og:title\" content=\"Novo sistema federativo vai unificar a\u00e7\u00f5es de Cultura &raquo; Abrelivros\" \/>\n<meta property=\"og:description\" content=\"O ministro da Cultura, Juca Ferreira, vai apresentar aos Estados e munic\u00edpios uma proposta de Sistema Nacional de Cultura. O an\u00fancio foi feito durante o F\u00f3rum Nacional de prefeitas e prefeitos e o objetivo \u00e9 articular e compartilhar as tarefas e recursos dos governos federal, estadual e municipal para o setor. \u201cTodos os editais do [&hellip;]\" \/>\n<meta property=\"og:url\" content=\"https:\/\/abrelivros.org.br\/site\/novo-sistema-federativo-vai-unificar-acoes-de-cultura\/\" \/>\n<meta property=\"og:site_name\" content=\"Abrelivros\" \/>\n<meta property=\"article:published_time\" content=\"2009-02-18T15:22:00+00:00\" \/>\n<meta name=\"twitter:card\" content=\"summary_large_image\" \/>\n<script type=\"application\/ld+json\" class=\"yoast-schema-graph\">{\"@context\":\"https:\/\/schema.org\",\"@graph\":[{\"@type\":\"WebSite\",\"@id\":\"https:\/\/abrelivros.org.br\/site\/#website\",\"url\":\"https:\/\/abrelivros.org.br\/site\/\",\"name\":\"Abrelivros\",\"description\":\"\",\"potentialAction\":[{\"@type\":\"SearchAction\",\"target\":\"https:\/\/abrelivros.org.br\/site\/?s={search_term_string}\",\"query-input\":\"required name=search_term_string\"}],\"inLanguage\":\"pt-BR\"},{\"@type\":\"WebPage\",\"@id\":\"https:\/\/abrelivros.org.br\/site\/novo-sistema-federativo-vai-unificar-acoes-de-cultura\/#webpage\",\"url\":\"https:\/\/abrelivros.org.br\/site\/novo-sistema-federativo-vai-unificar-acoes-de-cultura\/\",\"name\":\"Novo sistema federativo vai unificar a\\u00e7\\u00f5es de Cultura &raquo; Abrelivros\",\"isPartOf\":{\"@id\":\"https:\/\/abrelivros.org.br\/site\/#website\"},\"datePublished\":\"2009-02-18T15:22:00+00:00\",\"dateModified\":\"2009-02-18T15:22:00+00:00\",\"author\":{\"@id\":\"https:\/\/abrelivros.org.br\/site\/#\/schema\/person\/2b867f13a717bb230f1a3555505f5593\"},\"breadcrumb\":{\"@id\":\"https:\/\/abrelivros.org.br\/site\/novo-sistema-federativo-vai-unificar-acoes-de-cultura\/#breadcrumb\"},\"inLanguage\":\"pt-BR\",\"potentialAction\":[{\"@type\":\"ReadAction\",\"target\":[\"https:\/\/abrelivros.org.br\/site\/novo-sistema-federativo-vai-unificar-acoes-de-cultura\/\"]}]},{\"@type\":\"BreadcrumbList\",\"@id\":\"https:\/\/abrelivros.org.br\/site\/novo-sistema-federativo-vai-unificar-acoes-de-cultura\/#breadcrumb\",\"itemListElement\":[{\"@type\":\"ListItem\",\"position\":1,\"item\":{\"@type\":\"WebPage\",\"@id\":\"https:\/\/abrelivros.org.br\/site\/\",\"url\":\"https:\/\/abrelivros.org.br\/site\/\",\"name\":\"In\\u00edcio\"}},{\"@type\":\"ListItem\",\"position\":2,\"item\":{\"@type\":\"WebPage\",\"@id\":\"https:\/\/abrelivros.org.br\/site\/category\/noticias\/\",\"url\":\"https:\/\/abrelivros.org.br\/site\/category\/noticias\/\",\"name\":\"Not\\u00edcias\"}},{\"@type\":\"ListItem\",\"position\":3,\"item\":{\"@type\":\"WebPage\",\"@id\":\"https:\/\/abrelivros.org.br\/site\/category\/noticias\/noticias-da-imprensa\/\",\"url\":\"https:\/\/abrelivros.org.br\/site\/category\/noticias\/noticias-da-imprensa\/\",\"name\":\"Not\\u00edcias da imprensa\"}},{\"@type\":\"ListItem\",\"position\":4,\"item\":{\"@type\":\"WebPage\",\"@id\":\"https:\/\/abrelivros.org.br\/site\/novo-sistema-federativo-vai-unificar-acoes-de-cultura\/\",\"url\":\"https:\/\/abrelivros.org.br\/site\/novo-sistema-federativo-vai-unificar-acoes-de-cultura\/\",\"name\":\"Novo sistema federativo vai unificar a\\u00e7\\u00f5es de Cultura\"}}]},{\"@type\":\"Person\",\"@id\":\"https:\/\/abrelivros.org.br\/site\/#\/schema\/person\/2b867f13a717bb230f1a3555505f5593\",\"name\":\"\\u00a0\",\"image\":{\"@type\":\"ImageObject\",\"@id\":\"https:\/\/abrelivros.org.br\/site\/#personlogo\",\"inLanguage\":\"pt-BR\",\"url\":\"https:\/\/secure.gravatar.com\/avatar\/e80b7f5231be2fff5040a8023da424898002831c5439420df182ae62676d2a6f?s=96&d=mm&r=g\",\"caption\":\"\\u00a0\"}}]}<\/script>\n<!-- \/ Yoast SEO plugin. -->","_links":{"self":[{"href":"https:\/\/abrelivros.org.br\/site\/wp-json\/wp\/v2\/posts\/2470","targetHints":{"allow":["GET"]}}],"collection":[{"href":"https:\/\/abrelivros.org.br\/site\/wp-json\/wp\/v2\/posts"}],"about":[{"href":"https:\/\/abrelivros.org.br\/site\/wp-json\/wp\/v2\/types\/post"}],"author":[{"embeddable":true,"href":"https:\/\/abrelivros.org.br\/site\/wp-json\/wp\/v2\/users\/1"}],"replies":[{"embeddable":true,"href":"https:\/\/abrelivros.org.br\/site\/wp-json\/wp\/v2\/comments?post=2470"}],"version-history":[{"count":0,"href":"https:\/\/abrelivros.org.br\/site\/wp-json\/wp\/v2\/posts\/2470\/revisions"}],"wp:attachment":[{"href":"https:\/\/abrelivros.org.br\/site\/wp-json\/wp\/v2\/media?parent=2470"}],"wp:term":[{"taxonomy":"category","embeddable":true,"href":"https:\/\/abrelivros.org.br\/site\/wp-json\/wp\/v2\/categories?post=2470"},{"taxonomy":"post_tag","embeddable":true,"href":"https:\/\/abrelivros.org.br\/site\/wp-json\/wp\/v2\/tags?post=2470"}],"curies":[{"name":"wp","href":"https:\/\/api.w.org\/{rel}","templated":true}]}}