{"id":2469,"date":"2009-02-18T13:55:00","date_gmt":"2009-02-18T16:55:00","guid":{"rendered":"https:\/\/abrelivros.org.br\/site\/2009\/02\/18\/com-77-dos-votos-rosely-boschini-e-reeleita-presidente-da-cbl\/"},"modified":"2009-02-18T13:55:00","modified_gmt":"2009-02-18T16:55:00","slug":"com-77-dos-votos-rosely-boschini-e-reeleita-presidente-da-cbl","status":"publish","type":"post","link":"https:\/\/abrelivros.org.br\/site\/com-77-dos-votos-rosely-boschini-e-reeleita-presidente-da-cbl\/","title":{"rendered":"Com 77% dos votos Rosely Boschini \u00e9 reeleita presidente da CBL"},"content":{"rendered":"<p>Depois de uma disputa forte durante o per\u00edodo de \u201cpropaganda eleitoral\u201d, chegou ao fim nesta tarde o processo de elei\u00e7\u00e3o da nova diretoria da C\u00e2mara Brasileira do Livro (CBL). Ao encerrar as vota\u00e7\u00f5es, o presidente da Assembl\u00e9ia, Eduardo Blusher (Editora Blusher), ressaltou: \u201cEst\u00e3o de parab\u00e9ns as duas chapas, que se comportaram de maneira corret\u00edssima no dia de hoje\u201d. \u00a0<br \/> \u00a0<br \/> Com um total de 238 votos, a chapa Trabalho&#038;Seriedade, liderada por Rosely Boschini (Editora Gente), foi reeleita com 77,73% dos votos (185 votos). Al\u00e9m de S\u00e3o Paulo, as elei\u00e7\u00f5es ocorreram tamb\u00e9m no Rio de Janeiro, na sede do SNEL (Sindicato Nacional dos Editores de Livros) e em Belo Horizonte, na C\u00e2mara Mineira do Livro. Ao final da contagem dos votos, em sua palavra \u00e0 assembl\u00e9ia, Armando Antongini, que encabe\u00e7ou a chapa Mudan\u00e7a&#038;Participa\u00e7\u00e3o, declarou: \u201cN\u00e3o h\u00e1 vencidos ou vencedores. Quem ganhou hoje foi o livro e a literatura\u201d. \u00a0<br \/> \u00a0<br \/> A assembl\u00e9ia foi finalizada com a posse da nova diretoria e a presidente reeleita, Rosely, dirigiu-se ao grupo ressaltando a import\u00e2ncia da uni\u00e3o de todos para o cont\u00ednuo crescimento e fortalecimento do livro e da literatura. \u201cAcredito que a gente s\u00f3 vira o jogo \u2013 no Brasil e no mundo \u2013 com a leitura.\u201d Em mar\u00e7o de 2007, ela foi a primeira mulher a assumir a presid\u00eancia da C\u00e2mara em 62 anos de hist\u00f3ria. \u00a0<br \/> \u00a0<br \/> Entre as propostas da nova diretoria, est\u00e3o o fortalecimento da representatividade da entidade perante o Governo Federal e o Congresso; a reformula\u00e7\u00e3o do projeto da Bienal Internacional do Livro de S\u00e3o Paulo; participa\u00e7\u00e3o ativa na  moderniza\u00e7\u00e3o da lei que regula os direitos autorais no Pa\u00eds; expans\u00e3o do circuito nacional de feiras de livro e festivais liter\u00e1rios,o desenvolvimento de mercados regionais e a implementa\u00e7\u00e3o de pol\u00edticas p\u00fablicas e de a\u00e7\u00f5es voltadas para a forma\u00e7\u00e3o de novos leitores.\u00a0<br \/> \u00a0<br \/>  \u00a0<br \/><B> Entrevista exclusiva de Rosely Boschini ao PublishNews \u00a0<br \/><\/B> PublishNews &#8211; por Ricardo Costa \u00a0<br \/> \u00a0<br \/><B> Qual sua impress\u00e3o do processo eleitoral? <\/B>O processo foi muito importante porque fez a C\u00e2mara ter maior participa\u00e7\u00e3o dos associados. Fiquei feliz porque a urna \u00e9 a manifesta\u00e7\u00e3o maior dessa participa\u00e7\u00e3o. \u00a0<br \/> \u00a0<br \/><B> O que voc\u00ea v\u00ea nos pr\u00f3ximos dois anos?<\/B> Muito trabalho. Com o atual cen\u00e1rio econ\u00f4mico, e considerando que o livro e a leitura n\u00e3o fazem parte da cesta b\u00e1sica do brasileiro, a C\u00e2mara tem a responsabilidade de atuar para ampliar o mercado e a base de leitores. \u00a0<br \/> \u00a0<br \/><B> A bienal foi um t\u00f3pico bastante presente durante a campanha. O que voc\u00ea tem a dizer sobre ela? <\/B>Queremos repensar profundamente a bienal. Montamos um dossi\u00ea completo das reuni\u00f5es de avalia\u00e7\u00e3o com os participantes, pesquisas com o p\u00fablico e nossas observa\u00e7\u00f5es do evento. Agora pretendemos montar uma comiss\u00e3o bem representativa dos v\u00e1rios setores e pessoas envolvidas na realiza\u00e7\u00e3o da bienal. Queremos a participa\u00e7\u00e3o da Libre e de pessoas de fora do mercado para trazer uma vis\u00e3o mais aberta do evento. Sempre privilegiando o grande p\u00fablico e a visibilidade da bienal. \u00a0<br \/> \u00a0<br \/><B> Poderia nos dar uma palavra final ao mercado? <\/B>A \u00fanica maneira de mudar e melhorar \u00e9 se tivermos uni\u00e3o. Vamos aproveitar a boa rela\u00e7\u00e3o da C\u00e2mara com as diversas partes da cadeia produtiva do livro e unir todos num esfor\u00e7o \u00fanico para fortalecer a literatura no Brasil. Minha mensagem \u00e9 de uni\u00e3o. Acredito que a gente s\u00f3 vira o jogo \u2013 no pa\u00eds e no mundo \u2013 com a leitura.\u00a0<br \/> \u00a0<br \/>   \u00a0<br \/>  \u00a0<br \/><B> Chapa Trabalho &#038; Seriedade \u00a0<br \/><\/B> PublishNews &#8211; Ricardo Costa \u00a0<br \/> \u00a0<br \/><B> Vice-presidentes: <\/B>Bernardo Gurbanov (Letraviva) &#8211; Tesoureiro Eduardo Yasuda (Melhoramentos) &#8211; Secret\u00e1rio Marcus Vinicius Barili Alves (Editora Senac) &#8211; Comunica\u00e7\u00e3o <br \/> <B>Diretores Editores:<\/B> Andr\u00e9s Cardo (Moderna) \u00cdtalo Amadio (Editora Rideel) Jorge Rodrigues Carneiro (Ediouro) Wagner Veneziani Costa (Madras Editora) <br \/><B> Diretores Livreiros:<\/B> Antonio Erivan Gomes (Cortez) Marcos Pedri (Livrarias Curitiba) Marcus Teles C. de Carvalho (Leitura Distribuidora) Vitor Tavares (Livraria Loyola)<br \/><B> Diretores Distribuidores: <\/B>Celso Soldera (Pergaminho) Francisco Salvador Canato (Disal Editora) Iris Odete Borges (Arco-Iris) Nassim Batista da Silva (Bookmix) <br \/><B> Diretores Credistas<\/B>: Diego Drumond e Lima (Escala) Karine Gon\u00e7alves Pansa (Girassol Brasil) Luiz Antonio de Souza (Editora Globo) Maxwell Medeiros Fernandes (Yendis Editora)\u00a0<br \/> \u00a0<br \/> \u00a0<br \/>   \u00a0<br \/><B> Conselho consultivo da CBL \u00a0<br \/><\/B> PublishNews &#8211; Reda\u00e7\u00e3o \u00a0<br \/> \u00a0<br \/> A assembl\u00e9ia que elegeu a nova diretoria teve in\u00edcio na manh\u00e3 desta quarta-feira, 18\/2, com a presta\u00e7\u00e3o de contas da diretoria e com a elei\u00e7\u00e3o do novo conselho consultivo. Foram eleitos para o pr\u00f3ximo bi\u00eanio: Claudia Massola (CPV Editora), Jos\u00e9 Henrique Grossi (Studio Nobel), Albanisa L\u00facia Dummar Pontes (Funda\u00e7\u00e3o Dem\u00f3crito Rocha), Jos\u00e9 de Arruda (LCTE Editora), Cosmo Juvela (Editora Meca), Henrique Farinha (Editora Gente), Carlos Haddad (Imprensa Oficial do Estado de S\u00e3o Paulo), Arnaldo Oliveira (Del Rey Livraria e Editora) Milton Mira de Assump\u00e7\u00e3o Filho (MBooks) e Lucia Jurema (Editora Moderna).\u00a0<br \/>  \u00a0<\/p>\n","protected":false},"excerpt":{"rendered":"<p>Depois de uma disputa forte durante o per\u00edodo de \u201cpropaganda eleitoral\u201d, chegou ao fim nesta tarde o processo de elei\u00e7\u00e3o da nova diretoria da C\u00e2mara Brasileira do Livro (CBL). Ao encerrar as vota\u00e7\u00f5es, o presidente da Assembl\u00e9ia, Eduardo Blusher (Editora Blusher), ressaltou: \u201cEst\u00e3o de parab\u00e9ns as duas chapas, que se comportaram de maneira corret\u00edssima no [&hellip;]<\/p>\n","protected":false},"author":1,"featured_media":0,"comment_status":"closed","ping_status":"closed","sticky":false,"template":"","format":"standard","meta":{"footnotes":"","_links_to":"","_links_to_target":""},"categories":[9],"tags":[],"class_list":["post-2469","post","type-post","status-publish","format-standard","hentry","category-noticias-da-imprensa"],"yoast_head":"<!-- This site is optimized with the Yoast SEO plugin v15.1 - https:\/\/yoast.com\/wordpress\/plugins\/seo\/ -->\n<title>Com 77% dos votos Rosely Boschini \u00e9 reeleita presidente da CBL &raquo; Abrelivros<\/title>\n<meta name=\"robots\" content=\"index, follow, max-snippet:-1, max-image-preview:large, max-video-preview:-1\" \/>\n<link rel=\"canonical\" href=\"https:\/\/abrelivros.org.br\/site\/com-77-dos-votos-rosely-boschini-e-reeleita-presidente-da-cbl\/\" \/>\n<meta property=\"og:locale\" content=\"pt_BR\" \/>\n<meta property=\"og:type\" content=\"article\" \/>\n<meta property=\"og:title\" content=\"Com 77% dos votos Rosely Boschini \u00e9 reeleita presidente da CBL &raquo; Abrelivros\" \/>\n<meta property=\"og:description\" content=\"Depois de uma disputa forte durante o per\u00edodo de \u201cpropaganda eleitoral\u201d, chegou ao fim nesta tarde o processo de elei\u00e7\u00e3o da nova diretoria da C\u00e2mara Brasileira do Livro (CBL). Ao encerrar as vota\u00e7\u00f5es, o presidente da Assembl\u00e9ia, Eduardo Blusher (Editora Blusher), ressaltou: \u201cEst\u00e3o de parab\u00e9ns as duas chapas, que se comportaram de maneira corret\u00edssima no [&hellip;]\" \/>\n<meta property=\"og:url\" content=\"https:\/\/abrelivros.org.br\/site\/com-77-dos-votos-rosely-boschini-e-reeleita-presidente-da-cbl\/\" \/>\n<meta property=\"og:site_name\" content=\"Abrelivros\" \/>\n<meta property=\"article:published_time\" content=\"2009-02-18T16:55:00+00:00\" \/>\n<meta name=\"twitter:card\" content=\"summary_large_image\" \/>\n<script type=\"application\/ld+json\" class=\"yoast-schema-graph\">{\"@context\":\"https:\/\/schema.org\",\"@graph\":[{\"@type\":\"WebSite\",\"@id\":\"https:\/\/abrelivros.org.br\/site\/#website\",\"url\":\"https:\/\/abrelivros.org.br\/site\/\",\"name\":\"Abrelivros\",\"description\":\"\",\"potentialAction\":[{\"@type\":\"SearchAction\",\"target\":\"https:\/\/abrelivros.org.br\/site\/?s={search_term_string}\",\"query-input\":\"required name=search_term_string\"}],\"inLanguage\":\"pt-BR\"},{\"@type\":\"WebPage\",\"@id\":\"https:\/\/abrelivros.org.br\/site\/com-77-dos-votos-rosely-boschini-e-reeleita-presidente-da-cbl\/#webpage\",\"url\":\"https:\/\/abrelivros.org.br\/site\/com-77-dos-votos-rosely-boschini-e-reeleita-presidente-da-cbl\/\",\"name\":\"Com 77% dos votos Rosely Boschini \\u00e9 reeleita presidente da CBL &raquo; Abrelivros\",\"isPartOf\":{\"@id\":\"https:\/\/abrelivros.org.br\/site\/#website\"},\"datePublished\":\"2009-02-18T16:55:00+00:00\",\"dateModified\":\"2009-02-18T16:55:00+00:00\",\"author\":{\"@id\":\"https:\/\/abrelivros.org.br\/site\/#\/schema\/person\/2b867f13a717bb230f1a3555505f5593\"},\"breadcrumb\":{\"@id\":\"https:\/\/abrelivros.org.br\/site\/com-77-dos-votos-rosely-boschini-e-reeleita-presidente-da-cbl\/#breadcrumb\"},\"inLanguage\":\"pt-BR\",\"potentialAction\":[{\"@type\":\"ReadAction\",\"target\":[\"https:\/\/abrelivros.org.br\/site\/com-77-dos-votos-rosely-boschini-e-reeleita-presidente-da-cbl\/\"]}]},{\"@type\":\"BreadcrumbList\",\"@id\":\"https:\/\/abrelivros.org.br\/site\/com-77-dos-votos-rosely-boschini-e-reeleita-presidente-da-cbl\/#breadcrumb\",\"itemListElement\":[{\"@type\":\"ListItem\",\"position\":1,\"item\":{\"@type\":\"WebPage\",\"@id\":\"https:\/\/abrelivros.org.br\/site\/\",\"url\":\"https:\/\/abrelivros.org.br\/site\/\",\"name\":\"In\\u00edcio\"}},{\"@type\":\"ListItem\",\"position\":2,\"item\":{\"@type\":\"WebPage\",\"@id\":\"https:\/\/abrelivros.org.br\/site\/category\/noticias\/\",\"url\":\"https:\/\/abrelivros.org.br\/site\/category\/noticias\/\",\"name\":\"Not\\u00edcias\"}},{\"@type\":\"ListItem\",\"position\":3,\"item\":{\"@type\":\"WebPage\",\"@id\":\"https:\/\/abrelivros.org.br\/site\/category\/noticias\/noticias-da-imprensa\/\",\"url\":\"https:\/\/abrelivros.org.br\/site\/category\/noticias\/noticias-da-imprensa\/\",\"name\":\"Not\\u00edcias da imprensa\"}},{\"@type\":\"ListItem\",\"position\":4,\"item\":{\"@type\":\"WebPage\",\"@id\":\"https:\/\/abrelivros.org.br\/site\/com-77-dos-votos-rosely-boschini-e-reeleita-presidente-da-cbl\/\",\"url\":\"https:\/\/abrelivros.org.br\/site\/com-77-dos-votos-rosely-boschini-e-reeleita-presidente-da-cbl\/\",\"name\":\"Com 77% dos votos Rosely Boschini \\u00e9 reeleita presidente da CBL\"}}]},{\"@type\":\"Person\",\"@id\":\"https:\/\/abrelivros.org.br\/site\/#\/schema\/person\/2b867f13a717bb230f1a3555505f5593\",\"name\":\"\\u00a0\",\"image\":{\"@type\":\"ImageObject\",\"@id\":\"https:\/\/abrelivros.org.br\/site\/#personlogo\",\"inLanguage\":\"pt-BR\",\"url\":\"https:\/\/secure.gravatar.com\/avatar\/e80b7f5231be2fff5040a8023da424898002831c5439420df182ae62676d2a6f?s=96&d=mm&r=g\",\"caption\":\"\\u00a0\"}}]}<\/script>\n<!-- \/ Yoast SEO plugin. -->","_links":{"self":[{"href":"https:\/\/abrelivros.org.br\/site\/wp-json\/wp\/v2\/posts\/2469","targetHints":{"allow":["GET"]}}],"collection":[{"href":"https:\/\/abrelivros.org.br\/site\/wp-json\/wp\/v2\/posts"}],"about":[{"href":"https:\/\/abrelivros.org.br\/site\/wp-json\/wp\/v2\/types\/post"}],"author":[{"embeddable":true,"href":"https:\/\/abrelivros.org.br\/site\/wp-json\/wp\/v2\/users\/1"}],"replies":[{"embeddable":true,"href":"https:\/\/abrelivros.org.br\/site\/wp-json\/wp\/v2\/comments?post=2469"}],"version-history":[{"count":0,"href":"https:\/\/abrelivros.org.br\/site\/wp-json\/wp\/v2\/posts\/2469\/revisions"}],"wp:attachment":[{"href":"https:\/\/abrelivros.org.br\/site\/wp-json\/wp\/v2\/media?parent=2469"}],"wp:term":[{"taxonomy":"category","embeddable":true,"href":"https:\/\/abrelivros.org.br\/site\/wp-json\/wp\/v2\/categories?post=2469"},{"taxonomy":"post_tag","embeddable":true,"href":"https:\/\/abrelivros.org.br\/site\/wp-json\/wp\/v2\/tags?post=2469"}],"curies":[{"name":"wp","href":"https:\/\/api.w.org\/{rel}","templated":true}]}}