{"id":2468,"date":"2009-02-19T14:02:00","date_gmt":"2009-02-19T17:02:00","guid":{"rendered":"https:\/\/abrelivros.org.br\/site\/2009\/02\/19\/haddad-propoe-ampliacao-gradual-da-obrigatoriedade-do-ensino-ate-2014\/"},"modified":"2009-02-19T14:02:00","modified_gmt":"2009-02-19T17:02:00","slug":"haddad-propoe-ampliacao-gradual-da-obrigatoriedade-do-ensino-ate-2014","status":"publish","type":"post","link":"https:\/\/abrelivros.org.br\/site\/haddad-propoe-ampliacao-gradual-da-obrigatoriedade-do-ensino-ate-2014\/","title":{"rendered":"Haddad prop\u00f5e amplia\u00e7\u00e3o gradual da obrigatoriedade do ensino at\u00e9 2014"},"content":{"rendered":"<p>O ministro da Educa\u00e7\u00e3o, Fernando Haddad, prop\u00f4s nesta quarta-feira (18) que a amplia\u00e7\u00e3o do ensino obrigat\u00f3rio para a popula\u00e7\u00e3o entre 4 e 17 anos de idade ocorra gradualmente a partir deste ano at\u00e9 sua total implementa\u00e7\u00e3o em 2014. Hoje, o ensino \u00e9 obrigat\u00f3rio para a faixa entre seis e 14 anos.\u00a0<br \/> \u00a0<br \/> Durante audi\u00eancia p\u00fablica na Comiss\u00e3o de Educa\u00e7\u00e3o, Cultura e Esporte da C\u00e2mara dos Deputados, Haddad defendeu que os R$ 9 bilh\u00f5es anuais que a pasta deixa de arrecadar, por causa do fim da desvincula\u00e7\u00e3o das receitas da uni\u00e3o (DRU), sejam destinados para garantir a obrigatoriedade do ensino para essa faixa et\u00e1ria. As informa\u00e7\u00f5es s\u00e3o do Minist\u00e9rio da Educa\u00e7\u00e3o.\u00a0<br \/> \u00a0<br \/> \u201c\u00c9 preciso aproveitar o fim da DRU para estender e garantir direitos\u201d, disse o ministro. De acordo com Haddad, as mais baixas taxas de atendimento na educa\u00e7\u00e3o infantil e no ensino m\u00e9dio est\u00e3o concentradas entre os 20% mais pobres da popula\u00e7\u00e3o. \u201c\u00c9 evidente que isso n\u00e3o \u00e9 falta de interesse das fam\u00edlias mais pobres, e, sim, falta de direito assegurado\u201d. \u00a0<br \/> \u00a0<br \/> Entre os 20% mais pobres, 78% dos jovens com idade entre 15 e 17 anos freq\u00fcentam o ensino m\u00e9dio, contra 94% dos jovens nessa mesma faixa et\u00e1ria entre os 20% mais ricos.\u00a0<br \/> \u00a0<br \/><B> Educa\u00e7\u00e3o infantil \u00a0<br \/> \u00a0<br \/><\/B> Na educa\u00e7\u00e3o infantil, em rela\u00e7\u00e3o aos 20% mais pobres da popula\u00e7\u00e3o, 62% das crian\u00e7as est\u00e3o matriculadas na pr\u00e9-escola, enquanto 81% das crian\u00e7as das fam\u00edlias 20% mais ricas iniciam mais cedo sua trajet\u00f3ria escolar. \u00a0<br \/> \u00a0<br \/> Segundo Haddad, \u00e9 essencial garantir os recursos para incluir todas as crian\u00e7as na escola j\u00e1 aos quatro anos. \u201cA freq\u00fc\u00eancia \u00e0 pr\u00e9-escola aumenta em 32% a chance de completar o ensino m\u00e9dio.\u201d\u00a0<br \/> \u00a0<br \/> Assim, na avalia\u00e7\u00e3o do ministro, para evitar a evas\u00e3o no ensino m\u00e9dio, a repet\u00eancia e o fracasso escolar, \u00e9 fundamental tratar a educa\u00e7\u00e3o de maneira sist\u00eamica. \u201cQuem n\u00e3o conclui o fundamental \u00e9 quem n\u00e3o teve acesso \u00e0 pr\u00e9-escola e n\u00e3o foi alfabetizado.\u201d \u00a0<br \/> \u00a0<br \/> O ministro disse que, para combater a evas\u00e3o dos estudantes entre 15 e 17 anos, \u00e9 necess\u00e1rio investir no ensino das crian\u00e7as de quatro a oito anos. \u201c\u00c9 preciso, tamb\u00e9m, repaginar o ensino m\u00e9dio, da perspectiva da capacidade do estudante de compreender o mundo e de sua inser\u00e7\u00e3o no mercado de trabalho\u201d, afirmou. \u00a0<br \/> \u00a0<br \/> A proposta de emenda constitucional 277\/2008 prev\u00ea o fim gradual da DRU at\u00e9 sua extin\u00e7\u00e3o total em 2011. A mat\u00e9ria j\u00e1 foi aprovada no Senado e agora ser\u00e1 votada na C\u00e2mara.\u00a0<br \/> \u00a0<\/p>\n","protected":false},"excerpt":{"rendered":"<p>O ministro da Educa\u00e7\u00e3o, Fernando Haddad, prop\u00f4s nesta quarta-feira (18) que a amplia\u00e7\u00e3o do ensino obrigat\u00f3rio para a popula\u00e7\u00e3o entre 4 e 17 anos de idade ocorra gradualmente a partir deste ano at\u00e9 sua total implementa\u00e7\u00e3o em 2014. Hoje, o ensino \u00e9 obrigat\u00f3rio para a faixa entre seis e 14 anos.\u00a0 \u00a0 Durante audi\u00eancia p\u00fablica [&hellip;]<\/p>\n","protected":false},"author":1,"featured_media":0,"comment_status":"closed","ping_status":"closed","sticky":false,"template":"","format":"standard","meta":{"footnotes":"","_links_to":"","_links_to_target":""},"categories":[9],"tags":[],"class_list":["post-2468","post","type-post","status-publish","format-standard","hentry","category-noticias-da-imprensa"],"yoast_head":"<!-- This site is optimized with the Yoast SEO plugin v15.1 - https:\/\/yoast.com\/wordpress\/plugins\/seo\/ -->\n<title>Haddad prop\u00f5e amplia\u00e7\u00e3o gradual da obrigatoriedade do ensino at\u00e9 2014 &raquo; Abrelivros<\/title>\n<meta name=\"robots\" content=\"index, follow, max-snippet:-1, max-image-preview:large, max-video-preview:-1\" \/>\n<link rel=\"canonical\" href=\"https:\/\/abrelivros.org.br\/site\/haddad-propoe-ampliacao-gradual-da-obrigatoriedade-do-ensino-ate-2014\/\" \/>\n<meta property=\"og:locale\" content=\"pt_BR\" \/>\n<meta property=\"og:type\" content=\"article\" \/>\n<meta property=\"og:title\" content=\"Haddad prop\u00f5e amplia\u00e7\u00e3o gradual da obrigatoriedade do ensino at\u00e9 2014 &raquo; Abrelivros\" \/>\n<meta property=\"og:description\" content=\"O ministro da Educa\u00e7\u00e3o, Fernando Haddad, prop\u00f4s nesta quarta-feira (18) que a amplia\u00e7\u00e3o do ensino obrigat\u00f3rio para a popula\u00e7\u00e3o entre 4 e 17 anos de idade ocorra gradualmente a partir deste ano at\u00e9 sua total implementa\u00e7\u00e3o em 2014. Hoje, o ensino \u00e9 obrigat\u00f3rio para a faixa entre seis e 14 anos.\u00a0 \u00a0 Durante audi\u00eancia p\u00fablica [&hellip;]\" \/>\n<meta property=\"og:url\" content=\"https:\/\/abrelivros.org.br\/site\/haddad-propoe-ampliacao-gradual-da-obrigatoriedade-do-ensino-ate-2014\/\" \/>\n<meta property=\"og:site_name\" content=\"Abrelivros\" \/>\n<meta property=\"article:published_time\" content=\"2009-02-19T17:02:00+00:00\" \/>\n<meta name=\"twitter:card\" content=\"summary_large_image\" \/>\n<script type=\"application\/ld+json\" class=\"yoast-schema-graph\">{\"@context\":\"https:\/\/schema.org\",\"@graph\":[{\"@type\":\"WebSite\",\"@id\":\"https:\/\/abrelivros.org.br\/site\/#website\",\"url\":\"https:\/\/abrelivros.org.br\/site\/\",\"name\":\"Abrelivros\",\"description\":\"\",\"potentialAction\":[{\"@type\":\"SearchAction\",\"target\":\"https:\/\/abrelivros.org.br\/site\/?s={search_term_string}\",\"query-input\":\"required name=search_term_string\"}],\"inLanguage\":\"pt-BR\"},{\"@type\":\"WebPage\",\"@id\":\"https:\/\/abrelivros.org.br\/site\/haddad-propoe-ampliacao-gradual-da-obrigatoriedade-do-ensino-ate-2014\/#webpage\",\"url\":\"https:\/\/abrelivros.org.br\/site\/haddad-propoe-ampliacao-gradual-da-obrigatoriedade-do-ensino-ate-2014\/\",\"name\":\"Haddad prop\\u00f5e amplia\\u00e7\\u00e3o gradual da obrigatoriedade do ensino at\\u00e9 2014 &raquo; Abrelivros\",\"isPartOf\":{\"@id\":\"https:\/\/abrelivros.org.br\/site\/#website\"},\"datePublished\":\"2009-02-19T17:02:00+00:00\",\"dateModified\":\"2009-02-19T17:02:00+00:00\",\"author\":{\"@id\":\"https:\/\/abrelivros.org.br\/site\/#\/schema\/person\/2b867f13a717bb230f1a3555505f5593\"},\"breadcrumb\":{\"@id\":\"https:\/\/abrelivros.org.br\/site\/haddad-propoe-ampliacao-gradual-da-obrigatoriedade-do-ensino-ate-2014\/#breadcrumb\"},\"inLanguage\":\"pt-BR\",\"potentialAction\":[{\"@type\":\"ReadAction\",\"target\":[\"https:\/\/abrelivros.org.br\/site\/haddad-propoe-ampliacao-gradual-da-obrigatoriedade-do-ensino-ate-2014\/\"]}]},{\"@type\":\"BreadcrumbList\",\"@id\":\"https:\/\/abrelivros.org.br\/site\/haddad-propoe-ampliacao-gradual-da-obrigatoriedade-do-ensino-ate-2014\/#breadcrumb\",\"itemListElement\":[{\"@type\":\"ListItem\",\"position\":1,\"item\":{\"@type\":\"WebPage\",\"@id\":\"https:\/\/abrelivros.org.br\/site\/\",\"url\":\"https:\/\/abrelivros.org.br\/site\/\",\"name\":\"In\\u00edcio\"}},{\"@type\":\"ListItem\",\"position\":2,\"item\":{\"@type\":\"WebPage\",\"@id\":\"https:\/\/abrelivros.org.br\/site\/category\/noticias\/\",\"url\":\"https:\/\/abrelivros.org.br\/site\/category\/noticias\/\",\"name\":\"Not\\u00edcias\"}},{\"@type\":\"ListItem\",\"position\":3,\"item\":{\"@type\":\"WebPage\",\"@id\":\"https:\/\/abrelivros.org.br\/site\/category\/noticias\/noticias-da-imprensa\/\",\"url\":\"https:\/\/abrelivros.org.br\/site\/category\/noticias\/noticias-da-imprensa\/\",\"name\":\"Not\\u00edcias da imprensa\"}},{\"@type\":\"ListItem\",\"position\":4,\"item\":{\"@type\":\"WebPage\",\"@id\":\"https:\/\/abrelivros.org.br\/site\/haddad-propoe-ampliacao-gradual-da-obrigatoriedade-do-ensino-ate-2014\/\",\"url\":\"https:\/\/abrelivros.org.br\/site\/haddad-propoe-ampliacao-gradual-da-obrigatoriedade-do-ensino-ate-2014\/\",\"name\":\"Haddad prop\\u00f5e amplia\\u00e7\\u00e3o gradual da obrigatoriedade do ensino at\\u00e9 2014\"}}]},{\"@type\":\"Person\",\"@id\":\"https:\/\/abrelivros.org.br\/site\/#\/schema\/person\/2b867f13a717bb230f1a3555505f5593\",\"name\":\"\\u00a0\",\"image\":{\"@type\":\"ImageObject\",\"@id\":\"https:\/\/abrelivros.org.br\/site\/#personlogo\",\"inLanguage\":\"pt-BR\",\"url\":\"https:\/\/secure.gravatar.com\/avatar\/e80b7f5231be2fff5040a8023da424898002831c5439420df182ae62676d2a6f?s=96&d=mm&r=g\",\"caption\":\"\\u00a0\"}}]}<\/script>\n<!-- \/ Yoast SEO plugin. -->","_links":{"self":[{"href":"https:\/\/abrelivros.org.br\/site\/wp-json\/wp\/v2\/posts\/2468","targetHints":{"allow":["GET"]}}],"collection":[{"href":"https:\/\/abrelivros.org.br\/site\/wp-json\/wp\/v2\/posts"}],"about":[{"href":"https:\/\/abrelivros.org.br\/site\/wp-json\/wp\/v2\/types\/post"}],"author":[{"embeddable":true,"href":"https:\/\/abrelivros.org.br\/site\/wp-json\/wp\/v2\/users\/1"}],"replies":[{"embeddable":true,"href":"https:\/\/abrelivros.org.br\/site\/wp-json\/wp\/v2\/comments?post=2468"}],"version-history":[{"count":0,"href":"https:\/\/abrelivros.org.br\/site\/wp-json\/wp\/v2\/posts\/2468\/revisions"}],"wp:attachment":[{"href":"https:\/\/abrelivros.org.br\/site\/wp-json\/wp\/v2\/media?parent=2468"}],"wp:term":[{"taxonomy":"category","embeddable":true,"href":"https:\/\/abrelivros.org.br\/site\/wp-json\/wp\/v2\/categories?post=2468"},{"taxonomy":"post_tag","embeddable":true,"href":"https:\/\/abrelivros.org.br\/site\/wp-json\/wp\/v2\/tags?post=2468"}],"curies":[{"name":"wp","href":"https:\/\/api.w.org\/{rel}","templated":true}]}}