{"id":2466,"date":"2009-02-19T15:42:00","date_gmt":"2009-02-19T18:42:00","guid":{"rendered":"https:\/\/abrelivros.org.br\/site\/2009\/02\/19\/unesco-quer-sensibilizar-gestores-sobre-importancia-do-acesso-a-leitura-e-a-escrita\/"},"modified":"2009-02-19T15:42:00","modified_gmt":"2009-02-19T18:42:00","slug":"unesco-quer-sensibilizar-gestores-sobre-importancia-do-acesso-a-leitura-e-a-escrita","status":"publish","type":"post","link":"https:\/\/abrelivros.org.br\/site\/unesco-quer-sensibilizar-gestores-sobre-importancia-do-acesso-a-leitura-e-a-escrita\/","title":{"rendered":"Unesco quer sensibilizar gestores sobre import\u00e2ncia do acesso \u00e0 leitura e \u00e0 escrita"},"content":{"rendered":"<p>O livro Alfabeto da Esperan\u00e7a: Escritores pela Alfabetiza\u00e7\u00e3o, originalmente publicado em ingl\u00eas, re\u00fane textos sobre a import\u00e2ncia da leitura e da escrita na vida de uma pessoa. Quinze escritores de diferentes nacionalidades contribu\u00edram para a publica\u00e7\u00e3o lan\u00e7ada em 18 de fevereiro \u00e0 noite pela Organiza\u00e7\u00e3o das Na\u00e7\u00f5es Unidas para a Educa\u00e7\u00e3o, a Ci\u00eancia e a Cultura (Unesco), em Bras\u00edlia. \u00a0<\/p>\n<p> O livro faz parte do programa Escritores pela Alfabetiza\u00e7\u00e3o. Promovida pela Organiza\u00e7\u00e3o das Na\u00e7\u00f5es Unidas (ONU) no \u00e2mbito da D\u00e9cada das Na\u00e7\u00f5es Unidas para a Alfabetiza\u00e7\u00e3o (2003 \u2013 2012) a iniciativa tem o objetivo de desenvolver um ambiente sustent\u00e1vel de alfabetiza\u00e7\u00e3o para todos. Segundo dados da Unesco, 776 milh\u00f5es de cidad\u00e3os n\u00e3o t\u00eam acesso \u00e0 leitura e \u00e0 escrita, dois quais dois ter\u00e7os s\u00e3o mulheres.\u00a0<\/p>\n<p> O especialista em educa\u00e7\u00e3o da Unesco no Brasil, Timothy Ireland, disse que o objetivo \u00e9 sensibilizar os respons\u00e1veis pelas pol\u00edticas de alfabetiza\u00e7\u00e3o \u201csobre a imensa import\u00e2ncia de se criar possibilidades para que as pessoas que n\u00e3o tem acesso \u00e0 leitura e \u00e0 escrita passem a ter\u201d.\u00a0<\/p>\n<p> A vers\u00e3o em portugu\u00eas ganhou textos de Jo\u00e3o Ubaldo Ribeiro e do senador Cristovam Buarque (PDT-DF). Na original, apenas o escritor Paulo Coelho constava da sele\u00e7\u00e3o.\u00a0<br \/> \u00a0<br \/> Questionado sobre o incentivo que o Brasil d\u00e1 ao acesso \u00e0 leitura e \u00e0 escrita, Timothy avaliou como significativos os esfor\u00e7os feitos pelo Minist\u00e9rio da Educa\u00e7\u00e3o para eliminar a alfabetiza\u00e7\u00e3o. \u201cTem sido um trabalho muito importante. Infelizmente ainda h\u00e1 muito a fazer. \u00c9 necess\u00e1rio garantir tanto o acesso \u00e0 alfabetiza\u00e7\u00e3o quanto o acesso \u00e0 continua\u00e7\u00e3o dos estudos.\u201d\u00a0<\/p>\n<p> O livro ser\u00e1 lan\u00e7ado \u00e0s 20h, no Centro de Ensino M\u00e9dio n\u00ba 4 da cidade de Ceil\u00e2ndia Sul, que fica a cerca de 30 quil\u00f4metros de Bras\u00edlia. Participam da cerim\u00f4nia o representante da Unesco no Brasil, Vincent Defourny, e o secret\u00e1rio de Educa\u00e7\u00e3o do DF, Jos\u00e9 Luiz Valente.\u00a0<\/p>\n","protected":false},"excerpt":{"rendered":"<p>O livro Alfabeto da Esperan\u00e7a: Escritores pela Alfabetiza\u00e7\u00e3o, originalmente publicado em ingl\u00eas, re\u00fane textos sobre a import\u00e2ncia da leitura e da escrita na vida de uma pessoa. Quinze escritores de diferentes nacionalidades contribu\u00edram para a publica\u00e7\u00e3o lan\u00e7ada em 18 de fevereiro \u00e0 noite pela Organiza\u00e7\u00e3o das Na\u00e7\u00f5es Unidas para a Educa\u00e7\u00e3o, a Ci\u00eancia e a [&hellip;]<\/p>\n","protected":false},"author":1,"featured_media":0,"comment_status":"closed","ping_status":"closed","sticky":false,"template":"","format":"standard","meta":{"footnotes":"","_links_to":"","_links_to_target":""},"categories":[9],"tags":[],"class_list":["post-2466","post","type-post","status-publish","format-standard","hentry","category-noticias-da-imprensa"],"yoast_head":"<!-- This site is optimized with the Yoast SEO plugin v15.1 - https:\/\/yoast.com\/wordpress\/plugins\/seo\/ -->\n<title>Unesco quer sensibilizar gestores sobre import\u00e2ncia do acesso \u00e0 leitura e \u00e0 escrita &raquo; Abrelivros<\/title>\n<meta name=\"robots\" content=\"index, follow, max-snippet:-1, max-image-preview:large, max-video-preview:-1\" \/>\n<link rel=\"canonical\" href=\"https:\/\/abrelivros.org.br\/site\/unesco-quer-sensibilizar-gestores-sobre-importancia-do-acesso-a-leitura-e-a-escrita\/\" \/>\n<meta property=\"og:locale\" content=\"pt_BR\" \/>\n<meta property=\"og:type\" content=\"article\" \/>\n<meta property=\"og:title\" content=\"Unesco quer sensibilizar gestores sobre import\u00e2ncia do acesso \u00e0 leitura e \u00e0 escrita &raquo; Abrelivros\" \/>\n<meta property=\"og:description\" content=\"O livro Alfabeto da Esperan\u00e7a: Escritores pela Alfabetiza\u00e7\u00e3o, originalmente publicado em ingl\u00eas, re\u00fane textos sobre a import\u00e2ncia da leitura e da escrita na vida de uma pessoa. Quinze escritores de diferentes nacionalidades contribu\u00edram para a publica\u00e7\u00e3o lan\u00e7ada em 18 de fevereiro \u00e0 noite pela Organiza\u00e7\u00e3o das Na\u00e7\u00f5es Unidas para a Educa\u00e7\u00e3o, a Ci\u00eancia e a [&hellip;]\" \/>\n<meta property=\"og:url\" content=\"https:\/\/abrelivros.org.br\/site\/unesco-quer-sensibilizar-gestores-sobre-importancia-do-acesso-a-leitura-e-a-escrita\/\" \/>\n<meta property=\"og:site_name\" content=\"Abrelivros\" \/>\n<meta property=\"article:published_time\" content=\"2009-02-19T18:42:00+00:00\" \/>\n<meta name=\"twitter:card\" content=\"summary_large_image\" \/>\n<script type=\"application\/ld+json\" class=\"yoast-schema-graph\">{\"@context\":\"https:\/\/schema.org\",\"@graph\":[{\"@type\":\"WebSite\",\"@id\":\"https:\/\/abrelivros.org.br\/site\/#website\",\"url\":\"https:\/\/abrelivros.org.br\/site\/\",\"name\":\"Abrelivros\",\"description\":\"\",\"potentialAction\":[{\"@type\":\"SearchAction\",\"target\":\"https:\/\/abrelivros.org.br\/site\/?s={search_term_string}\",\"query-input\":\"required name=search_term_string\"}],\"inLanguage\":\"pt-BR\"},{\"@type\":\"WebPage\",\"@id\":\"https:\/\/abrelivros.org.br\/site\/unesco-quer-sensibilizar-gestores-sobre-importancia-do-acesso-a-leitura-e-a-escrita\/#webpage\",\"url\":\"https:\/\/abrelivros.org.br\/site\/unesco-quer-sensibilizar-gestores-sobre-importancia-do-acesso-a-leitura-e-a-escrita\/\",\"name\":\"Unesco quer sensibilizar gestores sobre import\\u00e2ncia do acesso \\u00e0 leitura e \\u00e0 escrita &raquo; Abrelivros\",\"isPartOf\":{\"@id\":\"https:\/\/abrelivros.org.br\/site\/#website\"},\"datePublished\":\"2009-02-19T18:42:00+00:00\",\"dateModified\":\"2009-02-19T18:42:00+00:00\",\"author\":{\"@id\":\"https:\/\/abrelivros.org.br\/site\/#\/schema\/person\/2b867f13a717bb230f1a3555505f5593\"},\"breadcrumb\":{\"@id\":\"https:\/\/abrelivros.org.br\/site\/unesco-quer-sensibilizar-gestores-sobre-importancia-do-acesso-a-leitura-e-a-escrita\/#breadcrumb\"},\"inLanguage\":\"pt-BR\",\"potentialAction\":[{\"@type\":\"ReadAction\",\"target\":[\"https:\/\/abrelivros.org.br\/site\/unesco-quer-sensibilizar-gestores-sobre-importancia-do-acesso-a-leitura-e-a-escrita\/\"]}]},{\"@type\":\"BreadcrumbList\",\"@id\":\"https:\/\/abrelivros.org.br\/site\/unesco-quer-sensibilizar-gestores-sobre-importancia-do-acesso-a-leitura-e-a-escrita\/#breadcrumb\",\"itemListElement\":[{\"@type\":\"ListItem\",\"position\":1,\"item\":{\"@type\":\"WebPage\",\"@id\":\"https:\/\/abrelivros.org.br\/site\/\",\"url\":\"https:\/\/abrelivros.org.br\/site\/\",\"name\":\"In\\u00edcio\"}},{\"@type\":\"ListItem\",\"position\":2,\"item\":{\"@type\":\"WebPage\",\"@id\":\"https:\/\/abrelivros.org.br\/site\/category\/noticias\/\",\"url\":\"https:\/\/abrelivros.org.br\/site\/category\/noticias\/\",\"name\":\"Not\\u00edcias\"}},{\"@type\":\"ListItem\",\"position\":3,\"item\":{\"@type\":\"WebPage\",\"@id\":\"https:\/\/abrelivros.org.br\/site\/category\/noticias\/noticias-da-imprensa\/\",\"url\":\"https:\/\/abrelivros.org.br\/site\/category\/noticias\/noticias-da-imprensa\/\",\"name\":\"Not\\u00edcias da imprensa\"}},{\"@type\":\"ListItem\",\"position\":4,\"item\":{\"@type\":\"WebPage\",\"@id\":\"https:\/\/abrelivros.org.br\/site\/unesco-quer-sensibilizar-gestores-sobre-importancia-do-acesso-a-leitura-e-a-escrita\/\",\"url\":\"https:\/\/abrelivros.org.br\/site\/unesco-quer-sensibilizar-gestores-sobre-importancia-do-acesso-a-leitura-e-a-escrita\/\",\"name\":\"Unesco quer sensibilizar gestores sobre import\\u00e2ncia do acesso \\u00e0 leitura e \\u00e0 escrita\"}}]},{\"@type\":\"Person\",\"@id\":\"https:\/\/abrelivros.org.br\/site\/#\/schema\/person\/2b867f13a717bb230f1a3555505f5593\",\"name\":\"\\u00a0\",\"image\":{\"@type\":\"ImageObject\",\"@id\":\"https:\/\/abrelivros.org.br\/site\/#personlogo\",\"inLanguage\":\"pt-BR\",\"url\":\"https:\/\/secure.gravatar.com\/avatar\/e80b7f5231be2fff5040a8023da424898002831c5439420df182ae62676d2a6f?s=96&d=mm&r=g\",\"caption\":\"\\u00a0\"}}]}<\/script>\n<!-- \/ Yoast SEO plugin. -->","_links":{"self":[{"href":"https:\/\/abrelivros.org.br\/site\/wp-json\/wp\/v2\/posts\/2466","targetHints":{"allow":["GET"]}}],"collection":[{"href":"https:\/\/abrelivros.org.br\/site\/wp-json\/wp\/v2\/posts"}],"about":[{"href":"https:\/\/abrelivros.org.br\/site\/wp-json\/wp\/v2\/types\/post"}],"author":[{"embeddable":true,"href":"https:\/\/abrelivros.org.br\/site\/wp-json\/wp\/v2\/users\/1"}],"replies":[{"embeddable":true,"href":"https:\/\/abrelivros.org.br\/site\/wp-json\/wp\/v2\/comments?post=2466"}],"version-history":[{"count":0,"href":"https:\/\/abrelivros.org.br\/site\/wp-json\/wp\/v2\/posts\/2466\/revisions"}],"wp:attachment":[{"href":"https:\/\/abrelivros.org.br\/site\/wp-json\/wp\/v2\/media?parent=2466"}],"wp:term":[{"taxonomy":"category","embeddable":true,"href":"https:\/\/abrelivros.org.br\/site\/wp-json\/wp\/v2\/categories?post=2466"},{"taxonomy":"post_tag","embeddable":true,"href":"https:\/\/abrelivros.org.br\/site\/wp-json\/wp\/v2\/tags?post=2466"}],"curies":[{"name":"wp","href":"https:\/\/api.w.org\/{rel}","templated":true}]}}