{"id":2465,"date":"2009-02-26T15:52:00","date_gmt":"2009-02-26T18:52:00","guid":{"rendered":"https:\/\/abrelivros.org.br\/site\/2009\/02\/26\/justica-suspende-compra-de-apostilas-6-000-mais-caras-que-livros-didaticos\/"},"modified":"2009-02-26T15:52:00","modified_gmt":"2009-02-26T18:52:00","slug":"justica-suspende-compra-de-apostilas-6-000-mais-caras-que-livros-didaticos","status":"publish","type":"post","link":"https:\/\/abrelivros.org.br\/site\/justica-suspende-compra-de-apostilas-6-000-mais-caras-que-livros-didaticos\/","title":{"rendered":"Justi\u00e7a suspende compra de apostilas 6.000% mais caras que livros did\u00e1ticos"},"content":{"rendered":"<p>A ju\u00edza Marisa Vasconcelos, da 1\u00aa Vara da Justi\u00e7a Federal em Taubat\u00e9, concedeu liminar obrigando a Prefeitura de Taubat\u00e9 a comprar, sem licita\u00e7\u00e3o, apostilas que custariam at\u00e9 6.000% mais caras que os livros do Programa Nacional do Livro Did\u00e1tico.\u00a0<br \/> \u00a0<br \/> Com a decis\u00e3o, a prefeitura n\u00e3o poder\u00e1 efetuar qualquer pagamento \u00e0 Expoente Solu\u00e7\u00f5es Comerciais e Educacionais, respons\u00e1vel pelo fornecimento das apostilas desde 2006 para as escolas municipais que dever\u00e1, agora, depositar eventual verba j\u00e1 recebida.\u00a0<br \/> \u00a0<br \/> Para a ju\u00edza, o administrador tem o dever constitucional de ser zeloso com os recursos p\u00fablico, al\u00e9m de ter que ser razo\u00e1vel \u00e0s necessidades da popula\u00e7\u00e3o e sempre evitar desperd\u00edcios. \u00a0<br \/> \u00a0<br \/> Assim, segundo a magistrada, o prefeito de Taubat\u00e9 n\u00e3o se pautou por esses princ\u00edpios ao dispensar livros did\u00e1ticos fornecidos gratuitamente pela Uni\u00e3o, prorrogando um contrato oneroso e fora da previs\u00e3o legal\u00a0<br \/> \u00a0<br \/> A decis\u00e3o atendeu ao pedido feito pelo Minist\u00e9rio P\u00fablico Federal em uma a\u00e7\u00e3o cautelar. Segundo a Procuradoria, a prefeitura pagaria R$ 10,5 milh\u00f5es, verba da Uni\u00e3o, para renovar o contrato com a Expoente.\u00a0<br \/> \u00a0<br \/> O autor da a\u00e7\u00e3o, procurador da Rep\u00fablica Jo\u00e3o Gilberto Gon\u00e7alves Filho, alega que o prefeito Roberto Peixoto, no fim de 2008, prometera fazer uma licita\u00e7\u00e3o. Ele n\u00e3o a realizou porque, segundo o Departamento de Educa\u00e7\u00e3o e Cultura, \u201cn\u00e3o haveria tempo para a concorr\u00eancia\u201d.\u00a0<br \/> \u00a0<br \/> Entre outros argumentos, a prefeitura afirmou que realizou a licita\u00e7\u00e3o e que as contas foram aprovadas pelo Tribunal de Contas, ressaltando a impossibilidade de devolver as import\u00e2ncias j\u00e1 pagas \u00e0 empresa contratada (art.59, Lei n\u00ba.8.666\/93), al\u00e9m de sua autonomia pol\u00edtica, administrativa e financeira.\u00a0<br \/>  \u00a0<\/p>\n<p><\/p>\n","protected":false},"excerpt":{"rendered":"<p>A ju\u00edza Marisa Vasconcelos, da 1\u00aa Vara da Justi\u00e7a Federal em Taubat\u00e9, concedeu liminar obrigando a Prefeitura de Taubat\u00e9 a comprar, sem licita\u00e7\u00e3o, apostilas que custariam at\u00e9 6.000% mais caras que os livros do Programa Nacional do Livro Did\u00e1tico.\u00a0 \u00a0 Com a decis\u00e3o, a prefeitura n\u00e3o poder\u00e1 efetuar qualquer pagamento \u00e0 Expoente Solu\u00e7\u00f5es Comerciais e [&hellip;]<\/p>\n","protected":false},"author":1,"featured_media":0,"comment_status":"closed","ping_status":"closed","sticky":false,"template":"","format":"standard","meta":{"footnotes":"","_links_to":"","_links_to_target":""},"categories":[9],"tags":[],"class_list":["post-2465","post","type-post","status-publish","format-standard","hentry","category-noticias-da-imprensa"],"yoast_head":"<!-- This site is optimized with the Yoast SEO plugin v15.1 - https:\/\/yoast.com\/wordpress\/plugins\/seo\/ -->\n<title>Justi\u00e7a suspende compra de apostilas 6.000% mais caras que livros did\u00e1ticos &raquo; Abrelivros<\/title>\n<meta name=\"robots\" content=\"index, follow, max-snippet:-1, max-image-preview:large, max-video-preview:-1\" \/>\n<link rel=\"canonical\" href=\"https:\/\/abrelivros.org.br\/site\/justica-suspende-compra-de-apostilas-6-000-mais-caras-que-livros-didaticos\/\" \/>\n<meta property=\"og:locale\" content=\"pt_BR\" \/>\n<meta property=\"og:type\" content=\"article\" \/>\n<meta property=\"og:title\" content=\"Justi\u00e7a suspende compra de apostilas 6.000% mais caras que livros did\u00e1ticos &raquo; Abrelivros\" \/>\n<meta property=\"og:description\" content=\"A ju\u00edza Marisa Vasconcelos, da 1\u00aa Vara da Justi\u00e7a Federal em Taubat\u00e9, concedeu liminar obrigando a Prefeitura de Taubat\u00e9 a comprar, sem licita\u00e7\u00e3o, apostilas que custariam at\u00e9 6.000% mais caras que os livros do Programa Nacional do Livro Did\u00e1tico.\u00a0 \u00a0 Com a decis\u00e3o, a prefeitura n\u00e3o poder\u00e1 efetuar qualquer pagamento \u00e0 Expoente Solu\u00e7\u00f5es Comerciais e [&hellip;]\" \/>\n<meta property=\"og:url\" content=\"https:\/\/abrelivros.org.br\/site\/justica-suspende-compra-de-apostilas-6-000-mais-caras-que-livros-didaticos\/\" \/>\n<meta property=\"og:site_name\" content=\"Abrelivros\" \/>\n<meta property=\"article:published_time\" content=\"2009-02-26T18:52:00+00:00\" \/>\n<meta name=\"twitter:card\" content=\"summary_large_image\" \/>\n<script type=\"application\/ld+json\" class=\"yoast-schema-graph\">{\"@context\":\"https:\/\/schema.org\",\"@graph\":[{\"@type\":\"WebSite\",\"@id\":\"https:\/\/abrelivros.org.br\/site\/#website\",\"url\":\"https:\/\/abrelivros.org.br\/site\/\",\"name\":\"Abrelivros\",\"description\":\"\",\"potentialAction\":[{\"@type\":\"SearchAction\",\"target\":\"https:\/\/abrelivros.org.br\/site\/?s={search_term_string}\",\"query-input\":\"required name=search_term_string\"}],\"inLanguage\":\"pt-BR\"},{\"@type\":\"WebPage\",\"@id\":\"https:\/\/abrelivros.org.br\/site\/justica-suspende-compra-de-apostilas-6-000-mais-caras-que-livros-didaticos\/#webpage\",\"url\":\"https:\/\/abrelivros.org.br\/site\/justica-suspende-compra-de-apostilas-6-000-mais-caras-que-livros-didaticos\/\",\"name\":\"Justi\\u00e7a suspende compra de apostilas 6.000% mais caras que livros did\\u00e1ticos &raquo; Abrelivros\",\"isPartOf\":{\"@id\":\"https:\/\/abrelivros.org.br\/site\/#website\"},\"datePublished\":\"2009-02-26T18:52:00+00:00\",\"dateModified\":\"2009-02-26T18:52:00+00:00\",\"author\":{\"@id\":\"https:\/\/abrelivros.org.br\/site\/#\/schema\/person\/2b867f13a717bb230f1a3555505f5593\"},\"breadcrumb\":{\"@id\":\"https:\/\/abrelivros.org.br\/site\/justica-suspende-compra-de-apostilas-6-000-mais-caras-que-livros-didaticos\/#breadcrumb\"},\"inLanguage\":\"pt-BR\",\"potentialAction\":[{\"@type\":\"ReadAction\",\"target\":[\"https:\/\/abrelivros.org.br\/site\/justica-suspende-compra-de-apostilas-6-000-mais-caras-que-livros-didaticos\/\"]}]},{\"@type\":\"BreadcrumbList\",\"@id\":\"https:\/\/abrelivros.org.br\/site\/justica-suspende-compra-de-apostilas-6-000-mais-caras-que-livros-didaticos\/#breadcrumb\",\"itemListElement\":[{\"@type\":\"ListItem\",\"position\":1,\"item\":{\"@type\":\"WebPage\",\"@id\":\"https:\/\/abrelivros.org.br\/site\/\",\"url\":\"https:\/\/abrelivros.org.br\/site\/\",\"name\":\"In\\u00edcio\"}},{\"@type\":\"ListItem\",\"position\":2,\"item\":{\"@type\":\"WebPage\",\"@id\":\"https:\/\/abrelivros.org.br\/site\/category\/noticias\/\",\"url\":\"https:\/\/abrelivros.org.br\/site\/category\/noticias\/\",\"name\":\"Not\\u00edcias\"}},{\"@type\":\"ListItem\",\"position\":3,\"item\":{\"@type\":\"WebPage\",\"@id\":\"https:\/\/abrelivros.org.br\/site\/category\/noticias\/noticias-da-imprensa\/\",\"url\":\"https:\/\/abrelivros.org.br\/site\/category\/noticias\/noticias-da-imprensa\/\",\"name\":\"Not\\u00edcias da imprensa\"}},{\"@type\":\"ListItem\",\"position\":4,\"item\":{\"@type\":\"WebPage\",\"@id\":\"https:\/\/abrelivros.org.br\/site\/justica-suspende-compra-de-apostilas-6-000-mais-caras-que-livros-didaticos\/\",\"url\":\"https:\/\/abrelivros.org.br\/site\/justica-suspende-compra-de-apostilas-6-000-mais-caras-que-livros-didaticos\/\",\"name\":\"Justi\\u00e7a suspende compra de apostilas 6.000% mais caras que livros did\\u00e1ticos\"}}]},{\"@type\":\"Person\",\"@id\":\"https:\/\/abrelivros.org.br\/site\/#\/schema\/person\/2b867f13a717bb230f1a3555505f5593\",\"name\":\"\\u00a0\",\"image\":{\"@type\":\"ImageObject\",\"@id\":\"https:\/\/abrelivros.org.br\/site\/#personlogo\",\"inLanguage\":\"pt-BR\",\"url\":\"https:\/\/secure.gravatar.com\/avatar\/e80b7f5231be2fff5040a8023da424898002831c5439420df182ae62676d2a6f?s=96&d=mm&r=g\",\"caption\":\"\\u00a0\"}}]}<\/script>\n<!-- \/ Yoast SEO plugin. -->","_links":{"self":[{"href":"https:\/\/abrelivros.org.br\/site\/wp-json\/wp\/v2\/posts\/2465","targetHints":{"allow":["GET"]}}],"collection":[{"href":"https:\/\/abrelivros.org.br\/site\/wp-json\/wp\/v2\/posts"}],"about":[{"href":"https:\/\/abrelivros.org.br\/site\/wp-json\/wp\/v2\/types\/post"}],"author":[{"embeddable":true,"href":"https:\/\/abrelivros.org.br\/site\/wp-json\/wp\/v2\/users\/1"}],"replies":[{"embeddable":true,"href":"https:\/\/abrelivros.org.br\/site\/wp-json\/wp\/v2\/comments?post=2465"}],"version-history":[{"count":0,"href":"https:\/\/abrelivros.org.br\/site\/wp-json\/wp\/v2\/posts\/2465\/revisions"}],"wp:attachment":[{"href":"https:\/\/abrelivros.org.br\/site\/wp-json\/wp\/v2\/media?parent=2465"}],"wp:term":[{"taxonomy":"category","embeddable":true,"href":"https:\/\/abrelivros.org.br\/site\/wp-json\/wp\/v2\/categories?post=2465"},{"taxonomy":"post_tag","embeddable":true,"href":"https:\/\/abrelivros.org.br\/site\/wp-json\/wp\/v2\/tags?post=2465"}],"curies":[{"name":"wp","href":"https:\/\/api.w.org\/{rel}","templated":true}]}}