{"id":2464,"date":"2009-02-27T16:52:00","date_gmt":"2009-02-27T19:52:00","guid":{"rendered":"https:\/\/abrelivros.org.br\/site\/2009\/02\/27\/registro-dos-debates\/"},"modified":"2009-02-27T16:52:00","modified_gmt":"2009-02-27T19:52:00","slug":"registro-dos-debates","status":"publish","type":"post","link":"https:\/\/abrelivros.org.br\/site\/registro-dos-debates\/","title":{"rendered":"Registro dos Debates"},"content":{"rendered":"<p>J\u00e1 est\u00e1 dispon\u00edvel no site do Minist\u00e9rio da Cultura, no link Direitos Autorais, o material audiovisual completo dos quatro semin\u00e1rios do F\u00f3rum Nacional de Direito Autoral realizados em 2008. Al\u00e9m dos v\u00eddeos, a p\u00e1gina traz tamb\u00e9m textos e gr\u00e1ficos apresentados pelos palestrantes.\u00a0<br \/> \u00a0<br \/> No material disponibilizado pode-se ter uma vis\u00e3o de tudo o que foi discutido sobre o tema at\u00e9 agora, com a opini\u00e3o de amplos setores envolvidos na cadeia do direito autoral, que abrange artistas, associa\u00e7\u00f5es de gest\u00e3o coletiva, acad\u00eamicos, consumidores, autores e demais titulares de obras intelectuais protegidas.\u00a0<br \/> \u00a0<br \/> A p\u00e1gina eletr\u00f4nica traz tamb\u00e9m o debate internacional sobre o tema, atrav\u00e9s da participa\u00e7\u00e3o de especialistas de 35 pa\u00edses que estiveram presentes no Semin\u00e1rio Internacional, realizado em Fortaleza, em novembro de 2008.\u00a0<br \/> \u00a0<br \/> O F\u00f3rum Nacional de Direito Autoral \u00e9 um espa\u00e7o para a discuss\u00e3o das quest\u00f5es mais prementes da sociedade no que se refere \u00e0 situa\u00e7\u00e3o atual do direito de autor em nosso pa\u00eds. Tem como objetivos subsidiar a formula\u00e7\u00e3o da pol\u00edtica autoral do Minist\u00e9rio da Cultura (MinC), bem como definir a necessidade ou n\u00e3o da revis\u00e3o da legisla\u00e7\u00e3o existente sobre a mat\u00e9ria e tamb\u00e9m redefinir o papel do Estado nessa \u00e1rea.\u00a0<br \/> \u00a0<br \/> O debate vem sendo realizado pelo MinC desde dezembro de 2007, por meio dos semin\u00e1rios promovidos pelo minist\u00e9rio e outros feitos em parceria com institui\u00e7\u00f5es de ensino superior espalhadas pelo pa\u00eds. Os semin\u00e1rios foram organizados para um p\u00fablico de at\u00e9 400 pessoas por evento e transmitidos ao vivo pela Internet, com espa\u00e7o para a realiza\u00e7\u00e3o de perguntas on line aos conferencistas. A discuss\u00e3o continua em 2009, quando ser\u00e3o realizados outros semin\u00e1rios pelo pa\u00eds.\u00a0<br \/> \u00a0<br \/> <a href=\"http:\/\/www.cultura.gov.br\/site\/categoria\/politicas\/direitos-autorais-politicas\/\" target=\"_blank\" rel=\"noopener noreferrer\">Acesse aqui os v\u00eddeos dos semin\u00e1rios<\/a>.\u00a0<br \/> \u00a0<\/p>\n<p><\/p>\n","protected":false},"excerpt":{"rendered":"<p>J\u00e1 est\u00e1 dispon\u00edvel no site do Minist\u00e9rio da Cultura, no link Direitos Autorais, o material audiovisual completo dos quatro semin\u00e1rios do F\u00f3rum Nacional de Direito Autoral realizados em 2008. Al\u00e9m dos v\u00eddeos, a p\u00e1gina traz tamb\u00e9m textos e gr\u00e1ficos apresentados pelos palestrantes.\u00a0 \u00a0 No material disponibilizado pode-se ter uma vis\u00e3o de tudo o que foi [&hellip;]<\/p>\n","protected":false},"author":1,"featured_media":0,"comment_status":"closed","ping_status":"closed","sticky":false,"template":"","format":"standard","meta":{"footnotes":"","_links_to":"","_links_to_target":""},"categories":[9],"tags":[],"class_list":["post-2464","post","type-post","status-publish","format-standard","hentry","category-noticias-da-imprensa"],"yoast_head":"<!-- This site is optimized with the Yoast SEO plugin v15.1 - https:\/\/yoast.com\/wordpress\/plugins\/seo\/ -->\n<title>Registro dos Debates &raquo; Abrelivros<\/title>\n<meta name=\"robots\" content=\"index, follow, max-snippet:-1, max-image-preview:large, max-video-preview:-1\" \/>\n<link rel=\"canonical\" href=\"https:\/\/abrelivros.org.br\/site\/registro-dos-debates\/\" \/>\n<meta property=\"og:locale\" content=\"pt_BR\" \/>\n<meta property=\"og:type\" content=\"article\" \/>\n<meta property=\"og:title\" content=\"Registro dos Debates &raquo; Abrelivros\" \/>\n<meta property=\"og:description\" content=\"J\u00e1 est\u00e1 dispon\u00edvel no site do Minist\u00e9rio da Cultura, no link Direitos Autorais, o material audiovisual completo dos quatro semin\u00e1rios do F\u00f3rum Nacional de Direito Autoral realizados em 2008. Al\u00e9m dos v\u00eddeos, a p\u00e1gina traz tamb\u00e9m textos e gr\u00e1ficos apresentados pelos palestrantes.\u00a0 \u00a0 No material disponibilizado pode-se ter uma vis\u00e3o de tudo o que foi [&hellip;]\" \/>\n<meta property=\"og:url\" content=\"https:\/\/abrelivros.org.br\/site\/registro-dos-debates\/\" \/>\n<meta property=\"og:site_name\" content=\"Abrelivros\" \/>\n<meta property=\"article:published_time\" content=\"2009-02-27T19:52:00+00:00\" \/>\n<meta name=\"twitter:card\" content=\"summary_large_image\" \/>\n<script type=\"application\/ld+json\" class=\"yoast-schema-graph\">{\"@context\":\"https:\/\/schema.org\",\"@graph\":[{\"@type\":\"WebSite\",\"@id\":\"https:\/\/abrelivros.org.br\/site\/#website\",\"url\":\"https:\/\/abrelivros.org.br\/site\/\",\"name\":\"Abrelivros\",\"description\":\"\",\"potentialAction\":[{\"@type\":\"SearchAction\",\"target\":\"https:\/\/abrelivros.org.br\/site\/?s={search_term_string}\",\"query-input\":\"required name=search_term_string\"}],\"inLanguage\":\"pt-BR\"},{\"@type\":\"WebPage\",\"@id\":\"https:\/\/abrelivros.org.br\/site\/registro-dos-debates\/#webpage\",\"url\":\"https:\/\/abrelivros.org.br\/site\/registro-dos-debates\/\",\"name\":\"Registro dos Debates &raquo; Abrelivros\",\"isPartOf\":{\"@id\":\"https:\/\/abrelivros.org.br\/site\/#website\"},\"datePublished\":\"2009-02-27T19:52:00+00:00\",\"dateModified\":\"2009-02-27T19:52:00+00:00\",\"author\":{\"@id\":\"https:\/\/abrelivros.org.br\/site\/#\/schema\/person\/2b867f13a717bb230f1a3555505f5593\"},\"breadcrumb\":{\"@id\":\"https:\/\/abrelivros.org.br\/site\/registro-dos-debates\/#breadcrumb\"},\"inLanguage\":\"pt-BR\",\"potentialAction\":[{\"@type\":\"ReadAction\",\"target\":[\"https:\/\/abrelivros.org.br\/site\/registro-dos-debates\/\"]}]},{\"@type\":\"BreadcrumbList\",\"@id\":\"https:\/\/abrelivros.org.br\/site\/registro-dos-debates\/#breadcrumb\",\"itemListElement\":[{\"@type\":\"ListItem\",\"position\":1,\"item\":{\"@type\":\"WebPage\",\"@id\":\"https:\/\/abrelivros.org.br\/site\/\",\"url\":\"https:\/\/abrelivros.org.br\/site\/\",\"name\":\"In\\u00edcio\"}},{\"@type\":\"ListItem\",\"position\":2,\"item\":{\"@type\":\"WebPage\",\"@id\":\"https:\/\/abrelivros.org.br\/site\/category\/noticias\/\",\"url\":\"https:\/\/abrelivros.org.br\/site\/category\/noticias\/\",\"name\":\"Not\\u00edcias\"}},{\"@type\":\"ListItem\",\"position\":3,\"item\":{\"@type\":\"WebPage\",\"@id\":\"https:\/\/abrelivros.org.br\/site\/category\/noticias\/noticias-da-imprensa\/\",\"url\":\"https:\/\/abrelivros.org.br\/site\/category\/noticias\/noticias-da-imprensa\/\",\"name\":\"Not\\u00edcias da imprensa\"}},{\"@type\":\"ListItem\",\"position\":4,\"item\":{\"@type\":\"WebPage\",\"@id\":\"https:\/\/abrelivros.org.br\/site\/registro-dos-debates\/\",\"url\":\"https:\/\/abrelivros.org.br\/site\/registro-dos-debates\/\",\"name\":\"Registro dos Debates\"}}]},{\"@type\":\"Person\",\"@id\":\"https:\/\/abrelivros.org.br\/site\/#\/schema\/person\/2b867f13a717bb230f1a3555505f5593\",\"name\":\"\\u00a0\",\"image\":{\"@type\":\"ImageObject\",\"@id\":\"https:\/\/abrelivros.org.br\/site\/#personlogo\",\"inLanguage\":\"pt-BR\",\"url\":\"https:\/\/secure.gravatar.com\/avatar\/e80b7f5231be2fff5040a8023da424898002831c5439420df182ae62676d2a6f?s=96&d=mm&r=g\",\"caption\":\"\\u00a0\"}}]}<\/script>\n<!-- \/ Yoast SEO plugin. -->","_links":{"self":[{"href":"https:\/\/abrelivros.org.br\/site\/wp-json\/wp\/v2\/posts\/2464","targetHints":{"allow":["GET"]}}],"collection":[{"href":"https:\/\/abrelivros.org.br\/site\/wp-json\/wp\/v2\/posts"}],"about":[{"href":"https:\/\/abrelivros.org.br\/site\/wp-json\/wp\/v2\/types\/post"}],"author":[{"embeddable":true,"href":"https:\/\/abrelivros.org.br\/site\/wp-json\/wp\/v2\/users\/1"}],"replies":[{"embeddable":true,"href":"https:\/\/abrelivros.org.br\/site\/wp-json\/wp\/v2\/comments?post=2464"}],"version-history":[{"count":0,"href":"https:\/\/abrelivros.org.br\/site\/wp-json\/wp\/v2\/posts\/2464\/revisions"}],"wp:attachment":[{"href":"https:\/\/abrelivros.org.br\/site\/wp-json\/wp\/v2\/media?parent=2464"}],"wp:term":[{"taxonomy":"category","embeddable":true,"href":"https:\/\/abrelivros.org.br\/site\/wp-json\/wp\/v2\/categories?post=2464"},{"taxonomy":"post_tag","embeddable":true,"href":"https:\/\/abrelivros.org.br\/site\/wp-json\/wp\/v2\/tags?post=2464"}],"curies":[{"name":"wp","href":"https:\/\/api.w.org\/{rel}","templated":true}]}}