{"id":2461,"date":"2009-02-27T17:28:00","date_gmt":"2009-02-27T20:28:00","guid":{"rendered":"https:\/\/abrelivros.org.br\/site\/2009\/02\/27\/27-de-fevereiro-dia-nacional-do-livro-didatico\/"},"modified":"2009-02-27T17:28:00","modified_gmt":"2009-02-27T20:28:00","slug":"27-de-fevereiro-dia-nacional-do-livro-didatico","status":"publish","type":"post","link":"https:\/\/abrelivros.org.br\/site\/27-de-fevereiro-dia-nacional-do-livro-didatico\/","title":{"rendered":"27 de fevereiro &#8211; Dia Nacional do Livro Did\u00e1tico"},"content":{"rendered":"<p>No dia em que se comemora a import\u00e2ncia do livro did\u00e1tico no Brasil, a Abrelivros mostra quais os processos que comp\u00f5em a produ\u00e7\u00e3o do material indispens\u00e1vel \u00e0 educa\u00e7\u00e3o. \u00a0<br \/> \u00a0<br \/> A complexidade da edi\u00e7\u00e3o e produ\u00e7\u00e3o do livro did\u00e1tico, muito maior do que a de outros tipos de obra, assim como as altas tiragens necess\u00e1rias \u00e0 sua viabiliza\u00e7\u00e3o, exige investimentos  vultosos e aumenta significativamente o risco desse ramo editorial. Em conseq\u00fc\u00eancia, as editoras organizam-se como empresas modernas. Disp\u00f5em de profissionais de alto n\u00edvel, de complexa estrutura organizacional, de ampla rede de distribui\u00e7\u00e3o e de tecnologia sofisticada. \u00a0<br \/> \u00a0<br \/> A liberdade de escolha dos educadores estimula uma competi\u00e7\u00e3o que resulta na disponibilidade de v\u00e1rias op\u00e7\u00f5es para professores e alunos e beneficia a melhoria da qualidade. Por isso, editores, autores e professores em sua imensa maioria veem o livro did\u00e1tico com respeito, reservando-lhe importante papel de apoio no processo educacional.\u00a0<br \/> \u00a0<br \/><B> Produ\u00e7\u00e3o do livro did\u00e1tico\u00a0<br \/> \u00a0<br \/><\/B> Presente no dia-a-dia de alunos e educadores, o livro did\u00e1tico \u00e9 fruto de um trabalho em conjunto que envolve diferentes equipes e profissionais das editoras. A equipe editorial \u00e9 respons\u00e1vel por conceber e desenvolver as obras e \u00e9 dividida em profissionais do texto, de arte e aut\u00f4nomos. O processo de produ\u00e7\u00e3o \u00e9 resultado de in\u00fameras etapas, que duram tr\u00eas anos em m\u00e9dia, desde a contrata\u00e7\u00e3o da obra at\u00e9 sua impress\u00e3o. Essas etapas, aqui bastante simplificadas, desdobram-se numa infinidade de pequenas tarefas, controles e cuidados para que as obras obtenham o melhor resultado poss\u00edvel. \u00a0<br \/> \u00a0<br \/><B> As etapas principais s\u00e3o as seguintes:\u00a0<br \/> \u00a0<br \/> 1. O projeto<\/B> \u2013 Profissionais da editora e autores definem as diretrizes b\u00e1sicas da obra como a estrutura, o conte\u00fado a ser desenvolvido, a proposta metodol\u00f3gica, a defini\u00e7\u00e3o do p\u00fablico escolar a que se destina e a avalia\u00e7\u00e3o de viabilidade econ\u00f4mica. Nessa fase inicial, os autores elaboram textos experimentais que s\u00e3o submetidos \u00e0 an\u00e1lise de qualidade e adequa\u00e7\u00e3o textual de v\u00e1rios professores experientes. \u00a0<br \/> \u00a0<br \/><B> 2. A feitura dos originais <\/B>&#8211; Trabalho desenvolvido pelos autores, acompanhados e apoiados por profissionais das editoras. \u00c9 uma etapa lenta e meticulosa, que envolve avalia\u00e7\u00f5es e reformula\u00e7\u00f5es, at\u00e9 chegar-se \u00e0 forma final.\u00a0<br \/> \u00a0<br \/><B> 3. Avalia\u00e7\u00e3o, prepara\u00e7\u00e3o e edi\u00e7\u00e3o de texto original<\/B> \u2013 A equipe editorial, com apoio de assessores externos e sempre com aprova\u00e7\u00e3o final dos autores, trabalha para que o texto esteja correto, coerente, com linguagem adequada e adequado ao p\u00fablico da obra e \u00e0 linguagem visual e gr\u00e1fica a ser adotada.\u00a0<br \/> \u00a0<br \/><B> 4. Projeto gr\u00e1fico, pesquisa iconogr\u00e1fica e de refer\u00eancias para ilustra\u00e7\u00f5es <\/B>&#8211; Profissionais de artes gr\u00e1ficas e de pesquisa iconogr\u00e1fica definem a linguagem visual coerente com a proposta da obra e atraente para o seu p\u00fablico, com ilustra\u00e7\u00f5es e fotos adequadas ao conte\u00fado a aos objetivos educacionais.\u00a0<br \/> \u00a0<br \/><B> 5. Produ\u00e7\u00e3o editorial <\/B>&#8211; Envolve todas as opera\u00e7\u00f5es necess\u00e1rias \u00e0 organiza\u00e7\u00e3o dos originais para impress\u00e3o: feitura das ilustra\u00e7\u00f5es, produ\u00e7\u00f5es de fotos, mapas, gr\u00e1ficos e demais recursos visuais e diagrama\u00e7\u00e3o do texto. O editor respons\u00e1vel supervisiona cada etapa e apresenta a obra ao autor sempre que necess\u00e1rio, cabendo a ele a aprova\u00e7\u00e3o final do trabalho antes da impress\u00e3o.\u00a0<br \/> \u00a0<br \/><B> 6. Produ\u00e7\u00e3o gr\u00e1fica<\/B> \u2013 Na \u00faltima etapa do processo de produ\u00e7\u00e3o do livro,  arquivos eletr\u00f4nicos s\u00e3o emitidos para que os fotolitos sejam confeccionados. Inclui ainda a impress\u00e3o e acabamento da obra, tamb\u00e9m, nesse caso, sob acompanhamento e supervis\u00e3o de equipe especializada da editora.\u00a0<br \/> \u00a0<\/p>\n<p><\/p>\n","protected":false},"excerpt":{"rendered":"<p>No dia em que se comemora a import\u00e2ncia do livro did\u00e1tico no Brasil, a Abrelivros mostra quais os processos que comp\u00f5em a produ\u00e7\u00e3o do material indispens\u00e1vel \u00e0 educa\u00e7\u00e3o. \u00a0 \u00a0 A complexidade da edi\u00e7\u00e3o e produ\u00e7\u00e3o do livro did\u00e1tico, muito maior do que a de outros tipos de obra, assim como as altas tiragens necess\u00e1rias [&hellip;]<\/p>\n","protected":false},"author":1,"featured_media":0,"comment_status":"closed","ping_status":"closed","sticky":false,"template":"","format":"standard","meta":{"footnotes":"","_links_to":"","_links_to_target":""},"categories":[9],"tags":[],"class_list":["post-2461","post","type-post","status-publish","format-standard","hentry","category-noticias-da-imprensa"],"yoast_head":"<!-- This site is optimized with the Yoast SEO plugin v15.1 - https:\/\/yoast.com\/wordpress\/plugins\/seo\/ -->\n<title>27 de fevereiro - Dia Nacional do Livro Did\u00e1tico &raquo; Abrelivros<\/title>\n<meta name=\"robots\" content=\"index, follow, max-snippet:-1, max-image-preview:large, max-video-preview:-1\" \/>\n<link rel=\"canonical\" href=\"https:\/\/abrelivros.org.br\/site\/27-de-fevereiro-dia-nacional-do-livro-didatico\/\" \/>\n<meta property=\"og:locale\" content=\"pt_BR\" \/>\n<meta property=\"og:type\" content=\"article\" \/>\n<meta property=\"og:title\" content=\"27 de fevereiro - Dia Nacional do Livro Did\u00e1tico &raquo; Abrelivros\" \/>\n<meta property=\"og:description\" content=\"No dia em que se comemora a import\u00e2ncia do livro did\u00e1tico no Brasil, a Abrelivros mostra quais os processos que comp\u00f5em a produ\u00e7\u00e3o do material indispens\u00e1vel \u00e0 educa\u00e7\u00e3o. \u00a0 \u00a0 A complexidade da edi\u00e7\u00e3o e produ\u00e7\u00e3o do livro did\u00e1tico, muito maior do que a de outros tipos de obra, assim como as altas tiragens necess\u00e1rias [&hellip;]\" \/>\n<meta property=\"og:url\" content=\"https:\/\/abrelivros.org.br\/site\/27-de-fevereiro-dia-nacional-do-livro-didatico\/\" \/>\n<meta property=\"og:site_name\" content=\"Abrelivros\" \/>\n<meta property=\"article:published_time\" content=\"2009-02-27T20:28:00+00:00\" \/>\n<meta name=\"twitter:card\" content=\"summary_large_image\" \/>\n<script type=\"application\/ld+json\" class=\"yoast-schema-graph\">{\"@context\":\"https:\/\/schema.org\",\"@graph\":[{\"@type\":\"WebSite\",\"@id\":\"https:\/\/abrelivros.org.br\/site\/#website\",\"url\":\"https:\/\/abrelivros.org.br\/site\/\",\"name\":\"Abrelivros\",\"description\":\"\",\"potentialAction\":[{\"@type\":\"SearchAction\",\"target\":\"https:\/\/abrelivros.org.br\/site\/?s={search_term_string}\",\"query-input\":\"required name=search_term_string\"}],\"inLanguage\":\"pt-BR\"},{\"@type\":\"WebPage\",\"@id\":\"https:\/\/abrelivros.org.br\/site\/27-de-fevereiro-dia-nacional-do-livro-didatico\/#webpage\",\"url\":\"https:\/\/abrelivros.org.br\/site\/27-de-fevereiro-dia-nacional-do-livro-didatico\/\",\"name\":\"27 de fevereiro - Dia Nacional do Livro Did\\u00e1tico &raquo; Abrelivros\",\"isPartOf\":{\"@id\":\"https:\/\/abrelivros.org.br\/site\/#website\"},\"datePublished\":\"2009-02-27T20:28:00+00:00\",\"dateModified\":\"2009-02-27T20:28:00+00:00\",\"author\":{\"@id\":\"https:\/\/abrelivros.org.br\/site\/#\/schema\/person\/2b867f13a717bb230f1a3555505f5593\"},\"breadcrumb\":{\"@id\":\"https:\/\/abrelivros.org.br\/site\/27-de-fevereiro-dia-nacional-do-livro-didatico\/#breadcrumb\"},\"inLanguage\":\"pt-BR\",\"potentialAction\":[{\"@type\":\"ReadAction\",\"target\":[\"https:\/\/abrelivros.org.br\/site\/27-de-fevereiro-dia-nacional-do-livro-didatico\/\"]}]},{\"@type\":\"BreadcrumbList\",\"@id\":\"https:\/\/abrelivros.org.br\/site\/27-de-fevereiro-dia-nacional-do-livro-didatico\/#breadcrumb\",\"itemListElement\":[{\"@type\":\"ListItem\",\"position\":1,\"item\":{\"@type\":\"WebPage\",\"@id\":\"https:\/\/abrelivros.org.br\/site\/\",\"url\":\"https:\/\/abrelivros.org.br\/site\/\",\"name\":\"In\\u00edcio\"}},{\"@type\":\"ListItem\",\"position\":2,\"item\":{\"@type\":\"WebPage\",\"@id\":\"https:\/\/abrelivros.org.br\/site\/category\/noticias\/\",\"url\":\"https:\/\/abrelivros.org.br\/site\/category\/noticias\/\",\"name\":\"Not\\u00edcias\"}},{\"@type\":\"ListItem\",\"position\":3,\"item\":{\"@type\":\"WebPage\",\"@id\":\"https:\/\/abrelivros.org.br\/site\/category\/noticias\/noticias-da-imprensa\/\",\"url\":\"https:\/\/abrelivros.org.br\/site\/category\/noticias\/noticias-da-imprensa\/\",\"name\":\"Not\\u00edcias da imprensa\"}},{\"@type\":\"ListItem\",\"position\":4,\"item\":{\"@type\":\"WebPage\",\"@id\":\"https:\/\/abrelivros.org.br\/site\/27-de-fevereiro-dia-nacional-do-livro-didatico\/\",\"url\":\"https:\/\/abrelivros.org.br\/site\/27-de-fevereiro-dia-nacional-do-livro-didatico\/\",\"name\":\"27 de fevereiro &#8211; Dia Nacional do Livro Did\\u00e1tico\"}}]},{\"@type\":\"Person\",\"@id\":\"https:\/\/abrelivros.org.br\/site\/#\/schema\/person\/2b867f13a717bb230f1a3555505f5593\",\"name\":\"\\u00a0\",\"image\":{\"@type\":\"ImageObject\",\"@id\":\"https:\/\/abrelivros.org.br\/site\/#personlogo\",\"inLanguage\":\"pt-BR\",\"url\":\"https:\/\/secure.gravatar.com\/avatar\/e80b7f5231be2fff5040a8023da424898002831c5439420df182ae62676d2a6f?s=96&d=mm&r=g\",\"caption\":\"\\u00a0\"}}]}<\/script>\n<!-- \/ Yoast SEO plugin. -->","_links":{"self":[{"href":"https:\/\/abrelivros.org.br\/site\/wp-json\/wp\/v2\/posts\/2461","targetHints":{"allow":["GET"]}}],"collection":[{"href":"https:\/\/abrelivros.org.br\/site\/wp-json\/wp\/v2\/posts"}],"about":[{"href":"https:\/\/abrelivros.org.br\/site\/wp-json\/wp\/v2\/types\/post"}],"author":[{"embeddable":true,"href":"https:\/\/abrelivros.org.br\/site\/wp-json\/wp\/v2\/users\/1"}],"replies":[{"embeddable":true,"href":"https:\/\/abrelivros.org.br\/site\/wp-json\/wp\/v2\/comments?post=2461"}],"version-history":[{"count":0,"href":"https:\/\/abrelivros.org.br\/site\/wp-json\/wp\/v2\/posts\/2461\/revisions"}],"wp:attachment":[{"href":"https:\/\/abrelivros.org.br\/site\/wp-json\/wp\/v2\/media?parent=2461"}],"wp:term":[{"taxonomy":"category","embeddable":true,"href":"https:\/\/abrelivros.org.br\/site\/wp-json\/wp\/v2\/categories?post=2461"},{"taxonomy":"post_tag","embeddable":true,"href":"https:\/\/abrelivros.org.br\/site\/wp-json\/wp\/v2\/tags?post=2461"}],"curies":[{"name":"wp","href":"https:\/\/api.w.org\/{rel}","templated":true}]}}