{"id":2458,"date":"2009-03-06T17:49:00","date_gmt":"2009-03-06T20:49:00","guid":{"rendered":"https:\/\/abrelivros.org.br\/site\/2009\/03\/06\/fiscalizacao-vai-garantir-assuntos-afro-brasileiros-em-curriculo\/"},"modified":"2009-03-06T17:49:00","modified_gmt":"2009-03-06T20:49:00","slug":"fiscalizacao-vai-garantir-assuntos-afro-brasileiros-em-curriculo","status":"publish","type":"post","link":"https:\/\/abrelivros.org.br\/site\/fiscalizacao-vai-garantir-assuntos-afro-brasileiros-em-curriculo\/","title":{"rendered":"Fiscaliza\u00e7\u00e3o vai garantir assuntos afro-brasileiros em curr\u00edculo"},"content":{"rendered":"<p>O estudo da hist\u00f3ria e cultura afro-brasileira, bem como dos povos ind\u00edgenas, deve ser inclu\u00eddo nos curr\u00edculos escolares. Os munic\u00edpios que n\u00e3o fizerem esta inclus\u00e3o podem ser responsabilizados por descumprimento de lei federal. O alerta \u00e9 da Confedera\u00e7\u00e3o Nacional de Munic\u00edpios (CNM). <\/p>\n<p> Segundo o \u00f3rg\u00e3o, a cobran\u00e7a e a fiscaliza\u00e7\u00e3oda aplica\u00e7\u00e3o desta obrigatoriedade est\u00e1 sendo feita pelo Minist\u00e9rio P\u00fablico dos estados. Conforme a CNM, a n\u00e3o-implanta\u00e7\u00e3o em algumas escolas fez com que munic\u00edpios tivessem investiga\u00e7\u00e3o oficial instaurada pelo MP. Promotores de Justi\u00e7a est\u00e3o requisitando informa\u00e7\u00f5es sobre o curr\u00edculo das escolas e sobre as provid\u00eancias adotadas para a implementa\u00e7\u00e3o da lei.<\/p>\n<p> A inclus\u00e3o destas disciplinas foi estabelecida pela Lei 10.639, de 2003, ampliada pela Lei 11.645, de 2008, que estabelece a obrigatoriedade da inclus\u00e3o do estudo sobre a hist\u00f3ria e cultura afro-brasileira e dos povos ind\u00edgenas. \u00a0<br \/> \u00a0<\/p>\n","protected":false},"excerpt":{"rendered":"<p>O estudo da hist\u00f3ria e cultura afro-brasileira, bem como dos povos ind\u00edgenas, deve ser inclu\u00eddo nos curr\u00edculos escolares. Os munic\u00edpios que n\u00e3o fizerem esta inclus\u00e3o podem ser responsabilizados por descumprimento de lei federal. O alerta \u00e9 da Confedera\u00e7\u00e3o Nacional de Munic\u00edpios (CNM). Segundo o \u00f3rg\u00e3o, a cobran\u00e7a e a fiscaliza\u00e7\u00e3oda aplica\u00e7\u00e3o desta obrigatoriedade est\u00e1 sendo [&hellip;]<\/p>\n","protected":false},"author":1,"featured_media":0,"comment_status":"closed","ping_status":"closed","sticky":false,"template":"","format":"standard","meta":{"footnotes":"","_links_to":"","_links_to_target":""},"categories":[9],"tags":[],"class_list":["post-2458","post","type-post","status-publish","format-standard","hentry","category-noticias-da-imprensa"],"yoast_head":"<!-- This site is optimized with the Yoast SEO plugin v15.1 - https:\/\/yoast.com\/wordpress\/plugins\/seo\/ -->\n<title>Fiscaliza\u00e7\u00e3o vai garantir assuntos afro-brasileiros em curr\u00edculo &raquo; Abrelivros<\/title>\n<meta name=\"robots\" content=\"index, follow, max-snippet:-1, max-image-preview:large, max-video-preview:-1\" \/>\n<link rel=\"canonical\" href=\"https:\/\/abrelivros.org.br\/site\/fiscalizacao-vai-garantir-assuntos-afro-brasileiros-em-curriculo\/\" \/>\n<meta property=\"og:locale\" content=\"pt_BR\" \/>\n<meta property=\"og:type\" content=\"article\" \/>\n<meta property=\"og:title\" content=\"Fiscaliza\u00e7\u00e3o vai garantir assuntos afro-brasileiros em curr\u00edculo &raquo; Abrelivros\" \/>\n<meta property=\"og:description\" content=\"O estudo da hist\u00f3ria e cultura afro-brasileira, bem como dos povos ind\u00edgenas, deve ser inclu\u00eddo nos curr\u00edculos escolares. Os munic\u00edpios que n\u00e3o fizerem esta inclus\u00e3o podem ser responsabilizados por descumprimento de lei federal. O alerta \u00e9 da Confedera\u00e7\u00e3o Nacional de Munic\u00edpios (CNM). Segundo o \u00f3rg\u00e3o, a cobran\u00e7a e a fiscaliza\u00e7\u00e3oda aplica\u00e7\u00e3o desta obrigatoriedade est\u00e1 sendo [&hellip;]\" \/>\n<meta property=\"og:url\" content=\"https:\/\/abrelivros.org.br\/site\/fiscalizacao-vai-garantir-assuntos-afro-brasileiros-em-curriculo\/\" \/>\n<meta property=\"og:site_name\" content=\"Abrelivros\" \/>\n<meta property=\"article:published_time\" content=\"2009-03-06T20:49:00+00:00\" \/>\n<meta name=\"twitter:card\" content=\"summary_large_image\" \/>\n<script type=\"application\/ld+json\" class=\"yoast-schema-graph\">{\"@context\":\"https:\/\/schema.org\",\"@graph\":[{\"@type\":\"WebSite\",\"@id\":\"https:\/\/abrelivros.org.br\/site\/#website\",\"url\":\"https:\/\/abrelivros.org.br\/site\/\",\"name\":\"Abrelivros\",\"description\":\"\",\"potentialAction\":[{\"@type\":\"SearchAction\",\"target\":\"https:\/\/abrelivros.org.br\/site\/?s={search_term_string}\",\"query-input\":\"required name=search_term_string\"}],\"inLanguage\":\"pt-BR\"},{\"@type\":\"WebPage\",\"@id\":\"https:\/\/abrelivros.org.br\/site\/fiscalizacao-vai-garantir-assuntos-afro-brasileiros-em-curriculo\/#webpage\",\"url\":\"https:\/\/abrelivros.org.br\/site\/fiscalizacao-vai-garantir-assuntos-afro-brasileiros-em-curriculo\/\",\"name\":\"Fiscaliza\\u00e7\\u00e3o vai garantir assuntos afro-brasileiros em curr\\u00edculo &raquo; Abrelivros\",\"isPartOf\":{\"@id\":\"https:\/\/abrelivros.org.br\/site\/#website\"},\"datePublished\":\"2009-03-06T20:49:00+00:00\",\"dateModified\":\"2009-03-06T20:49:00+00:00\",\"author\":{\"@id\":\"https:\/\/abrelivros.org.br\/site\/#\/schema\/person\/2b867f13a717bb230f1a3555505f5593\"},\"breadcrumb\":{\"@id\":\"https:\/\/abrelivros.org.br\/site\/fiscalizacao-vai-garantir-assuntos-afro-brasileiros-em-curriculo\/#breadcrumb\"},\"inLanguage\":\"pt-BR\",\"potentialAction\":[{\"@type\":\"ReadAction\",\"target\":[\"https:\/\/abrelivros.org.br\/site\/fiscalizacao-vai-garantir-assuntos-afro-brasileiros-em-curriculo\/\"]}]},{\"@type\":\"BreadcrumbList\",\"@id\":\"https:\/\/abrelivros.org.br\/site\/fiscalizacao-vai-garantir-assuntos-afro-brasileiros-em-curriculo\/#breadcrumb\",\"itemListElement\":[{\"@type\":\"ListItem\",\"position\":1,\"item\":{\"@type\":\"WebPage\",\"@id\":\"https:\/\/abrelivros.org.br\/site\/\",\"url\":\"https:\/\/abrelivros.org.br\/site\/\",\"name\":\"In\\u00edcio\"}},{\"@type\":\"ListItem\",\"position\":2,\"item\":{\"@type\":\"WebPage\",\"@id\":\"https:\/\/abrelivros.org.br\/site\/category\/noticias\/\",\"url\":\"https:\/\/abrelivros.org.br\/site\/category\/noticias\/\",\"name\":\"Not\\u00edcias\"}},{\"@type\":\"ListItem\",\"position\":3,\"item\":{\"@type\":\"WebPage\",\"@id\":\"https:\/\/abrelivros.org.br\/site\/category\/noticias\/noticias-da-imprensa\/\",\"url\":\"https:\/\/abrelivros.org.br\/site\/category\/noticias\/noticias-da-imprensa\/\",\"name\":\"Not\\u00edcias da imprensa\"}},{\"@type\":\"ListItem\",\"position\":4,\"item\":{\"@type\":\"WebPage\",\"@id\":\"https:\/\/abrelivros.org.br\/site\/fiscalizacao-vai-garantir-assuntos-afro-brasileiros-em-curriculo\/\",\"url\":\"https:\/\/abrelivros.org.br\/site\/fiscalizacao-vai-garantir-assuntos-afro-brasileiros-em-curriculo\/\",\"name\":\"Fiscaliza\\u00e7\\u00e3o vai garantir assuntos afro-brasileiros em curr\\u00edculo\"}}]},{\"@type\":\"Person\",\"@id\":\"https:\/\/abrelivros.org.br\/site\/#\/schema\/person\/2b867f13a717bb230f1a3555505f5593\",\"name\":\"\\u00a0\",\"image\":{\"@type\":\"ImageObject\",\"@id\":\"https:\/\/abrelivros.org.br\/site\/#personlogo\",\"inLanguage\":\"pt-BR\",\"url\":\"https:\/\/secure.gravatar.com\/avatar\/e80b7f5231be2fff5040a8023da424898002831c5439420df182ae62676d2a6f?s=96&d=mm&r=g\",\"caption\":\"\\u00a0\"}}]}<\/script>\n<!-- \/ Yoast SEO plugin. -->","_links":{"self":[{"href":"https:\/\/abrelivros.org.br\/site\/wp-json\/wp\/v2\/posts\/2458","targetHints":{"allow":["GET"]}}],"collection":[{"href":"https:\/\/abrelivros.org.br\/site\/wp-json\/wp\/v2\/posts"}],"about":[{"href":"https:\/\/abrelivros.org.br\/site\/wp-json\/wp\/v2\/types\/post"}],"author":[{"embeddable":true,"href":"https:\/\/abrelivros.org.br\/site\/wp-json\/wp\/v2\/users\/1"}],"replies":[{"embeddable":true,"href":"https:\/\/abrelivros.org.br\/site\/wp-json\/wp\/v2\/comments?post=2458"}],"version-history":[{"count":0,"href":"https:\/\/abrelivros.org.br\/site\/wp-json\/wp\/v2\/posts\/2458\/revisions"}],"wp:attachment":[{"href":"https:\/\/abrelivros.org.br\/site\/wp-json\/wp\/v2\/media?parent=2458"}],"wp:term":[{"taxonomy":"category","embeddable":true,"href":"https:\/\/abrelivros.org.br\/site\/wp-json\/wp\/v2\/categories?post=2458"},{"taxonomy":"post_tag","embeddable":true,"href":"https:\/\/abrelivros.org.br\/site\/wp-json\/wp\/v2\/tags?post=2458"}],"curies":[{"name":"wp","href":"https:\/\/api.w.org\/{rel}","templated":true}]}}