{"id":2457,"date":"2009-03-06T17:50:00","date_gmt":"2009-03-06T20:50:00","guid":{"rendered":"https:\/\/abrelivros.org.br\/site\/2009\/03\/06\/abrelivros-homenageia-joao-tissi-na-comemoracao-do-dia-nacional-do-livro-didatico\/"},"modified":"2009-03-06T17:50:00","modified_gmt":"2009-03-06T20:50:00","slug":"abrelivros-homenageia-joao-tissi-na-comemoracao-do-dia-nacional-do-livro-didatico","status":"publish","type":"post","link":"https:\/\/abrelivros.org.br\/site\/abrelivros-homenageia-joao-tissi-na-comemoracao-do-dia-nacional-do-livro-didatico\/","title":{"rendered":"Abrelivros homenageia Jo\u00e3o Tissi na comemora\u00e7\u00e3o do Dia Nacional do Livro Did\u00e1tico"},"content":{"rendered":"<p><img fetchpriority=\"high\" decoding=\"async\" class=\" alignleft size-full wp-image-2456\" src=\"https:\/\/abrelivros.org.br\/site\/wp-content\/uploads\/2009\/03\/3728.jpg\" border=\"0\" hspace=\"8\" align=\"left\" width=\"338\" height=\"225\" srcset=\"https:\/\/abrelivros.org.br\/site\/wp-content\/uploads\/2009\/03\/3728.jpg 338w, https:\/\/abrelivros.org.br\/site\/wp-content\/uploads\/2009\/03\/3728-300x200.jpg 300w\" sizes=\"(max-width: 338px) 100vw, 338px\" \/>S\u00e3o Paulo, 6 de mar\u00e7o de 2009 \u2013 O educador Jo\u00e3o Tissi foi homenageado pela Associa\u00e7\u00e3o Brasileira dos Editores de Livros (Abrelivros) durante almo\u00e7o comemorativo ao Dia Nacional do Livro Did\u00e1tico, celebrado no dia 27 de fevereiro. Um dos fundadores da entidade e profissional \u00e0 frente da editora FTD por 40 anos, Tissi foi reconhecido pelo empenho ininterrupto \u00e0 educa\u00e7\u00e3o brasileira.\u00a0<br \/> \u00a0<br \/> O almo\u00e7o teve a presen\u00e7a de cerca de 90 editores e representantes de entidades nacionais ligadas ao mercado editorial. Na ocasi\u00e3o, estiveram reunidos  alguns dos principais nomes do setor, como Sonia Machado Jardim, presidente do Sindicato Nacional dos Editores de Livros (SNEL); Jos\u00e9 de Nicola, presidente da Abrale, Rafael Torino, Diretor de A\u00e7\u00f5es Educacionais do FNDE, Maria do Pilar Lacerda, titular da Secretaria de Educa\u00e7\u00e3o B\u00e1sica do MEC,  Rosely Boschini, presidente da CBL, Isis Val\u00e9ria, diretora da Funda\u00e7\u00e3o Nacional do Livro Infantil e Juvenil (FNLIJ) e Vitor Tavares, presidente da Associa\u00e7\u00e3o Nacional de Livrarias (ANL), entre outros.\u00a0<br \/> \u00a0<br \/> Jorge Yunes, presidente da Abrelivros, destacou o trabalho mantido por Tissi durante sua gest\u00e3o na entidade e na editora FTD. \u201cO mercado est\u00e1 sentindo bastante a falta de homens como Jo\u00e3o Tissi, empenhados em construir educa\u00e7\u00e3o e qualidade de vida\u201d. Professor Jo\u00e3o, como \u00e9 conhecido, agradeceu as homenagens e enfatizou a coopera\u00e7\u00e3o entre editoras e governo em prol da educa\u00e7\u00e3o. \u201cUma das finalidades da Abrelivros \u00e9 manter um di\u00e1logo saud\u00e1vel entre o setor editorial e \u00f3rg\u00e3os de governo, n\u00e3o s\u00f3 pelo bem das editoras, mas sim pela melhoria do ensino no Brasil. Felizmente, essa troca tem sido bastante positiva\u201d. \u00a0<br \/> \u00a0<br \/> Tissi foi professor e diretor de escola por v\u00e1rios anos em Curitiba, onde procurou trabalhar a educa\u00e7\u00e3o e n\u00e3o somente o ensino. Ao assumir a presid\u00eancia da editora FTD, em 1968, ele reestruturou a empresa, tra\u00e7ou metas financeiras, fundou uma gr\u00e1fica pr\u00f3pria e investiu em excel\u00eancia profissional e em grandes autores de livros, contribuindo para consolidar a atua\u00e7\u00e3o da FTD no mercado editorial de did\u00e1ticos e paradid\u00e1ticos. Durante suas sucessivas gest\u00f5es na Abrelivros, de 1991 a 2008, ele ocupou cargos estrat\u00e9gicos na diretoria e colaborou com a entidade para a melhoria da qualidade f\u00edsica e pedag\u00f3gica do livro.\u00a0<br \/> \u00a0<br \/> Desde 1997, ano da primeira comemora\u00e7\u00e3o do Livro Did\u00e1tico, a Abrelivros vem destacando nomes importantes para o desenvolvimento do mercado editorial e do setor de livros em geral. J\u00e1 foram homenageados editores, autores de livros did\u00e1ticos, dirigentes governamentais e criadores de projetos pioneiros, como a professora Branca Alves de Lima, que concebeu a cartilha Caminho Suave, cujas vendas ultrapassaram 40 milh\u00f5es de c\u00f3pias. A escolha de 2009, Jo\u00e3o Tissi, representa a valoriza\u00e7\u00e3o das a\u00e7\u00f5es em busca da excel\u00eancia administrativa e educacional. \u201cS\u00e3o d\u00e9cadas de trabalho em prol da educa\u00e7\u00e3o, com resultados que beneficiam n\u00e3o somente o mercado editorial, como tamb\u00e9m uma na\u00e7\u00e3o de leitores\u201d, destaca Yunes.\u00a0<\/p>\n","protected":false},"excerpt":{"rendered":"<p>S\u00e3o Paulo, 6 de mar\u00e7o de 2009 \u2013 O educador Jo\u00e3o Tissi foi homenageado pela Associa\u00e7\u00e3o Brasileira dos Editores de Livros (Abrelivros) durante almo\u00e7o comemorativo ao Dia Nacional do Livro Did\u00e1tico, celebrado no dia 27 de fevereiro. Um dos fundadores da entidade e profissional \u00e0 frente da editora FTD por 40 anos, Tissi foi reconhecido [&hellip;]<\/p>\n","protected":false},"author":1,"featured_media":2456,"comment_status":"closed","ping_status":"closed","sticky":false,"template":"","format":"standard","meta":{"footnotes":"","_links_to":"","_links_to_target":""},"categories":[9],"tags":[],"class_list":["post-2457","post","type-post","status-publish","format-standard","has-post-thumbnail","hentry","category-noticias-da-imprensa"],"yoast_head":"<!-- This site is optimized with the Yoast SEO plugin v15.1 - https:\/\/yoast.com\/wordpress\/plugins\/seo\/ -->\n<title>Abrelivros homenageia Jo\u00e3o Tissi na comemora\u00e7\u00e3o do Dia Nacional do Livro Did\u00e1tico &raquo; Abrelivros<\/title>\n<meta name=\"robots\" content=\"index, follow, max-snippet:-1, max-image-preview:large, max-video-preview:-1\" \/>\n<link rel=\"canonical\" href=\"https:\/\/abrelivros.org.br\/site\/abrelivros-homenageia-joao-tissi-na-comemoracao-do-dia-nacional-do-livro-didatico\/\" \/>\n<meta property=\"og:locale\" content=\"pt_BR\" \/>\n<meta property=\"og:type\" content=\"article\" \/>\n<meta property=\"og:title\" content=\"Abrelivros homenageia Jo\u00e3o Tissi na comemora\u00e7\u00e3o do Dia Nacional do Livro Did\u00e1tico &raquo; Abrelivros\" \/>\n<meta property=\"og:description\" content=\"S\u00e3o Paulo, 6 de mar\u00e7o de 2009 \u2013 O educador Jo\u00e3o Tissi foi homenageado pela Associa\u00e7\u00e3o Brasileira dos Editores de Livros (Abrelivros) durante almo\u00e7o comemorativo ao Dia Nacional do Livro Did\u00e1tico, celebrado no dia 27 de fevereiro. Um dos fundadores da entidade e profissional \u00e0 frente da editora FTD por 40 anos, Tissi foi reconhecido [&hellip;]\" \/>\n<meta property=\"og:url\" content=\"https:\/\/abrelivros.org.br\/site\/abrelivros-homenageia-joao-tissi-na-comemoracao-do-dia-nacional-do-livro-didatico\/\" \/>\n<meta property=\"og:site_name\" content=\"Abrelivros\" \/>\n<meta property=\"article:published_time\" content=\"2009-03-06T20:50:00+00:00\" \/>\n<meta property=\"og:image\" content=\"https:\/\/abrelivros.org.br\/site\/wp-content\/uploads\/2009\/03\/3728.jpg\" \/>\n\t<meta property=\"og:image:width\" content=\"338\" \/>\n\t<meta property=\"og:image:height\" content=\"225\" \/>\n<meta name=\"twitter:card\" content=\"summary_large_image\" \/>\n<script type=\"application\/ld+json\" class=\"yoast-schema-graph\">{\"@context\":\"https:\/\/schema.org\",\"@graph\":[{\"@type\":\"WebSite\",\"@id\":\"https:\/\/abrelivros.org.br\/site\/#website\",\"url\":\"https:\/\/abrelivros.org.br\/site\/\",\"name\":\"Abrelivros\",\"description\":\"\",\"potentialAction\":[{\"@type\":\"SearchAction\",\"target\":\"https:\/\/abrelivros.org.br\/site\/?s={search_term_string}\",\"query-input\":\"required name=search_term_string\"}],\"inLanguage\":\"pt-BR\"},{\"@type\":\"ImageObject\",\"@id\":\"https:\/\/abrelivros.org.br\/site\/abrelivros-homenageia-joao-tissi-na-comemoracao-do-dia-nacional-do-livro-didatico\/#primaryimage\",\"inLanguage\":\"pt-BR\",\"url\":\"https:\/\/abrelivros.org.br\/site\/wp-content\/uploads\/2009\/03\/3728.jpg\",\"width\":338,\"height\":225},{\"@type\":\"WebPage\",\"@id\":\"https:\/\/abrelivros.org.br\/site\/abrelivros-homenageia-joao-tissi-na-comemoracao-do-dia-nacional-do-livro-didatico\/#webpage\",\"url\":\"https:\/\/abrelivros.org.br\/site\/abrelivros-homenageia-joao-tissi-na-comemoracao-do-dia-nacional-do-livro-didatico\/\",\"name\":\"Abrelivros homenageia Jo\\u00e3o Tissi na comemora\\u00e7\\u00e3o do Dia Nacional do Livro Did\\u00e1tico &raquo; Abrelivros\",\"isPartOf\":{\"@id\":\"https:\/\/abrelivros.org.br\/site\/#website\"},\"primaryImageOfPage\":{\"@id\":\"https:\/\/abrelivros.org.br\/site\/abrelivros-homenageia-joao-tissi-na-comemoracao-do-dia-nacional-do-livro-didatico\/#primaryimage\"},\"datePublished\":\"2009-03-06T20:50:00+00:00\",\"dateModified\":\"2009-03-06T20:50:00+00:00\",\"author\":{\"@id\":\"https:\/\/abrelivros.org.br\/site\/#\/schema\/person\/2b867f13a717bb230f1a3555505f5593\"},\"breadcrumb\":{\"@id\":\"https:\/\/abrelivros.org.br\/site\/abrelivros-homenageia-joao-tissi-na-comemoracao-do-dia-nacional-do-livro-didatico\/#breadcrumb\"},\"inLanguage\":\"pt-BR\",\"potentialAction\":[{\"@type\":\"ReadAction\",\"target\":[\"https:\/\/abrelivros.org.br\/site\/abrelivros-homenageia-joao-tissi-na-comemoracao-do-dia-nacional-do-livro-didatico\/\"]}]},{\"@type\":\"BreadcrumbList\",\"@id\":\"https:\/\/abrelivros.org.br\/site\/abrelivros-homenageia-joao-tissi-na-comemoracao-do-dia-nacional-do-livro-didatico\/#breadcrumb\",\"itemListElement\":[{\"@type\":\"ListItem\",\"position\":1,\"item\":{\"@type\":\"WebPage\",\"@id\":\"https:\/\/abrelivros.org.br\/site\/\",\"url\":\"https:\/\/abrelivros.org.br\/site\/\",\"name\":\"In\\u00edcio\"}},{\"@type\":\"ListItem\",\"position\":2,\"item\":{\"@type\":\"WebPage\",\"@id\":\"https:\/\/abrelivros.org.br\/site\/category\/noticias\/\",\"url\":\"https:\/\/abrelivros.org.br\/site\/category\/noticias\/\",\"name\":\"Not\\u00edcias\"}},{\"@type\":\"ListItem\",\"position\":3,\"item\":{\"@type\":\"WebPage\",\"@id\":\"https:\/\/abrelivros.org.br\/site\/category\/noticias\/noticias-da-imprensa\/\",\"url\":\"https:\/\/abrelivros.org.br\/site\/category\/noticias\/noticias-da-imprensa\/\",\"name\":\"Not\\u00edcias da imprensa\"}},{\"@type\":\"ListItem\",\"position\":4,\"item\":{\"@type\":\"WebPage\",\"@id\":\"https:\/\/abrelivros.org.br\/site\/abrelivros-homenageia-joao-tissi-na-comemoracao-do-dia-nacional-do-livro-didatico\/\",\"url\":\"https:\/\/abrelivros.org.br\/site\/abrelivros-homenageia-joao-tissi-na-comemoracao-do-dia-nacional-do-livro-didatico\/\",\"name\":\"Abrelivros homenageia Jo\\u00e3o Tissi na comemora\\u00e7\\u00e3o do Dia Nacional do Livro Did\\u00e1tico\"}}]},{\"@type\":\"Person\",\"@id\":\"https:\/\/abrelivros.org.br\/site\/#\/schema\/person\/2b867f13a717bb230f1a3555505f5593\",\"name\":\"\\u00a0\",\"image\":{\"@type\":\"ImageObject\",\"@id\":\"https:\/\/abrelivros.org.br\/site\/#personlogo\",\"inLanguage\":\"pt-BR\",\"url\":\"https:\/\/secure.gravatar.com\/avatar\/e80b7f5231be2fff5040a8023da424898002831c5439420df182ae62676d2a6f?s=96&d=mm&r=g\",\"caption\":\"\\u00a0\"}}]}<\/script>\n<!-- \/ Yoast SEO plugin. -->","_links":{"self":[{"href":"https:\/\/abrelivros.org.br\/site\/wp-json\/wp\/v2\/posts\/2457","targetHints":{"allow":["GET"]}}],"collection":[{"href":"https:\/\/abrelivros.org.br\/site\/wp-json\/wp\/v2\/posts"}],"about":[{"href":"https:\/\/abrelivros.org.br\/site\/wp-json\/wp\/v2\/types\/post"}],"author":[{"embeddable":true,"href":"https:\/\/abrelivros.org.br\/site\/wp-json\/wp\/v2\/users\/1"}],"replies":[{"embeddable":true,"href":"https:\/\/abrelivros.org.br\/site\/wp-json\/wp\/v2\/comments?post=2457"}],"version-history":[{"count":0,"href":"https:\/\/abrelivros.org.br\/site\/wp-json\/wp\/v2\/posts\/2457\/revisions"}],"wp:featuredmedia":[{"embeddable":true,"href":"https:\/\/abrelivros.org.br\/site\/wp-json\/wp\/v2\/media\/2456"}],"wp:attachment":[{"href":"https:\/\/abrelivros.org.br\/site\/wp-json\/wp\/v2\/media?parent=2457"}],"wp:term":[{"taxonomy":"category","embeddable":true,"href":"https:\/\/abrelivros.org.br\/site\/wp-json\/wp\/v2\/categories?post=2457"},{"taxonomy":"post_tag","embeddable":true,"href":"https:\/\/abrelivros.org.br\/site\/wp-json\/wp\/v2\/tags?post=2457"}],"curies":[{"name":"wp","href":"https:\/\/api.w.org\/{rel}","templated":true}]}}