{"id":2455,"date":"2009-03-09T11:44:00","date_gmt":"2009-03-09T14:44:00","guid":{"rendered":"https:\/\/abrelivros.org.br\/site\/2009\/03\/09\/porsimples\/"},"modified":"2009-03-09T11:44:00","modified_gmt":"2009-03-09T14:44:00","slug":"porsimples","status":"publish","type":"post","link":"https:\/\/abrelivros.org.br\/site\/porsimples\/","title":{"rendered":"PorSimples"},"content":{"rendered":"<p>Uma novidade e tanto: entrou em fase final um projeto que, pronto, promete sacudir o ambiente que trata das quest\u00f5es relativas \u00e0 leitura no Brasil. Trata-se do PorSimples: simplifica\u00e7\u00e3o textual do portugu\u00eas para inclus\u00e3o e acessibilidade digital, coordenado por Sandra Maria Aluisio, do Instituto de Ci\u00eancias Matem\u00e1ticas e de Computa\u00e7\u00e3o, unidade do campus de S\u00e3o Carlos da Universidade de S\u00e3o Paulo (USP).\u00a0<br \/> \u00a0<br \/> O objetivo da pesquisa que vem sendo desenvolvida pelo ICMC \u00e9 simplificar a linguagem de textos em portugu\u00eas dispon\u00edveis na Internet, facilitando o entendimento deles por crian\u00e7as e adultos em processo de alfabetiza\u00e7\u00e3o, pessoas com problemas de linguagem ou cognitivos, al\u00e9m dos chamados analfabetos funcionais. \u201cNossa proposta \u00e9 trabalhar na cria\u00e7\u00e3o de p\u00e1ginas com acessibilidade universal\u201c, declarou ao Boletim FAPESP Sandra Maria Aluisio, integrante do N\u00facleo Interinstitucional de Ling\u00fc\u00edstica Computacional e Interm\u00eddia da USP de S\u00e3o Carlos.\u00a0<br \/> \u00a0<br \/> A equipe do PorSimples selecionou e construiu ferramentas que ser\u00e3o incorporadas \u00e0s tecnologias propostas pelo projeto. Foi escolhido o analisador sint\u00e1tico que identificar\u00e1 estruturas sint\u00e1ticas complexas, e adaptado um analisador de discurso para ele mostrar visualmente as rela\u00e7\u00f5es entre as partes de um texto, ajudando, assim, na sua compreens\u00e3o. Para tornar um texto mais curto, v\u00e1rios m\u00e9todos de sumariza\u00e7\u00e3o para o portugu\u00eas foram avaliados e uma ferramenta que remove redund\u00e2ncias foi criada.<\/p>\n","protected":false},"excerpt":{"rendered":"<p>Uma novidade e tanto: entrou em fase final um projeto que, pronto, promete sacudir o ambiente que trata das quest\u00f5es relativas \u00e0 leitura no Brasil. Trata-se do PorSimples: simplifica\u00e7\u00e3o textual do portugu\u00eas para inclus\u00e3o e acessibilidade digital, coordenado por Sandra Maria Aluisio, do Instituto de Ci\u00eancias Matem\u00e1ticas e de Computa\u00e7\u00e3o, unidade do campus de S\u00e3o [&hellip;]<\/p>\n","protected":false},"author":1,"featured_media":0,"comment_status":"closed","ping_status":"closed","sticky":false,"template":"","format":"standard","meta":{"footnotes":"","_links_to":"","_links_to_target":""},"categories":[9],"tags":[],"class_list":["post-2455","post","type-post","status-publish","format-standard","hentry","category-noticias-da-imprensa"],"yoast_head":"<!-- This site is optimized with the Yoast SEO plugin v15.1 - https:\/\/yoast.com\/wordpress\/plugins\/seo\/ -->\n<title>PorSimples &raquo; Abrelivros<\/title>\n<meta name=\"robots\" content=\"index, follow, max-snippet:-1, max-image-preview:large, max-video-preview:-1\" \/>\n<link rel=\"canonical\" href=\"https:\/\/abrelivros.org.br\/site\/porsimples\/\" \/>\n<meta property=\"og:locale\" content=\"pt_BR\" \/>\n<meta property=\"og:type\" content=\"article\" \/>\n<meta property=\"og:title\" content=\"PorSimples &raquo; Abrelivros\" \/>\n<meta property=\"og:description\" content=\"Uma novidade e tanto: entrou em fase final um projeto que, pronto, promete sacudir o ambiente que trata das quest\u00f5es relativas \u00e0 leitura no Brasil. Trata-se do PorSimples: simplifica\u00e7\u00e3o textual do portugu\u00eas para inclus\u00e3o e acessibilidade digital, coordenado por Sandra Maria Aluisio, do Instituto de Ci\u00eancias Matem\u00e1ticas e de Computa\u00e7\u00e3o, unidade do campus de S\u00e3o [&hellip;]\" \/>\n<meta property=\"og:url\" content=\"https:\/\/abrelivros.org.br\/site\/porsimples\/\" \/>\n<meta property=\"og:site_name\" content=\"Abrelivros\" \/>\n<meta property=\"article:published_time\" content=\"2009-03-09T14:44:00+00:00\" \/>\n<meta name=\"twitter:card\" content=\"summary_large_image\" \/>\n<script type=\"application\/ld+json\" class=\"yoast-schema-graph\">{\"@context\":\"https:\/\/schema.org\",\"@graph\":[{\"@type\":\"WebSite\",\"@id\":\"https:\/\/abrelivros.org.br\/site\/#website\",\"url\":\"https:\/\/abrelivros.org.br\/site\/\",\"name\":\"Abrelivros\",\"description\":\"\",\"potentialAction\":[{\"@type\":\"SearchAction\",\"target\":\"https:\/\/abrelivros.org.br\/site\/?s={search_term_string}\",\"query-input\":\"required name=search_term_string\"}],\"inLanguage\":\"pt-BR\"},{\"@type\":\"WebPage\",\"@id\":\"https:\/\/abrelivros.org.br\/site\/porsimples\/#webpage\",\"url\":\"https:\/\/abrelivros.org.br\/site\/porsimples\/\",\"name\":\"PorSimples &raquo; Abrelivros\",\"isPartOf\":{\"@id\":\"https:\/\/abrelivros.org.br\/site\/#website\"},\"datePublished\":\"2009-03-09T14:44:00+00:00\",\"dateModified\":\"2009-03-09T14:44:00+00:00\",\"author\":{\"@id\":\"https:\/\/abrelivros.org.br\/site\/#\/schema\/person\/2b867f13a717bb230f1a3555505f5593\"},\"breadcrumb\":{\"@id\":\"https:\/\/abrelivros.org.br\/site\/porsimples\/#breadcrumb\"},\"inLanguage\":\"pt-BR\",\"potentialAction\":[{\"@type\":\"ReadAction\",\"target\":[\"https:\/\/abrelivros.org.br\/site\/porsimples\/\"]}]},{\"@type\":\"BreadcrumbList\",\"@id\":\"https:\/\/abrelivros.org.br\/site\/porsimples\/#breadcrumb\",\"itemListElement\":[{\"@type\":\"ListItem\",\"position\":1,\"item\":{\"@type\":\"WebPage\",\"@id\":\"https:\/\/abrelivros.org.br\/site\/\",\"url\":\"https:\/\/abrelivros.org.br\/site\/\",\"name\":\"In\\u00edcio\"}},{\"@type\":\"ListItem\",\"position\":2,\"item\":{\"@type\":\"WebPage\",\"@id\":\"https:\/\/abrelivros.org.br\/site\/category\/noticias\/\",\"url\":\"https:\/\/abrelivros.org.br\/site\/category\/noticias\/\",\"name\":\"Not\\u00edcias\"}},{\"@type\":\"ListItem\",\"position\":3,\"item\":{\"@type\":\"WebPage\",\"@id\":\"https:\/\/abrelivros.org.br\/site\/category\/noticias\/noticias-da-imprensa\/\",\"url\":\"https:\/\/abrelivros.org.br\/site\/category\/noticias\/noticias-da-imprensa\/\",\"name\":\"Not\\u00edcias da imprensa\"}},{\"@type\":\"ListItem\",\"position\":4,\"item\":{\"@type\":\"WebPage\",\"@id\":\"https:\/\/abrelivros.org.br\/site\/porsimples\/\",\"url\":\"https:\/\/abrelivros.org.br\/site\/porsimples\/\",\"name\":\"PorSimples\"}}]},{\"@type\":\"Person\",\"@id\":\"https:\/\/abrelivros.org.br\/site\/#\/schema\/person\/2b867f13a717bb230f1a3555505f5593\",\"name\":\"\\u00a0\",\"image\":{\"@type\":\"ImageObject\",\"@id\":\"https:\/\/abrelivros.org.br\/site\/#personlogo\",\"inLanguage\":\"pt-BR\",\"url\":\"https:\/\/secure.gravatar.com\/avatar\/e80b7f5231be2fff5040a8023da424898002831c5439420df182ae62676d2a6f?s=96&d=mm&r=g\",\"caption\":\"\\u00a0\"}}]}<\/script>\n<!-- \/ Yoast SEO plugin. -->","_links":{"self":[{"href":"https:\/\/abrelivros.org.br\/site\/wp-json\/wp\/v2\/posts\/2455","targetHints":{"allow":["GET"]}}],"collection":[{"href":"https:\/\/abrelivros.org.br\/site\/wp-json\/wp\/v2\/posts"}],"about":[{"href":"https:\/\/abrelivros.org.br\/site\/wp-json\/wp\/v2\/types\/post"}],"author":[{"embeddable":true,"href":"https:\/\/abrelivros.org.br\/site\/wp-json\/wp\/v2\/users\/1"}],"replies":[{"embeddable":true,"href":"https:\/\/abrelivros.org.br\/site\/wp-json\/wp\/v2\/comments?post=2455"}],"version-history":[{"count":0,"href":"https:\/\/abrelivros.org.br\/site\/wp-json\/wp\/v2\/posts\/2455\/revisions"}],"wp:attachment":[{"href":"https:\/\/abrelivros.org.br\/site\/wp-json\/wp\/v2\/media?parent=2455"}],"wp:term":[{"taxonomy":"category","embeddable":true,"href":"https:\/\/abrelivros.org.br\/site\/wp-json\/wp\/v2\/categories?post=2455"},{"taxonomy":"post_tag","embeddable":true,"href":"https:\/\/abrelivros.org.br\/site\/wp-json\/wp\/v2\/tags?post=2455"}],"curies":[{"name":"wp","href":"https:\/\/api.w.org\/{rel}","templated":true}]}}