{"id":2454,"date":"2009-03-10T15:51:00","date_gmt":"2009-03-10T18:51:00","guid":{"rendered":"https:\/\/abrelivros.org.br\/site\/2009\/03\/10\/vocabulario-ortografico-sera-lancado-no-dia-19\/"},"modified":"2009-03-10T15:51:00","modified_gmt":"2009-03-10T18:51:00","slug":"vocabulario-ortografico-sera-lancado-no-dia-19","status":"publish","type":"post","link":"https:\/\/abrelivros.org.br\/site\/vocabulario-ortografico-sera-lancado-no-dia-19\/","title":{"rendered":"\u2018Vocabul\u00e1rio Ortogr\u00e1fico\u2019 ser\u00e1 lan\u00e7ado no dia 19"},"content":{"rendered":"<p>A quinta edi\u00e7\u00e3o do Vocabul\u00e1rio Ortogr\u00e1fico da L\u00edngua Portuguesa (Volp), j\u00e1 atualizado com as novas regras do acordo ortogr\u00e1fico, ser\u00e1 lan\u00e7ada no pr\u00f3ximo dia 19.\u00a0<br \/> \u00a0<br \/> Evanildo Bechara, coordenador da Comiss\u00e3o de Lexicografia e Lexicologia da ABL e principal respons\u00e1vel pelo Volp, especifica os crit\u00e9rios adotados pela comiss\u00e3o: respeitar a letra do acordo, estabelecer uma linha de coer\u00eancia quando surgiam princ\u00edpios aparentemente contradit\u00f3rios, acompanhar o esp\u00edrito simplificador da reforma e, nos pontos n\u00e3o discutidos no texto, preservar a tradi\u00e7\u00e3o ortogr\u00e1fica decorrente das reformas anteriores. Ele explica que foram adotadas 15 medidas para dirimir d\u00favidas ou ambiguidades no texto do acordo:\u00a0<br \/> \u00a0<br \/> &#8211; Ditongos abertos \u201cei\u201d e \u201coi\u201d s\u00e3o acentuados quando ocorrem em palavras terminadas em -r. Exemplos: M\u00e9ier, destr\u00f3ier, bl\u00eaizer, g\u00eaiser\u00a0<br \/> \u00a0<br \/> &#8211; Usa-se acento circunflexo nos parox\u00edtonos com encontro \u201c\u00f4o\u201c em palavras terminadas em -n. Exemplo: her\u00f4on\u00a0<br \/> \u00a0<br \/> &#8211; Parox\u00edtonos terminados em -om tamb\u00e9m devem ser acentuados. Exemplos: i\u00e2ndom, r\u00e1dom\u00a0<br \/> \u00a0<br \/> &#8211; Usa-se acento no hiato \u201cui\u201c, quando a vogal t\u00f4nica \u00e9 o \u201ci\u201c. Exemplo: argu\u00ed (1\u00aa pessoa do singular do pret\u00e9rito do indicativo)\u00a0<br \/> \u00a0<br \/> &#8211; O acordo afirma que \u201cemprega-se o h\u00edfen nas palavras compostas por justaposi\u00e7\u00e3o que n\u00e3o cont\u00eam formas de liga\u00e7\u00e3o e cujos elementos, de natureza nominal, adjetival, numeral ou verbal, constituem uma unidade sintagm\u00e1tica e sem\u00e2ntica\u201c. As exce\u00e7\u00f5es est\u00e3o limitadas \u00e0s palavras explicitamente relacionadas no acordo, admitindo apenas formas derivadas e aquelas consagradas pela tradi\u00e7\u00e3o ortogr\u00e1fica dos vocabul\u00e1rios oficiais (ou seja, presentes em dicion\u00e1rios brasileiros e portugueses). Exemplos: passatempo, varapau, pintassilgo\u00a0<br \/> \u00a0<br \/> &#8211; N\u00e3o se usa h\u00edfen depois do prefixo an- quando o 2\u00ba elemento come\u00e7a com h-. Exemplos: anist\u00f3rico, anep\u00e1tico\u00a0<br \/> \u00a0<br \/> &#8211; Usa-se h\u00edfen nos substantivos compostos formados com elementos repetidos, com ou sem altern\u00e2ncia voc\u00e1lica ou conson\u00e2ncia de formas onomatopeicas. Exemplo: bl\u00e1-bl\u00e1-bl\u00e1, reco-reco, trouxe-mouxe\u00a0<br \/> \u00a0<br \/> &#8211; Al\u00e9m das denomina\u00e7\u00f5es bot\u00e2nicas e zool\u00f3gicas, que j\u00e1 contam com uma regra clara no acordo, os produtos afins e derivados tamb\u00e9m devem receber h\u00edfen segundo a tradi\u00e7\u00e3o ortogr\u00e1fica. Exemplo: azeite-de-dend\u00ea, b\u00e1lsamo-do-canad\u00e1. Observa\u00e7\u00e3o: n\u00e3o se acentuam express\u00f5es como \u00e1gua de coco e sumo de laranja\u00a0<br \/> \u00a0<br \/> &#8211; N\u00e3o se emprega h\u00edfen em formas hom\u00f3grafas de denomina\u00e7\u00f5es zool\u00f3gicas e bot\u00e2nicas com h\u00edfen. Exemplo: bico de papagaio (quando n\u00e3o designa a planta, mas a doen\u00e7a)\u00a0<br \/> \u00a0<br \/> &#8211; Prefixo co- n\u00e3o exige h\u00edfen. Exemplos: coerdeiro, coabitar\u00a0<br \/> \u00a0<br \/> &#8211; Prefixos \u00e1tonos pre-, re- e pro- n\u00e3o demandam h\u00edfen. Exemplos: reelei\u00e7\u00e3o, propor, preencher\u00a0<br \/> \u00a0<br \/> &#8211; Nas palavras compostas, quando n\u00e3o h\u00e1 perta de fonema do 1\u00ba elemento e o 2\u00ba come\u00e7a com h-, o uso do h\u00edfen \u00e9 facultativo. Exemplo: carboidrato e carbo-hidrato\u00a0<br \/> \u00a0<br \/> &#8211; Devem ser consideradas locu\u00e7\u00f5es (portanto, rejeitam o uso do h\u00edfen) as unidades fraseol\u00f3gicas com sentido substantivo. Exemplos: \u201cFoi um deus nos acuda\u201c, \u201cAdotou-se o princ\u00edpio do salve-se quem puder\u201c\u00a0<br \/> \u00a0<br \/> &#8211; Express\u00f5es latinas n\u00e3o empregam h\u00edfen, exceto quando est\u00e3o aportuguesadas. Exemplos: pro labore e pr\u00f3-labore, in octavo e in-oitavo\u00a0<br \/> \u00a0<br \/> &#8211; N\u00e3o se emprega h\u00edfen nos casos em que as palavras \u201cn\u00e3o\u201c e \u201cquase\u201c funcionam como prefixos. Exemplos: n\u00e3o fumante, quase irm\u00e3o. \u00a0<br \/> \u00a0<\/p>\n","protected":false},"excerpt":{"rendered":"<p>A quinta edi\u00e7\u00e3o do Vocabul\u00e1rio Ortogr\u00e1fico da L\u00edngua Portuguesa (Volp), j\u00e1 atualizado com as novas regras do acordo ortogr\u00e1fico, ser\u00e1 lan\u00e7ada no pr\u00f3ximo dia 19.\u00a0 \u00a0 Evanildo Bechara, coordenador da Comiss\u00e3o de Lexicografia e Lexicologia da ABL e principal respons\u00e1vel pelo Volp, especifica os crit\u00e9rios adotados pela comiss\u00e3o: respeitar a letra do acordo, estabelecer uma [&hellip;]<\/p>\n","protected":false},"author":1,"featured_media":0,"comment_status":"closed","ping_status":"closed","sticky":false,"template":"","format":"standard","meta":{"footnotes":"","_links_to":"","_links_to_target":""},"categories":[9],"tags":[],"class_list":["post-2454","post","type-post","status-publish","format-standard","hentry","category-noticias-da-imprensa"],"yoast_head":"<!-- This site is optimized with the Yoast SEO plugin v15.1 - https:\/\/yoast.com\/wordpress\/plugins\/seo\/ -->\n<title>\u2018Vocabul\u00e1rio Ortogr\u00e1fico\u2019 ser\u00e1 lan\u00e7ado no dia 19 &raquo; Abrelivros<\/title>\n<meta name=\"robots\" content=\"index, follow, max-snippet:-1, max-image-preview:large, max-video-preview:-1\" \/>\n<link rel=\"canonical\" href=\"https:\/\/abrelivros.org.br\/site\/vocabulario-ortografico-sera-lancado-no-dia-19\/\" \/>\n<meta property=\"og:locale\" content=\"pt_BR\" \/>\n<meta property=\"og:type\" content=\"article\" \/>\n<meta property=\"og:title\" content=\"\u2018Vocabul\u00e1rio Ortogr\u00e1fico\u2019 ser\u00e1 lan\u00e7ado no dia 19 &raquo; Abrelivros\" \/>\n<meta property=\"og:description\" content=\"A quinta edi\u00e7\u00e3o do Vocabul\u00e1rio Ortogr\u00e1fico da L\u00edngua Portuguesa (Volp), j\u00e1 atualizado com as novas regras do acordo ortogr\u00e1fico, ser\u00e1 lan\u00e7ada no pr\u00f3ximo dia 19.\u00a0 \u00a0 Evanildo Bechara, coordenador da Comiss\u00e3o de Lexicografia e Lexicologia da ABL e principal respons\u00e1vel pelo Volp, especifica os crit\u00e9rios adotados pela comiss\u00e3o: respeitar a letra do acordo, estabelecer uma [&hellip;]\" \/>\n<meta property=\"og:url\" content=\"https:\/\/abrelivros.org.br\/site\/vocabulario-ortografico-sera-lancado-no-dia-19\/\" \/>\n<meta property=\"og:site_name\" content=\"Abrelivros\" \/>\n<meta property=\"article:published_time\" content=\"2009-03-10T18:51:00+00:00\" \/>\n<meta name=\"twitter:card\" content=\"summary_large_image\" \/>\n<script type=\"application\/ld+json\" class=\"yoast-schema-graph\">{\"@context\":\"https:\/\/schema.org\",\"@graph\":[{\"@type\":\"WebSite\",\"@id\":\"https:\/\/abrelivros.org.br\/site\/#website\",\"url\":\"https:\/\/abrelivros.org.br\/site\/\",\"name\":\"Abrelivros\",\"description\":\"\",\"potentialAction\":[{\"@type\":\"SearchAction\",\"target\":\"https:\/\/abrelivros.org.br\/site\/?s={search_term_string}\",\"query-input\":\"required name=search_term_string\"}],\"inLanguage\":\"pt-BR\"},{\"@type\":\"WebPage\",\"@id\":\"https:\/\/abrelivros.org.br\/site\/vocabulario-ortografico-sera-lancado-no-dia-19\/#webpage\",\"url\":\"https:\/\/abrelivros.org.br\/site\/vocabulario-ortografico-sera-lancado-no-dia-19\/\",\"name\":\"\\u2018Vocabul\\u00e1rio Ortogr\\u00e1fico\\u2019 ser\\u00e1 lan\\u00e7ado no dia 19 &raquo; Abrelivros\",\"isPartOf\":{\"@id\":\"https:\/\/abrelivros.org.br\/site\/#website\"},\"datePublished\":\"2009-03-10T18:51:00+00:00\",\"dateModified\":\"2009-03-10T18:51:00+00:00\",\"author\":{\"@id\":\"https:\/\/abrelivros.org.br\/site\/#\/schema\/person\/2b867f13a717bb230f1a3555505f5593\"},\"breadcrumb\":{\"@id\":\"https:\/\/abrelivros.org.br\/site\/vocabulario-ortografico-sera-lancado-no-dia-19\/#breadcrumb\"},\"inLanguage\":\"pt-BR\",\"potentialAction\":[{\"@type\":\"ReadAction\",\"target\":[\"https:\/\/abrelivros.org.br\/site\/vocabulario-ortografico-sera-lancado-no-dia-19\/\"]}]},{\"@type\":\"BreadcrumbList\",\"@id\":\"https:\/\/abrelivros.org.br\/site\/vocabulario-ortografico-sera-lancado-no-dia-19\/#breadcrumb\",\"itemListElement\":[{\"@type\":\"ListItem\",\"position\":1,\"item\":{\"@type\":\"WebPage\",\"@id\":\"https:\/\/abrelivros.org.br\/site\/\",\"url\":\"https:\/\/abrelivros.org.br\/site\/\",\"name\":\"In\\u00edcio\"}},{\"@type\":\"ListItem\",\"position\":2,\"item\":{\"@type\":\"WebPage\",\"@id\":\"https:\/\/abrelivros.org.br\/site\/category\/noticias\/\",\"url\":\"https:\/\/abrelivros.org.br\/site\/category\/noticias\/\",\"name\":\"Not\\u00edcias\"}},{\"@type\":\"ListItem\",\"position\":3,\"item\":{\"@type\":\"WebPage\",\"@id\":\"https:\/\/abrelivros.org.br\/site\/category\/noticias\/noticias-da-imprensa\/\",\"url\":\"https:\/\/abrelivros.org.br\/site\/category\/noticias\/noticias-da-imprensa\/\",\"name\":\"Not\\u00edcias da imprensa\"}},{\"@type\":\"ListItem\",\"position\":4,\"item\":{\"@type\":\"WebPage\",\"@id\":\"https:\/\/abrelivros.org.br\/site\/vocabulario-ortografico-sera-lancado-no-dia-19\/\",\"url\":\"https:\/\/abrelivros.org.br\/site\/vocabulario-ortografico-sera-lancado-no-dia-19\/\",\"name\":\"\\u2018Vocabul\\u00e1rio Ortogr\\u00e1fico\\u2019 ser\\u00e1 lan\\u00e7ado no dia 19\"}}]},{\"@type\":\"Person\",\"@id\":\"https:\/\/abrelivros.org.br\/site\/#\/schema\/person\/2b867f13a717bb230f1a3555505f5593\",\"name\":\"\\u00a0\",\"image\":{\"@type\":\"ImageObject\",\"@id\":\"https:\/\/abrelivros.org.br\/site\/#personlogo\",\"inLanguage\":\"pt-BR\",\"url\":\"https:\/\/secure.gravatar.com\/avatar\/e80b7f5231be2fff5040a8023da424898002831c5439420df182ae62676d2a6f?s=96&d=mm&r=g\",\"caption\":\"\\u00a0\"}}]}<\/script>\n<!-- \/ Yoast SEO plugin. -->","_links":{"self":[{"href":"https:\/\/abrelivros.org.br\/site\/wp-json\/wp\/v2\/posts\/2454","targetHints":{"allow":["GET"]}}],"collection":[{"href":"https:\/\/abrelivros.org.br\/site\/wp-json\/wp\/v2\/posts"}],"about":[{"href":"https:\/\/abrelivros.org.br\/site\/wp-json\/wp\/v2\/types\/post"}],"author":[{"embeddable":true,"href":"https:\/\/abrelivros.org.br\/site\/wp-json\/wp\/v2\/users\/1"}],"replies":[{"embeddable":true,"href":"https:\/\/abrelivros.org.br\/site\/wp-json\/wp\/v2\/comments?post=2454"}],"version-history":[{"count":0,"href":"https:\/\/abrelivros.org.br\/site\/wp-json\/wp\/v2\/posts\/2454\/revisions"}],"wp:attachment":[{"href":"https:\/\/abrelivros.org.br\/site\/wp-json\/wp\/v2\/media?parent=2454"}],"wp:term":[{"taxonomy":"category","embeddable":true,"href":"https:\/\/abrelivros.org.br\/site\/wp-json\/wp\/v2\/categories?post=2454"},{"taxonomy":"post_tag","embeddable":true,"href":"https:\/\/abrelivros.org.br\/site\/wp-json\/wp\/v2\/tags?post=2454"}],"curies":[{"name":"wp","href":"https:\/\/api.w.org\/{rel}","templated":true}]}}