{"id":2453,"date":"2009-03-12T14:02:00","date_gmt":"2009-03-12T17:02:00","guid":{"rendered":"https:\/\/abrelivros.org.br\/site\/2009\/03\/12\/recursos-do-fundeb-devem-ultrapassar-r-81-bilhoes\/"},"modified":"2009-03-12T14:02:00","modified_gmt":"2009-03-12T17:02:00","slug":"recursos-do-fundeb-devem-ultrapassar-r-81-bilhoes","status":"publish","type":"post","link":"https:\/\/abrelivros.org.br\/site\/recursos-do-fundeb-devem-ultrapassar-r-81-bilhoes\/","title":{"rendered":"Recursos do Fundeb devem ultrapassar R$ 81 bilh\u00f5es"},"content":{"rendered":"<p>A estimativa de receita do Fundo de Manuten\u00e7\u00e3o e Desenvolvimento da Educa\u00e7\u00e3o B\u00e1sica e de Valoriza\u00e7\u00e3o dos Profissionais da Educa\u00e7\u00e3o (Fundeb) para 2009 \u00e9 de R$ 81,9 bilh\u00f5es, 28% maior do que o total aplicado pelo Fundo em 2008, quando chegou a R$ 63,7 bilh\u00f5es. Os par\u00e2metros operacionais deste ano foram publicados hoje, 11, no Di\u00e1rio Oficial da Uni\u00e3o (DOU). Dos recursos previstos, R$ 76,8 bilh\u00f5es v\u00eam da contribui\u00e7\u00e3o de estados, Distrito Federal e munic\u00edpios, e outros R$ 5 bilh\u00f5es, da complementa\u00e7\u00e3o da Uni\u00e3o, paga no \u00e2mbito de estados que n\u00e3o conseguem atingir com sua pr\u00f3pria arrecada\u00e7\u00e3o o valor anual m\u00ednimo nacional por aluno, estabelecido em R$ 1.350,09 para 2009. \u00a0<br \/> \u00a0<br \/> Formado por percentuais de uma s\u00e9rie de impostos e transfer\u00eancias constitucionais, o Fundeb destina-se a financiar a educa\u00e7\u00e3o b\u00e1sica p\u00fablica. Pelo menos 60% dos recursos de cada ente federativo (estados, DF e munic\u00edpios) devem ser utilizados para o pagamento de profissionais do magist\u00e9rio em efetivo exerc\u00edcio, como professores, diretores e orientadores educacionais. O restante serve para despesas de manuten\u00e7\u00e3o e desenvolvimento do ensino, que compreende o pagamento de outros profissionais ligados \u00e0 educa\u00e7\u00e3o, como auxiliares administrativos e secret\u00e1rios de escola; forma\u00e7\u00e3o continuada de professores; aquisi\u00e7\u00e3o de equipamentos; manuten\u00e7\u00e3o, constru\u00e7\u00e3o e conserva\u00e7\u00e3o de instala\u00e7\u00f5es; entre outras a\u00e7\u00f5es. \u00a0<br \/> \u00a0<br \/> \u201cImplantado gradualmente, o Fundeb alcan\u00e7a em 2009 sua plenitude na quest\u00e3o da inclus\u00e3o de todos os alunos da educa\u00e7\u00e3o b\u00e1sica e com rela\u00e7\u00e3o \u00e0 contribui\u00e7\u00e3o financeira de estados e munic\u00edpios, que atinge 20% dos impostos e das transfer\u00eancias que comp\u00f5em o Fundo\u201d, afirma Vander Oliveira Borges, coordenador geral de operacionaliza\u00e7\u00e3o do Fundeb. Segundo ele, a plenitude completa ser\u00e1 em 2010, quando a complementa\u00e7\u00e3o da Uni\u00e3o corresponder\u00e1 a 10% da contribui\u00e7\u00e3o dos outros entes da Federa\u00e7\u00e3o. \u00a0<br \/> \u00a0<br \/> Atualmente, apenas nove estados recebem verbas do governo federal para complementar o Fundeb: Alagoas, Amazonas, Bahia, Cear\u00e1, Maranh\u00e3o, Par\u00e1, Para\u00edba, Pernambuco e Piau\u00ed. Este ano, os maiores beneficiados s\u00e3o Bahia, Maranh\u00e3o e Par\u00e1, que devem receber mais de R$ 1 bilh\u00e3o cada. \u00a0<br \/> \u00a0<\/p>\n","protected":false},"excerpt":{"rendered":"<p>A estimativa de receita do Fundo de Manuten\u00e7\u00e3o e Desenvolvimento da Educa\u00e7\u00e3o B\u00e1sica e de Valoriza\u00e7\u00e3o dos Profissionais da Educa\u00e7\u00e3o (Fundeb) para 2009 \u00e9 de R$ 81,9 bilh\u00f5es, 28% maior do que o total aplicado pelo Fundo em 2008, quando chegou a R$ 63,7 bilh\u00f5es. Os par\u00e2metros operacionais deste ano foram publicados hoje, 11, no [&hellip;]<\/p>\n","protected":false},"author":1,"featured_media":0,"comment_status":"closed","ping_status":"closed","sticky":false,"template":"","format":"standard","meta":{"footnotes":"","_links_to":"","_links_to_target":""},"categories":[9],"tags":[],"class_list":["post-2453","post","type-post","status-publish","format-standard","hentry","category-noticias-da-imprensa"],"yoast_head":"<!-- This site is optimized with the Yoast SEO plugin v15.1 - https:\/\/yoast.com\/wordpress\/plugins\/seo\/ -->\n<title>Recursos do Fundeb devem ultrapassar R$ 81 bilh\u00f5es &raquo; Abrelivros<\/title>\n<meta name=\"robots\" content=\"index, follow, max-snippet:-1, max-image-preview:large, max-video-preview:-1\" \/>\n<link rel=\"canonical\" href=\"https:\/\/abrelivros.org.br\/site\/recursos-do-fundeb-devem-ultrapassar-r-81-bilhoes\/\" \/>\n<meta property=\"og:locale\" content=\"pt_BR\" \/>\n<meta property=\"og:type\" content=\"article\" \/>\n<meta property=\"og:title\" content=\"Recursos do Fundeb devem ultrapassar R$ 81 bilh\u00f5es &raquo; Abrelivros\" \/>\n<meta property=\"og:description\" content=\"A estimativa de receita do Fundo de Manuten\u00e7\u00e3o e Desenvolvimento da Educa\u00e7\u00e3o B\u00e1sica e de Valoriza\u00e7\u00e3o dos Profissionais da Educa\u00e7\u00e3o (Fundeb) para 2009 \u00e9 de R$ 81,9 bilh\u00f5es, 28% maior do que o total aplicado pelo Fundo em 2008, quando chegou a R$ 63,7 bilh\u00f5es. Os par\u00e2metros operacionais deste ano foram publicados hoje, 11, no [&hellip;]\" \/>\n<meta property=\"og:url\" content=\"https:\/\/abrelivros.org.br\/site\/recursos-do-fundeb-devem-ultrapassar-r-81-bilhoes\/\" \/>\n<meta property=\"og:site_name\" content=\"Abrelivros\" \/>\n<meta property=\"article:published_time\" content=\"2009-03-12T17:02:00+00:00\" \/>\n<meta name=\"twitter:card\" content=\"summary_large_image\" \/>\n<script type=\"application\/ld+json\" class=\"yoast-schema-graph\">{\"@context\":\"https:\/\/schema.org\",\"@graph\":[{\"@type\":\"WebSite\",\"@id\":\"https:\/\/abrelivros.org.br\/site\/#website\",\"url\":\"https:\/\/abrelivros.org.br\/site\/\",\"name\":\"Abrelivros\",\"description\":\"\",\"potentialAction\":[{\"@type\":\"SearchAction\",\"target\":\"https:\/\/abrelivros.org.br\/site\/?s={search_term_string}\",\"query-input\":\"required name=search_term_string\"}],\"inLanguage\":\"pt-BR\"},{\"@type\":\"WebPage\",\"@id\":\"https:\/\/abrelivros.org.br\/site\/recursos-do-fundeb-devem-ultrapassar-r-81-bilhoes\/#webpage\",\"url\":\"https:\/\/abrelivros.org.br\/site\/recursos-do-fundeb-devem-ultrapassar-r-81-bilhoes\/\",\"name\":\"Recursos do Fundeb devem ultrapassar R$ 81 bilh\\u00f5es &raquo; Abrelivros\",\"isPartOf\":{\"@id\":\"https:\/\/abrelivros.org.br\/site\/#website\"},\"datePublished\":\"2009-03-12T17:02:00+00:00\",\"dateModified\":\"2009-03-12T17:02:00+00:00\",\"author\":{\"@id\":\"https:\/\/abrelivros.org.br\/site\/#\/schema\/person\/2b867f13a717bb230f1a3555505f5593\"},\"breadcrumb\":{\"@id\":\"https:\/\/abrelivros.org.br\/site\/recursos-do-fundeb-devem-ultrapassar-r-81-bilhoes\/#breadcrumb\"},\"inLanguage\":\"pt-BR\",\"potentialAction\":[{\"@type\":\"ReadAction\",\"target\":[\"https:\/\/abrelivros.org.br\/site\/recursos-do-fundeb-devem-ultrapassar-r-81-bilhoes\/\"]}]},{\"@type\":\"BreadcrumbList\",\"@id\":\"https:\/\/abrelivros.org.br\/site\/recursos-do-fundeb-devem-ultrapassar-r-81-bilhoes\/#breadcrumb\",\"itemListElement\":[{\"@type\":\"ListItem\",\"position\":1,\"item\":{\"@type\":\"WebPage\",\"@id\":\"https:\/\/abrelivros.org.br\/site\/\",\"url\":\"https:\/\/abrelivros.org.br\/site\/\",\"name\":\"In\\u00edcio\"}},{\"@type\":\"ListItem\",\"position\":2,\"item\":{\"@type\":\"WebPage\",\"@id\":\"https:\/\/abrelivros.org.br\/site\/category\/noticias\/\",\"url\":\"https:\/\/abrelivros.org.br\/site\/category\/noticias\/\",\"name\":\"Not\\u00edcias\"}},{\"@type\":\"ListItem\",\"position\":3,\"item\":{\"@type\":\"WebPage\",\"@id\":\"https:\/\/abrelivros.org.br\/site\/category\/noticias\/noticias-da-imprensa\/\",\"url\":\"https:\/\/abrelivros.org.br\/site\/category\/noticias\/noticias-da-imprensa\/\",\"name\":\"Not\\u00edcias da imprensa\"}},{\"@type\":\"ListItem\",\"position\":4,\"item\":{\"@type\":\"WebPage\",\"@id\":\"https:\/\/abrelivros.org.br\/site\/recursos-do-fundeb-devem-ultrapassar-r-81-bilhoes\/\",\"url\":\"https:\/\/abrelivros.org.br\/site\/recursos-do-fundeb-devem-ultrapassar-r-81-bilhoes\/\",\"name\":\"Recursos do Fundeb devem ultrapassar R$ 81 bilh\\u00f5es\"}}]},{\"@type\":\"Person\",\"@id\":\"https:\/\/abrelivros.org.br\/site\/#\/schema\/person\/2b867f13a717bb230f1a3555505f5593\",\"name\":\"\\u00a0\",\"image\":{\"@type\":\"ImageObject\",\"@id\":\"https:\/\/abrelivros.org.br\/site\/#personlogo\",\"inLanguage\":\"pt-BR\",\"url\":\"https:\/\/secure.gravatar.com\/avatar\/e80b7f5231be2fff5040a8023da424898002831c5439420df182ae62676d2a6f?s=96&d=mm&r=g\",\"caption\":\"\\u00a0\"}}]}<\/script>\n<!-- \/ Yoast SEO plugin. -->","_links":{"self":[{"href":"https:\/\/abrelivros.org.br\/site\/wp-json\/wp\/v2\/posts\/2453","targetHints":{"allow":["GET"]}}],"collection":[{"href":"https:\/\/abrelivros.org.br\/site\/wp-json\/wp\/v2\/posts"}],"about":[{"href":"https:\/\/abrelivros.org.br\/site\/wp-json\/wp\/v2\/types\/post"}],"author":[{"embeddable":true,"href":"https:\/\/abrelivros.org.br\/site\/wp-json\/wp\/v2\/users\/1"}],"replies":[{"embeddable":true,"href":"https:\/\/abrelivros.org.br\/site\/wp-json\/wp\/v2\/comments?post=2453"}],"version-history":[{"count":0,"href":"https:\/\/abrelivros.org.br\/site\/wp-json\/wp\/v2\/posts\/2453\/revisions"}],"wp:attachment":[{"href":"https:\/\/abrelivros.org.br\/site\/wp-json\/wp\/v2\/media?parent=2453"}],"wp:term":[{"taxonomy":"category","embeddable":true,"href":"https:\/\/abrelivros.org.br\/site\/wp-json\/wp\/v2\/categories?post=2453"},{"taxonomy":"post_tag","embeddable":true,"href":"https:\/\/abrelivros.org.br\/site\/wp-json\/wp\/v2\/tags?post=2453"}],"curies":[{"name":"wp","href":"https:\/\/api.w.org\/{rel}","templated":true}]}}