{"id":2452,"date":"2009-03-12T15:05:00","date_gmt":"2009-03-12T18:05:00","guid":{"rendered":"https:\/\/abrelivros.org.br\/site\/2009\/03\/12\/parabens-aos-bibliotecarios\/"},"modified":"2009-03-12T15:05:00","modified_gmt":"2009-03-12T18:05:00","slug":"parabens-aos-bibliotecarios","status":"publish","type":"post","link":"https:\/\/abrelivros.org.br\/site\/parabens-aos-bibliotecarios\/","title":{"rendered":"Parab\u00e9ns aos bibliotec\u00e1rios"},"content":{"rendered":"<p>No dia 12 de mar\u00e7o \u00e9 hora de lembrar do profissional que orienta os caminhos de tantas pessoas no mundo da leitura. Nesta data se comemora o Dia do Bibliotec\u00e1rio, institu\u00eddo em homenagem a Manuel Bastos Tigre, considerado o primeiro bibliotec\u00e1rio por concurso no Brasil. <\/p>\n<p> Ali\u00e1s, no Pa\u00eds, a data foi institu\u00edda pelo Decreto n\u00ba 84.631, de 12 de abril de 1980, e \u00e9 comemorada em todo o territ\u00f3rio nacional. Tigre nasceu no dia 12 de mar\u00e7o de 1882 e, ao terminar o curso de Engenharia resolveu fazer aperfei\u00e7oamento em eletricidade, nos Estados Unidos, onde conheceu o bibliotec\u00e1rio Melvil Dewey, que instituiu o Sistema de Classifica\u00e7\u00e3o Decimal. Este encontro foi decisivo na sua vida, porque, em 1915, aos 33 anos de idade, largou a engenharia para trabalhar com biblioteconomia.  <\/p>\n<p> Naquele ano, ele realizou concurso para Bibliotec\u00e1rio do Museu Nacional. Mais tarde, transferiu-se para a Biblioteca Central da Universidade do Brasil, onde serviu por mais de 20 anos. Transferido, em 1945, para a Biblioteca Nacional, onde ficou at\u00e9 1947, assumiu depois a dire\u00e7\u00e3o da Biblioteca Central da Universidade do Brasil, na qual trabalhou, mesmo depois de aposentado, ao lado do Reitor da institui\u00e7\u00e3o, Professor Pedro Calmon de S\u00e1.\u00a0<\/p>\n","protected":false},"excerpt":{"rendered":"<p>No dia 12 de mar\u00e7o \u00e9 hora de lembrar do profissional que orienta os caminhos de tantas pessoas no mundo da leitura. Nesta data se comemora o Dia do Bibliotec\u00e1rio, institu\u00eddo em homenagem a Manuel Bastos Tigre, considerado o primeiro bibliotec\u00e1rio por concurso no Brasil. Ali\u00e1s, no Pa\u00eds, a data foi institu\u00edda pelo Decreto n\u00ba [&hellip;]<\/p>\n","protected":false},"author":1,"featured_media":0,"comment_status":"closed","ping_status":"closed","sticky":false,"template":"","format":"standard","meta":{"footnotes":"","_links_to":"","_links_to_target":""},"categories":[9],"tags":[],"class_list":["post-2452","post","type-post","status-publish","format-standard","hentry","category-noticias-da-imprensa"],"yoast_head":"<!-- This site is optimized with the Yoast SEO plugin v15.1 - https:\/\/yoast.com\/wordpress\/plugins\/seo\/ -->\n<title>Parab\u00e9ns aos bibliotec\u00e1rios &raquo; Abrelivros<\/title>\n<meta name=\"robots\" content=\"index, follow, max-snippet:-1, max-image-preview:large, max-video-preview:-1\" \/>\n<link rel=\"canonical\" href=\"https:\/\/abrelivros.org.br\/site\/parabens-aos-bibliotecarios\/\" \/>\n<meta property=\"og:locale\" content=\"pt_BR\" \/>\n<meta property=\"og:type\" content=\"article\" \/>\n<meta property=\"og:title\" content=\"Parab\u00e9ns aos bibliotec\u00e1rios &raquo; Abrelivros\" \/>\n<meta property=\"og:description\" content=\"No dia 12 de mar\u00e7o \u00e9 hora de lembrar do profissional que orienta os caminhos de tantas pessoas no mundo da leitura. Nesta data se comemora o Dia do Bibliotec\u00e1rio, institu\u00eddo em homenagem a Manuel Bastos Tigre, considerado o primeiro bibliotec\u00e1rio por concurso no Brasil. Ali\u00e1s, no Pa\u00eds, a data foi institu\u00edda pelo Decreto n\u00ba [&hellip;]\" \/>\n<meta property=\"og:url\" content=\"https:\/\/abrelivros.org.br\/site\/parabens-aos-bibliotecarios\/\" \/>\n<meta property=\"og:site_name\" content=\"Abrelivros\" \/>\n<meta property=\"article:published_time\" content=\"2009-03-12T18:05:00+00:00\" \/>\n<meta name=\"twitter:card\" content=\"summary_large_image\" \/>\n<script type=\"application\/ld+json\" class=\"yoast-schema-graph\">{\"@context\":\"https:\/\/schema.org\",\"@graph\":[{\"@type\":\"WebSite\",\"@id\":\"https:\/\/abrelivros.org.br\/site\/#website\",\"url\":\"https:\/\/abrelivros.org.br\/site\/\",\"name\":\"Abrelivros\",\"description\":\"\",\"potentialAction\":[{\"@type\":\"SearchAction\",\"target\":\"https:\/\/abrelivros.org.br\/site\/?s={search_term_string}\",\"query-input\":\"required name=search_term_string\"}],\"inLanguage\":\"pt-BR\"},{\"@type\":\"WebPage\",\"@id\":\"https:\/\/abrelivros.org.br\/site\/parabens-aos-bibliotecarios\/#webpage\",\"url\":\"https:\/\/abrelivros.org.br\/site\/parabens-aos-bibliotecarios\/\",\"name\":\"Parab\\u00e9ns aos bibliotec\\u00e1rios &raquo; Abrelivros\",\"isPartOf\":{\"@id\":\"https:\/\/abrelivros.org.br\/site\/#website\"},\"datePublished\":\"2009-03-12T18:05:00+00:00\",\"dateModified\":\"2009-03-12T18:05:00+00:00\",\"author\":{\"@id\":\"https:\/\/abrelivros.org.br\/site\/#\/schema\/person\/2b867f13a717bb230f1a3555505f5593\"},\"breadcrumb\":{\"@id\":\"https:\/\/abrelivros.org.br\/site\/parabens-aos-bibliotecarios\/#breadcrumb\"},\"inLanguage\":\"pt-BR\",\"potentialAction\":[{\"@type\":\"ReadAction\",\"target\":[\"https:\/\/abrelivros.org.br\/site\/parabens-aos-bibliotecarios\/\"]}]},{\"@type\":\"BreadcrumbList\",\"@id\":\"https:\/\/abrelivros.org.br\/site\/parabens-aos-bibliotecarios\/#breadcrumb\",\"itemListElement\":[{\"@type\":\"ListItem\",\"position\":1,\"item\":{\"@type\":\"WebPage\",\"@id\":\"https:\/\/abrelivros.org.br\/site\/\",\"url\":\"https:\/\/abrelivros.org.br\/site\/\",\"name\":\"In\\u00edcio\"}},{\"@type\":\"ListItem\",\"position\":2,\"item\":{\"@type\":\"WebPage\",\"@id\":\"https:\/\/abrelivros.org.br\/site\/category\/noticias\/\",\"url\":\"https:\/\/abrelivros.org.br\/site\/category\/noticias\/\",\"name\":\"Not\\u00edcias\"}},{\"@type\":\"ListItem\",\"position\":3,\"item\":{\"@type\":\"WebPage\",\"@id\":\"https:\/\/abrelivros.org.br\/site\/category\/noticias\/noticias-da-imprensa\/\",\"url\":\"https:\/\/abrelivros.org.br\/site\/category\/noticias\/noticias-da-imprensa\/\",\"name\":\"Not\\u00edcias da imprensa\"}},{\"@type\":\"ListItem\",\"position\":4,\"item\":{\"@type\":\"WebPage\",\"@id\":\"https:\/\/abrelivros.org.br\/site\/parabens-aos-bibliotecarios\/\",\"url\":\"https:\/\/abrelivros.org.br\/site\/parabens-aos-bibliotecarios\/\",\"name\":\"Parab\\u00e9ns aos bibliotec\\u00e1rios\"}}]},{\"@type\":\"Person\",\"@id\":\"https:\/\/abrelivros.org.br\/site\/#\/schema\/person\/2b867f13a717bb230f1a3555505f5593\",\"name\":\"\\u00a0\",\"image\":{\"@type\":\"ImageObject\",\"@id\":\"https:\/\/abrelivros.org.br\/site\/#personlogo\",\"inLanguage\":\"pt-BR\",\"url\":\"https:\/\/secure.gravatar.com\/avatar\/e80b7f5231be2fff5040a8023da424898002831c5439420df182ae62676d2a6f?s=96&d=mm&r=g\",\"caption\":\"\\u00a0\"}}]}<\/script>\n<!-- \/ Yoast SEO plugin. -->","_links":{"self":[{"href":"https:\/\/abrelivros.org.br\/site\/wp-json\/wp\/v2\/posts\/2452","targetHints":{"allow":["GET"]}}],"collection":[{"href":"https:\/\/abrelivros.org.br\/site\/wp-json\/wp\/v2\/posts"}],"about":[{"href":"https:\/\/abrelivros.org.br\/site\/wp-json\/wp\/v2\/types\/post"}],"author":[{"embeddable":true,"href":"https:\/\/abrelivros.org.br\/site\/wp-json\/wp\/v2\/users\/1"}],"replies":[{"embeddable":true,"href":"https:\/\/abrelivros.org.br\/site\/wp-json\/wp\/v2\/comments?post=2452"}],"version-history":[{"count":0,"href":"https:\/\/abrelivros.org.br\/site\/wp-json\/wp\/v2\/posts\/2452\/revisions"}],"wp:attachment":[{"href":"https:\/\/abrelivros.org.br\/site\/wp-json\/wp\/v2\/media?parent=2452"}],"wp:term":[{"taxonomy":"category","embeddable":true,"href":"https:\/\/abrelivros.org.br\/site\/wp-json\/wp\/v2\/categories?post=2452"},{"taxonomy":"post_tag","embeddable":true,"href":"https:\/\/abrelivros.org.br\/site\/wp-json\/wp\/v2\/tags?post=2452"}],"curies":[{"name":"wp","href":"https:\/\/api.w.org\/{rel}","templated":true}]}}