{"id":2451,"date":"2009-03-13T14:49:00","date_gmt":"2009-03-13T17:49:00","guid":{"rendered":"https:\/\/abrelivros.org.br\/site\/2009\/03\/13\/qual-e-o-indice-de-livros-da-sua-cidade\/"},"modified":"2009-03-13T14:49:00","modified_gmt":"2009-03-13T17:49:00","slug":"qual-e-o-indice-de-livros-da-sua-cidade","status":"publish","type":"post","link":"https:\/\/abrelivros.org.br\/site\/qual-e-o-indice-de-livros-da-sua-cidade\/","title":{"rendered":"Qual \u00e9 o \u00edndice de livros da sua cidade?!"},"content":{"rendered":"<p>Na cidade de S\u00e3o Paulo, nada menos do que em nove subprefeituras o n\u00famero de livros per capita nas bibliotecas infanto-juvenis \u00e9 simplesmente zero. A melhor delas \u00e9 a da regi\u00e3o da S\u00e9, no centro, onde este \u00edndice \u00e9 de 13,3 livros\/habitante. No final das contas, a m\u00e9dia fica em torno de 1,1. Esses s\u00e3o alguns dos n\u00fameros que est\u00e3o sendo divulgados pelo Movimento Nossa S\u00e3o Paulo, que constatou, estarrecido, que no caso do p\u00fablico adulto a situa\u00e7\u00e3o \u00e9 ainda pior: h\u00e1 apenas 0,55 livro para cada morador nos acervos p\u00fablicos da metr\u00f3pole. O \u00edndice recomendado pela Unesco \u00e9 de pelo menos dois livros por cidad\u00e3o.\u00a0<br \/> \u00a0<br \/> Agora, o movimento constitu\u00eddo por um grande n\u00famero de institui\u00e7\u00f5es paulistanas pressiona a prefeitura no sentido de mudar esse quadro. E aproveita que, por lei, o novo prefeito (reeleito) Gilberto Kassab deve apresentar, at\u00e9 o final de mar\u00e7o, suas metas para os pr\u00f3ximos anos para tentar que ele assuma um compromisso mais condizente com a import\u00e2ncia da cidade que governa.\u00a0<\/p>\n","protected":false},"excerpt":{"rendered":"<p>Na cidade de S\u00e3o Paulo, nada menos do que em nove subprefeituras o n\u00famero de livros per capita nas bibliotecas infanto-juvenis \u00e9 simplesmente zero. A melhor delas \u00e9 a da regi\u00e3o da S\u00e9, no centro, onde este \u00edndice \u00e9 de 13,3 livros\/habitante. No final das contas, a m\u00e9dia fica em torno de 1,1. Esses s\u00e3o [&hellip;]<\/p>\n","protected":false},"author":1,"featured_media":0,"comment_status":"closed","ping_status":"closed","sticky":false,"template":"","format":"standard","meta":{"footnotes":"","_links_to":"","_links_to_target":""},"categories":[9],"tags":[],"class_list":["post-2451","post","type-post","status-publish","format-standard","hentry","category-noticias-da-imprensa"],"yoast_head":"<!-- This site is optimized with the Yoast SEO plugin v15.1 - https:\/\/yoast.com\/wordpress\/plugins\/seo\/ -->\n<title>Qual \u00e9 o \u00edndice de livros da sua cidade?! &raquo; Abrelivros<\/title>\n<meta name=\"robots\" content=\"index, follow, max-snippet:-1, max-image-preview:large, max-video-preview:-1\" \/>\n<link rel=\"canonical\" href=\"https:\/\/abrelivros.org.br\/site\/qual-e-o-indice-de-livros-da-sua-cidade\/\" \/>\n<meta property=\"og:locale\" content=\"pt_BR\" \/>\n<meta property=\"og:type\" content=\"article\" \/>\n<meta property=\"og:title\" content=\"Qual \u00e9 o \u00edndice de livros da sua cidade?! &raquo; Abrelivros\" \/>\n<meta property=\"og:description\" content=\"Na cidade de S\u00e3o Paulo, nada menos do que em nove subprefeituras o n\u00famero de livros per capita nas bibliotecas infanto-juvenis \u00e9 simplesmente zero. A melhor delas \u00e9 a da regi\u00e3o da S\u00e9, no centro, onde este \u00edndice \u00e9 de 13,3 livros\/habitante. No final das contas, a m\u00e9dia fica em torno de 1,1. Esses s\u00e3o [&hellip;]\" \/>\n<meta property=\"og:url\" content=\"https:\/\/abrelivros.org.br\/site\/qual-e-o-indice-de-livros-da-sua-cidade\/\" \/>\n<meta property=\"og:site_name\" content=\"Abrelivros\" \/>\n<meta property=\"article:published_time\" content=\"2009-03-13T17:49:00+00:00\" \/>\n<meta name=\"twitter:card\" content=\"summary_large_image\" \/>\n<script type=\"application\/ld+json\" class=\"yoast-schema-graph\">{\"@context\":\"https:\/\/schema.org\",\"@graph\":[{\"@type\":\"WebSite\",\"@id\":\"https:\/\/abrelivros.org.br\/site\/#website\",\"url\":\"https:\/\/abrelivros.org.br\/site\/\",\"name\":\"Abrelivros\",\"description\":\"\",\"potentialAction\":[{\"@type\":\"SearchAction\",\"target\":\"https:\/\/abrelivros.org.br\/site\/?s={search_term_string}\",\"query-input\":\"required name=search_term_string\"}],\"inLanguage\":\"pt-BR\"},{\"@type\":\"WebPage\",\"@id\":\"https:\/\/abrelivros.org.br\/site\/qual-e-o-indice-de-livros-da-sua-cidade\/#webpage\",\"url\":\"https:\/\/abrelivros.org.br\/site\/qual-e-o-indice-de-livros-da-sua-cidade\/\",\"name\":\"Qual \\u00e9 o \\u00edndice de livros da sua cidade?! &raquo; Abrelivros\",\"isPartOf\":{\"@id\":\"https:\/\/abrelivros.org.br\/site\/#website\"},\"datePublished\":\"2009-03-13T17:49:00+00:00\",\"dateModified\":\"2009-03-13T17:49:00+00:00\",\"author\":{\"@id\":\"https:\/\/abrelivros.org.br\/site\/#\/schema\/person\/2b867f13a717bb230f1a3555505f5593\"},\"breadcrumb\":{\"@id\":\"https:\/\/abrelivros.org.br\/site\/qual-e-o-indice-de-livros-da-sua-cidade\/#breadcrumb\"},\"inLanguage\":\"pt-BR\",\"potentialAction\":[{\"@type\":\"ReadAction\",\"target\":[\"https:\/\/abrelivros.org.br\/site\/qual-e-o-indice-de-livros-da-sua-cidade\/\"]}]},{\"@type\":\"BreadcrumbList\",\"@id\":\"https:\/\/abrelivros.org.br\/site\/qual-e-o-indice-de-livros-da-sua-cidade\/#breadcrumb\",\"itemListElement\":[{\"@type\":\"ListItem\",\"position\":1,\"item\":{\"@type\":\"WebPage\",\"@id\":\"https:\/\/abrelivros.org.br\/site\/\",\"url\":\"https:\/\/abrelivros.org.br\/site\/\",\"name\":\"In\\u00edcio\"}},{\"@type\":\"ListItem\",\"position\":2,\"item\":{\"@type\":\"WebPage\",\"@id\":\"https:\/\/abrelivros.org.br\/site\/category\/noticias\/\",\"url\":\"https:\/\/abrelivros.org.br\/site\/category\/noticias\/\",\"name\":\"Not\\u00edcias\"}},{\"@type\":\"ListItem\",\"position\":3,\"item\":{\"@type\":\"WebPage\",\"@id\":\"https:\/\/abrelivros.org.br\/site\/category\/noticias\/noticias-da-imprensa\/\",\"url\":\"https:\/\/abrelivros.org.br\/site\/category\/noticias\/noticias-da-imprensa\/\",\"name\":\"Not\\u00edcias da imprensa\"}},{\"@type\":\"ListItem\",\"position\":4,\"item\":{\"@type\":\"WebPage\",\"@id\":\"https:\/\/abrelivros.org.br\/site\/qual-e-o-indice-de-livros-da-sua-cidade\/\",\"url\":\"https:\/\/abrelivros.org.br\/site\/qual-e-o-indice-de-livros-da-sua-cidade\/\",\"name\":\"Qual \\u00e9 o \\u00edndice de livros da sua cidade?!\"}}]},{\"@type\":\"Person\",\"@id\":\"https:\/\/abrelivros.org.br\/site\/#\/schema\/person\/2b867f13a717bb230f1a3555505f5593\",\"name\":\"\\u00a0\",\"image\":{\"@type\":\"ImageObject\",\"@id\":\"https:\/\/abrelivros.org.br\/site\/#personlogo\",\"inLanguage\":\"pt-BR\",\"url\":\"https:\/\/secure.gravatar.com\/avatar\/e80b7f5231be2fff5040a8023da424898002831c5439420df182ae62676d2a6f?s=96&d=mm&r=g\",\"caption\":\"\\u00a0\"}}]}<\/script>\n<!-- \/ Yoast SEO plugin. -->","_links":{"self":[{"href":"https:\/\/abrelivros.org.br\/site\/wp-json\/wp\/v2\/posts\/2451","targetHints":{"allow":["GET"]}}],"collection":[{"href":"https:\/\/abrelivros.org.br\/site\/wp-json\/wp\/v2\/posts"}],"about":[{"href":"https:\/\/abrelivros.org.br\/site\/wp-json\/wp\/v2\/types\/post"}],"author":[{"embeddable":true,"href":"https:\/\/abrelivros.org.br\/site\/wp-json\/wp\/v2\/users\/1"}],"replies":[{"embeddable":true,"href":"https:\/\/abrelivros.org.br\/site\/wp-json\/wp\/v2\/comments?post=2451"}],"version-history":[{"count":0,"href":"https:\/\/abrelivros.org.br\/site\/wp-json\/wp\/v2\/posts\/2451\/revisions"}],"wp:attachment":[{"href":"https:\/\/abrelivros.org.br\/site\/wp-json\/wp\/v2\/media?parent=2451"}],"wp:term":[{"taxonomy":"category","embeddable":true,"href":"https:\/\/abrelivros.org.br\/site\/wp-json\/wp\/v2\/categories?post=2451"},{"taxonomy":"post_tag","embeddable":true,"href":"https:\/\/abrelivros.org.br\/site\/wp-json\/wp\/v2\/tags?post=2451"}],"curies":[{"name":"wp","href":"https:\/\/api.w.org\/{rel}","templated":true}]}}