{"id":2450,"date":"2009-03-13T15:16:00","date_gmt":"2009-03-13T18:16:00","guid":{"rendered":"https:\/\/abrelivros.org.br\/site\/2009\/03\/13\/bibliotecarios-debateram-seu-papel-social-no-seu-dia\/"},"modified":"2009-03-13T15:16:00","modified_gmt":"2009-03-13T18:16:00","slug":"bibliotecarios-debateram-seu-papel-social-no-seu-dia","status":"publish","type":"post","link":"https:\/\/abrelivros.org.br\/site\/bibliotecarios-debateram-seu-papel-social-no-seu-dia\/","title":{"rendered":"Bibliotec\u00e1rios debateram seu papel social no seu dia"},"content":{"rendered":"<p>A Imprensa Oficial de S\u00e3o Paulo, o Instituto Pr\u00f3-Livro e diversas entidades de bibliotec\u00e1rios comemoraram nesta quinta-feira (12\/3) o Dia do Bibliotec\u00e1rio. Febab, Conselho Federal de Biblioteconomia, Conselho Regional de Biblioteconomia de SP, Sindicato dos Bibliotec\u00e1rios do Estado, a IFLA\/LAC e a Associa\u00e7\u00e3o dos Bibliotec\u00e1rios da cidade de S\u00e3o Paulo se uniram para uma celebra\u00e7\u00e3o em conjunto. \u00a0<br \/> \u00a0<br \/> Logo depois de um caf\u00e9 da manh\u00e3 oferecido pela IO, foi realizada a palestra O Papel Social do Bibliotec\u00e1rio, na qual apresentei alguns dados novos da pesquisa Retratos da Leitura no Brasil, realizada pelo Instituto Pr\u00f3-Livro (que deu origem ao livro hom\u00f4nimo, co-editado pelo IPL e pela Imprensa Oficial).\u00a0<br \/> \u00a0<br \/> O estudo revelou, por exemplo, que tr\u00eas em cada quatro brasileiros n\u00e3o frequentam bibliotecas e que os leitores v\u00e3o \u00e0s bibliotecas basicamente durante a vida escolar. Seu uso diminui de 62% para menos de 20% na fase adulta.\u00a0<br \/> \u00a0<br \/> Os bibliotec\u00e1rios t\u00eam um papel fundamental para fazer do Brasil um pa\u00eds de leitores.\u00a0<br \/> \u00a0<\/p>\n","protected":false},"excerpt":{"rendered":"<p>A Imprensa Oficial de S\u00e3o Paulo, o Instituto Pr\u00f3-Livro e diversas entidades de bibliotec\u00e1rios comemoraram nesta quinta-feira (12\/3) o Dia do Bibliotec\u00e1rio. Febab, Conselho Federal de Biblioteconomia, Conselho Regional de Biblioteconomia de SP, Sindicato dos Bibliotec\u00e1rios do Estado, a IFLA\/LAC e a Associa\u00e7\u00e3o dos Bibliotec\u00e1rios da cidade de S\u00e3o Paulo se uniram para uma celebra\u00e7\u00e3o [&hellip;]<\/p>\n","protected":false},"author":1,"featured_media":0,"comment_status":"closed","ping_status":"closed","sticky":false,"template":"","format":"standard","meta":{"footnotes":"","_links_to":"","_links_to_target":""},"categories":[9],"tags":[],"class_list":["post-2450","post","type-post","status-publish","format-standard","hentry","category-noticias-da-imprensa"],"yoast_head":"<!-- This site is optimized with the Yoast SEO plugin v15.1 - https:\/\/yoast.com\/wordpress\/plugins\/seo\/ -->\n<title>Bibliotec\u00e1rios debateram seu papel social no seu dia &raquo; Abrelivros<\/title>\n<meta name=\"robots\" content=\"index, follow, max-snippet:-1, max-image-preview:large, max-video-preview:-1\" \/>\n<link rel=\"canonical\" href=\"https:\/\/abrelivros.org.br\/site\/bibliotecarios-debateram-seu-papel-social-no-seu-dia\/\" \/>\n<meta property=\"og:locale\" content=\"pt_BR\" \/>\n<meta property=\"og:type\" content=\"article\" \/>\n<meta property=\"og:title\" content=\"Bibliotec\u00e1rios debateram seu papel social no seu dia &raquo; Abrelivros\" \/>\n<meta property=\"og:description\" content=\"A Imprensa Oficial de S\u00e3o Paulo, o Instituto Pr\u00f3-Livro e diversas entidades de bibliotec\u00e1rios comemoraram nesta quinta-feira (12\/3) o Dia do Bibliotec\u00e1rio. Febab, Conselho Federal de Biblioteconomia, Conselho Regional de Biblioteconomia de SP, Sindicato dos Bibliotec\u00e1rios do Estado, a IFLA\/LAC e a Associa\u00e7\u00e3o dos Bibliotec\u00e1rios da cidade de S\u00e3o Paulo se uniram para uma celebra\u00e7\u00e3o [&hellip;]\" \/>\n<meta property=\"og:url\" content=\"https:\/\/abrelivros.org.br\/site\/bibliotecarios-debateram-seu-papel-social-no-seu-dia\/\" \/>\n<meta property=\"og:site_name\" content=\"Abrelivros\" \/>\n<meta property=\"article:published_time\" content=\"2009-03-13T18:16:00+00:00\" \/>\n<meta name=\"twitter:card\" content=\"summary_large_image\" \/>\n<script type=\"application\/ld+json\" class=\"yoast-schema-graph\">{\"@context\":\"https:\/\/schema.org\",\"@graph\":[{\"@type\":\"WebSite\",\"@id\":\"https:\/\/abrelivros.org.br\/site\/#website\",\"url\":\"https:\/\/abrelivros.org.br\/site\/\",\"name\":\"Abrelivros\",\"description\":\"\",\"potentialAction\":[{\"@type\":\"SearchAction\",\"target\":\"https:\/\/abrelivros.org.br\/site\/?s={search_term_string}\",\"query-input\":\"required name=search_term_string\"}],\"inLanguage\":\"pt-BR\"},{\"@type\":\"WebPage\",\"@id\":\"https:\/\/abrelivros.org.br\/site\/bibliotecarios-debateram-seu-papel-social-no-seu-dia\/#webpage\",\"url\":\"https:\/\/abrelivros.org.br\/site\/bibliotecarios-debateram-seu-papel-social-no-seu-dia\/\",\"name\":\"Bibliotec\\u00e1rios debateram seu papel social no seu dia &raquo; Abrelivros\",\"isPartOf\":{\"@id\":\"https:\/\/abrelivros.org.br\/site\/#website\"},\"datePublished\":\"2009-03-13T18:16:00+00:00\",\"dateModified\":\"2009-03-13T18:16:00+00:00\",\"author\":{\"@id\":\"https:\/\/abrelivros.org.br\/site\/#\/schema\/person\/2b867f13a717bb230f1a3555505f5593\"},\"breadcrumb\":{\"@id\":\"https:\/\/abrelivros.org.br\/site\/bibliotecarios-debateram-seu-papel-social-no-seu-dia\/#breadcrumb\"},\"inLanguage\":\"pt-BR\",\"potentialAction\":[{\"@type\":\"ReadAction\",\"target\":[\"https:\/\/abrelivros.org.br\/site\/bibliotecarios-debateram-seu-papel-social-no-seu-dia\/\"]}]},{\"@type\":\"BreadcrumbList\",\"@id\":\"https:\/\/abrelivros.org.br\/site\/bibliotecarios-debateram-seu-papel-social-no-seu-dia\/#breadcrumb\",\"itemListElement\":[{\"@type\":\"ListItem\",\"position\":1,\"item\":{\"@type\":\"WebPage\",\"@id\":\"https:\/\/abrelivros.org.br\/site\/\",\"url\":\"https:\/\/abrelivros.org.br\/site\/\",\"name\":\"In\\u00edcio\"}},{\"@type\":\"ListItem\",\"position\":2,\"item\":{\"@type\":\"WebPage\",\"@id\":\"https:\/\/abrelivros.org.br\/site\/category\/noticias\/\",\"url\":\"https:\/\/abrelivros.org.br\/site\/category\/noticias\/\",\"name\":\"Not\\u00edcias\"}},{\"@type\":\"ListItem\",\"position\":3,\"item\":{\"@type\":\"WebPage\",\"@id\":\"https:\/\/abrelivros.org.br\/site\/category\/noticias\/noticias-da-imprensa\/\",\"url\":\"https:\/\/abrelivros.org.br\/site\/category\/noticias\/noticias-da-imprensa\/\",\"name\":\"Not\\u00edcias da imprensa\"}},{\"@type\":\"ListItem\",\"position\":4,\"item\":{\"@type\":\"WebPage\",\"@id\":\"https:\/\/abrelivros.org.br\/site\/bibliotecarios-debateram-seu-papel-social-no-seu-dia\/\",\"url\":\"https:\/\/abrelivros.org.br\/site\/bibliotecarios-debateram-seu-papel-social-no-seu-dia\/\",\"name\":\"Bibliotec\\u00e1rios debateram seu papel social no seu dia\"}}]},{\"@type\":\"Person\",\"@id\":\"https:\/\/abrelivros.org.br\/site\/#\/schema\/person\/2b867f13a717bb230f1a3555505f5593\",\"name\":\"\\u00a0\",\"image\":{\"@type\":\"ImageObject\",\"@id\":\"https:\/\/abrelivros.org.br\/site\/#personlogo\",\"inLanguage\":\"pt-BR\",\"url\":\"https:\/\/secure.gravatar.com\/avatar\/e80b7f5231be2fff5040a8023da424898002831c5439420df182ae62676d2a6f?s=96&d=mm&r=g\",\"caption\":\"\\u00a0\"}}]}<\/script>\n<!-- \/ Yoast SEO plugin. -->","_links":{"self":[{"href":"https:\/\/abrelivros.org.br\/site\/wp-json\/wp\/v2\/posts\/2450","targetHints":{"allow":["GET"]}}],"collection":[{"href":"https:\/\/abrelivros.org.br\/site\/wp-json\/wp\/v2\/posts"}],"about":[{"href":"https:\/\/abrelivros.org.br\/site\/wp-json\/wp\/v2\/types\/post"}],"author":[{"embeddable":true,"href":"https:\/\/abrelivros.org.br\/site\/wp-json\/wp\/v2\/users\/1"}],"replies":[{"embeddable":true,"href":"https:\/\/abrelivros.org.br\/site\/wp-json\/wp\/v2\/comments?post=2450"}],"version-history":[{"count":0,"href":"https:\/\/abrelivros.org.br\/site\/wp-json\/wp\/v2\/posts\/2450\/revisions"}],"wp:attachment":[{"href":"https:\/\/abrelivros.org.br\/site\/wp-json\/wp\/v2\/media?parent=2450"}],"wp:term":[{"taxonomy":"category","embeddable":true,"href":"https:\/\/abrelivros.org.br\/site\/wp-json\/wp\/v2\/categories?post=2450"},{"taxonomy":"post_tag","embeddable":true,"href":"https:\/\/abrelivros.org.br\/site\/wp-json\/wp\/v2\/tags?post=2450"}],"curies":[{"name":"wp","href":"https:\/\/api.w.org\/{rel}","templated":true}]}}