{"id":2449,"date":"2009-03-13T15:21:00","date_gmt":"2009-03-13T18:21:00","guid":{"rendered":"https:\/\/abrelivros.org.br\/site\/2009\/03\/13\/mercado-editorial-conta-lucros-e-prejuizos-com-acordo-ortografico\/"},"modified":"2009-03-13T15:21:00","modified_gmt":"2009-03-13T18:21:00","slug":"mercado-editorial-conta-lucros-e-prejuizos-com-acordo-ortografico","status":"publish","type":"post","link":"https:\/\/abrelivros.org.br\/site\/mercado-editorial-conta-lucros-e-prejuizos-com-acordo-ortografico\/","title":{"rendered":"Mercado editorial conta lucros e preju\u00edzos com acordo ortogr\u00e1fico"},"content":{"rendered":"<p>O mercado editorial est\u00e1 no centro das discuss\u00f5es sobre quem ganha e quem perde com o acordo ortogr\u00e1fico da l\u00edngua portuguesa. Enquanto alguns avaliam que as editoras ser\u00e3o as principais beneficiadas com a reforma, muitas empresas do setor, tanto no Brasil como em Portugal, inicialmente se opuseram \u00e0s mudan\u00e7as na escrita. &nbsp;<br \/> &nbsp;<br \/> O presidente da Uni\u00e3o dos Editores Portugueses, Carlos da Veiga Ferreira, chegou a dizer a certa altura que havia a chance de v\u00e1rias empresas \u201cboicotarem\u201c o acordo em Portugal, por acreditarem que as editoras brasileiras, especialmente no setor de livros did\u00e1ticos, ganhariam espa\u00e7o na \u00c1frica, mercado hoje dominado pelos portugueses. &nbsp;<br \/> &nbsp;<br \/> Com o avan\u00e7o das discuss\u00f5es sobre a ado\u00e7\u00e3o do acordo ortogr\u00e1fico, os editores portugueses passaram a aceitar melhor a ideia, mas ainda esperam que haja um apoio governamental substancial para o financiamento da adapta\u00e7\u00e3o dos livros. A preocupa\u00e7\u00e3o \u00e9 compartilhada pelas editoras no Brasil. &nbsp;<br \/> &nbsp;<br \/> \u201cH\u00e1 um custo grande na altera\u00e7\u00e3o de todos os livros existentes nos cat\u00e1logos das editoras, j\u00e1 que os fotolitos desses livros ter\u00e3o de ser descartados, ser\u00e1 necess\u00e1rio fazer uma revis\u00e3o e novos materiais ter\u00e3o de ser impressos\u201c, disse Sonia Machado, presidente do Sindicato Nacional dos Editores de Livro do Brasil (SNEL), \u00e0 BBC Brasil. &nbsp;<br \/> &nbsp;<br \/> \u201cA preocupa\u00e7\u00e3o que os associados do sindicato t\u00eam \u00e9: quem vai pagar essa conta? Quem vai absorver esse custo da adapta\u00e7\u00e3o dos livros antigos para a nova ortografia, sem que isso seja refletido nos pre\u00e7os?\u201c &nbsp;<br \/> &nbsp;<br \/> Sonia Machado afirma que muitos editores n\u00e3o ter\u00e3o condi\u00e7\u00f5es financeiras de fazer as mudan\u00e7as e que alguns livros podem n\u00e3o ser atualizados, j\u00e1 que a op\u00e7\u00e3o de repassar os custos para o consumidor n\u00e3o seria uma boa estrat\u00e9gia em tempos de crise. &nbsp;<br \/> &nbsp;<br \/> Novos mercados &nbsp;<br \/> &nbsp;<br \/> A presidente do SNEL tamb\u00e9m rejeita a ideia de que as portas para outros mercados ser\u00e3o abertas com a reforma ortogr\u00e1fica, j\u00e1 que hoje os contratos de edi\u00e7\u00e3o s\u00e3o territoriais. &nbsp;<br \/> &nbsp;<br \/> \u201cQuando se compra o direito de publica\u00e7\u00e3o, o direito n\u00e3o \u00e9 para publicar em l\u00edngua portuguesa, mas para publicar em determinado pa\u00eds\u201c, afirma Sonia Machado. \u201cIsso \u00e9 v\u00e1lido n\u00e3o s\u00f3 para o portugu\u00eas. Na l\u00edngua inglesa, por exemplo, voc\u00ea tem a edi\u00e7\u00e3o americana, a edi\u00e7\u00e3o inglesa, edi\u00e7\u00e3o australiana.\u201c &nbsp;<br \/> &nbsp;<br \/> O escritor angolano Jos\u00e9 Eduardo Agualusa diz, no entanto, que, com o acordo ortogr\u00e1fico, as empresas podem passar a negociar contratos de publica\u00e7\u00e3o em mais de um pa\u00eds e alcan\u00e7ar mercados mais amplos. Mas, na opini\u00e3o dele, quem mais ganharia com as mudan\u00e7as na ortografia seriam as editoras portuguesas. &nbsp;<br \/> &nbsp;<br \/> \u201cO grande mercado do livro de l\u00edngua portuguesa n\u00e3o \u00e9 evidentemente a \u00c1frica, \u00e9 o Brasil. As grandes editoras portuguesas j\u00e1 perceberam isso\u201c, afirma o escritor. \u201cO mercado africano para o Brasil \u00e9 uma coisa absolutamente rid\u00edcula, porque o Brasil tem cem \u00c1fricas dentro dele, em crescimento cont\u00ednuo.\u201c &nbsp;<br \/> &nbsp;<br \/> A \u00fanica exce\u00e7\u00e3o poderia ser mesmo o setor dos livros did\u00e1ticos, que \u00e9 um mercado em expans\u00e3o em pa\u00edses de l\u00edngua portuguesa como Angola e Mo\u00e7ambique. Algumas grandes editoras brasileiras j\u00e1 estariam estudando um investimento na \u00c1frica. &nbsp;<br \/> &nbsp;<br \/> Outro setor que pode sair lucrando com o acordo ortogr\u00e1fico \u00e9 o de dicion\u00e1rios e livros de refer\u00eancia sobre as mudan\u00e7as na escrita. Mesmo em Portugal, onde as altera\u00e7\u00f5es ainda n\u00e3o est\u00e3o em vigor, j\u00e1 foram lan\u00e7adas v\u00e1rias obras de refer\u00eancia de acordo com as novas regras.&nbsp;<br \/> &nbsp;<\/p>\n","protected":false},"excerpt":{"rendered":"<p>O mercado editorial est\u00e1 no centro das discuss\u00f5es sobre quem ganha e quem perde com o acordo ortogr\u00e1fico da l\u00edngua portuguesa. Enquanto alguns avaliam que as editoras ser\u00e3o as principais beneficiadas com a reforma, muitas empresas do setor, tanto no Brasil como em Portugal, inicialmente se opuseram \u00e0s mudan\u00e7as na escrita. &nbsp; &nbsp; O presidente [&hellip;]<\/p>\n","protected":false},"author":1,"featured_media":0,"comment_status":"closed","ping_status":"closed","sticky":false,"template":"","format":"standard","meta":{"footnotes":"","_links_to":"","_links_to_target":""},"categories":[9],"tags":[],"class_list":["post-2449","post","type-post","status-publish","format-standard","hentry","category-noticias-da-imprensa"],"yoast_head":"<!-- This site is optimized with the Yoast SEO plugin v15.1 - https:\/\/yoast.com\/wordpress\/plugins\/seo\/ -->\n<title>Mercado editorial conta lucros e preju\u00edzos com acordo ortogr\u00e1fico &raquo; Abrelivros<\/title>\n<meta name=\"robots\" content=\"index, follow, max-snippet:-1, max-image-preview:large, max-video-preview:-1\" \/>\n<link rel=\"canonical\" href=\"https:\/\/abrelivros.org.br\/site\/mercado-editorial-conta-lucros-e-prejuizos-com-acordo-ortografico\/\" \/>\n<meta property=\"og:locale\" content=\"pt_BR\" \/>\n<meta property=\"og:type\" content=\"article\" \/>\n<meta property=\"og:title\" content=\"Mercado editorial conta lucros e preju\u00edzos com acordo ortogr\u00e1fico &raquo; Abrelivros\" \/>\n<meta property=\"og:description\" content=\"O mercado editorial est\u00e1 no centro das discuss\u00f5es sobre quem ganha e quem perde com o acordo ortogr\u00e1fico da l\u00edngua portuguesa. Enquanto alguns avaliam que as editoras ser\u00e3o as principais beneficiadas com a reforma, muitas empresas do setor, tanto no Brasil como em Portugal, inicialmente se opuseram \u00e0s mudan\u00e7as na escrita. &nbsp; &nbsp; O presidente [&hellip;]\" \/>\n<meta property=\"og:url\" content=\"https:\/\/abrelivros.org.br\/site\/mercado-editorial-conta-lucros-e-prejuizos-com-acordo-ortografico\/\" \/>\n<meta property=\"og:site_name\" content=\"Abrelivros\" \/>\n<meta property=\"article:published_time\" content=\"2009-03-13T18:21:00+00:00\" \/>\n<meta name=\"twitter:card\" content=\"summary_large_image\" \/>\n<script type=\"application\/ld+json\" class=\"yoast-schema-graph\">{\"@context\":\"https:\/\/schema.org\",\"@graph\":[{\"@type\":\"WebSite\",\"@id\":\"https:\/\/abrelivros.org.br\/site\/#website\",\"url\":\"https:\/\/abrelivros.org.br\/site\/\",\"name\":\"Abrelivros\",\"description\":\"\",\"potentialAction\":[{\"@type\":\"SearchAction\",\"target\":\"https:\/\/abrelivros.org.br\/site\/?s={search_term_string}\",\"query-input\":\"required name=search_term_string\"}],\"inLanguage\":\"pt-BR\"},{\"@type\":\"WebPage\",\"@id\":\"https:\/\/abrelivros.org.br\/site\/mercado-editorial-conta-lucros-e-prejuizos-com-acordo-ortografico\/#webpage\",\"url\":\"https:\/\/abrelivros.org.br\/site\/mercado-editorial-conta-lucros-e-prejuizos-com-acordo-ortografico\/\",\"name\":\"Mercado editorial conta lucros e preju\\u00edzos com acordo ortogr\\u00e1fico &raquo; Abrelivros\",\"isPartOf\":{\"@id\":\"https:\/\/abrelivros.org.br\/site\/#website\"},\"datePublished\":\"2009-03-13T18:21:00+00:00\",\"dateModified\":\"2009-03-13T18:21:00+00:00\",\"author\":{\"@id\":\"https:\/\/abrelivros.org.br\/site\/#\/schema\/person\/2b867f13a717bb230f1a3555505f5593\"},\"breadcrumb\":{\"@id\":\"https:\/\/abrelivros.org.br\/site\/mercado-editorial-conta-lucros-e-prejuizos-com-acordo-ortografico\/#breadcrumb\"},\"inLanguage\":\"pt-BR\",\"potentialAction\":[{\"@type\":\"ReadAction\",\"target\":[\"https:\/\/abrelivros.org.br\/site\/mercado-editorial-conta-lucros-e-prejuizos-com-acordo-ortografico\/\"]}]},{\"@type\":\"BreadcrumbList\",\"@id\":\"https:\/\/abrelivros.org.br\/site\/mercado-editorial-conta-lucros-e-prejuizos-com-acordo-ortografico\/#breadcrumb\",\"itemListElement\":[{\"@type\":\"ListItem\",\"position\":1,\"item\":{\"@type\":\"WebPage\",\"@id\":\"https:\/\/abrelivros.org.br\/site\/\",\"url\":\"https:\/\/abrelivros.org.br\/site\/\",\"name\":\"In\\u00edcio\"}},{\"@type\":\"ListItem\",\"position\":2,\"item\":{\"@type\":\"WebPage\",\"@id\":\"https:\/\/abrelivros.org.br\/site\/category\/noticias\/\",\"url\":\"https:\/\/abrelivros.org.br\/site\/category\/noticias\/\",\"name\":\"Not\\u00edcias\"}},{\"@type\":\"ListItem\",\"position\":3,\"item\":{\"@type\":\"WebPage\",\"@id\":\"https:\/\/abrelivros.org.br\/site\/category\/noticias\/noticias-da-imprensa\/\",\"url\":\"https:\/\/abrelivros.org.br\/site\/category\/noticias\/noticias-da-imprensa\/\",\"name\":\"Not\\u00edcias da imprensa\"}},{\"@type\":\"ListItem\",\"position\":4,\"item\":{\"@type\":\"WebPage\",\"@id\":\"https:\/\/abrelivros.org.br\/site\/mercado-editorial-conta-lucros-e-prejuizos-com-acordo-ortografico\/\",\"url\":\"https:\/\/abrelivros.org.br\/site\/mercado-editorial-conta-lucros-e-prejuizos-com-acordo-ortografico\/\",\"name\":\"Mercado editorial conta lucros e preju\\u00edzos com acordo ortogr\\u00e1fico\"}}]},{\"@type\":\"Person\",\"@id\":\"https:\/\/abrelivros.org.br\/site\/#\/schema\/person\/2b867f13a717bb230f1a3555505f5593\",\"name\":\"\\u00a0\",\"image\":{\"@type\":\"ImageObject\",\"@id\":\"https:\/\/abrelivros.org.br\/site\/#personlogo\",\"inLanguage\":\"pt-BR\",\"url\":\"https:\/\/secure.gravatar.com\/avatar\/e80b7f5231be2fff5040a8023da424898002831c5439420df182ae62676d2a6f?s=96&d=mm&r=g\",\"caption\":\"\\u00a0\"}}]}<\/script>\n<!-- \/ Yoast SEO plugin. -->","_links":{"self":[{"href":"https:\/\/abrelivros.org.br\/site\/wp-json\/wp\/v2\/posts\/2449","targetHints":{"allow":["GET"]}}],"collection":[{"href":"https:\/\/abrelivros.org.br\/site\/wp-json\/wp\/v2\/posts"}],"about":[{"href":"https:\/\/abrelivros.org.br\/site\/wp-json\/wp\/v2\/types\/post"}],"author":[{"embeddable":true,"href":"https:\/\/abrelivros.org.br\/site\/wp-json\/wp\/v2\/users\/1"}],"replies":[{"embeddable":true,"href":"https:\/\/abrelivros.org.br\/site\/wp-json\/wp\/v2\/comments?post=2449"}],"version-history":[{"count":0,"href":"https:\/\/abrelivros.org.br\/site\/wp-json\/wp\/v2\/posts\/2449\/revisions"}],"wp:attachment":[{"href":"https:\/\/abrelivros.org.br\/site\/wp-json\/wp\/v2\/media?parent=2449"}],"wp:term":[{"taxonomy":"category","embeddable":true,"href":"https:\/\/abrelivros.org.br\/site\/wp-json\/wp\/v2\/categories?post=2449"},{"taxonomy":"post_tag","embeddable":true,"href":"https:\/\/abrelivros.org.br\/site\/wp-json\/wp\/v2\/tags?post=2449"}],"curies":[{"name":"wp","href":"https:\/\/api.w.org\/{rel}","templated":true}]}}