{"id":2448,"date":"2009-03-13T15:24:00","date_gmt":"2009-03-13T18:24:00","guid":{"rendered":"https:\/\/abrelivros.org.br\/site\/2009\/03\/13\/minc-se-reune-com-editores\/"},"modified":"2009-03-13T15:24:00","modified_gmt":"2009-03-13T18:24:00","slug":"minc-se-reune-com-editores","status":"publish","type":"post","link":"https:\/\/abrelivros.org.br\/site\/minc-se-reune-com-editores\/","title":{"rendered":"MinC se re\u00fane com editores"},"content":{"rendered":"<p>O processo de inscri\u00e7\u00e3o e avalia\u00e7\u00e3o de projetos culturais submetidos \u00e0 Lei Rouanet foi o tema do encontro de representantes do mercado editorial com o ministro da Cultura, Juca Ferreira, nesta quinta-feira, dia 12, na sede da C\u00e2mara Brasileira do Livro (CBL). Os editores pediram agilidade na aprova\u00e7\u00e3o dos projetos e maior interlocu\u00e7\u00e3o entre o setor e o Minist\u00e9rio, al\u00e9m da reativa\u00e7\u00e3o da Secretaria Nacional do Livro e Leitura. &nbsp;<br \/> &nbsp;<br \/> Um grupo de 12 pequenas editoras redigiu um texto afirmando que a Lei Rouanet sofre \u201ctravamento operacional\u201d e que existe m\u00e1 vontade do minist\u00e9rio em rela\u00e7\u00e3o \u00e0 ren\u00fancia fiscal. O ministro chamou para o encontro todas as editoras signat\u00e1rias do manifesto.&nbsp;<br \/> &nbsp;<br \/> \u201cLonge de estar emperrada, n\u00f3s multiplicamos em muito o n\u00famero de projetos avaliados e aprovados pela lei. O teto de ren\u00fancia chega a R$ 1 bilh\u00e3o. Aquela desconfian\u00e7a n\u00e3o tem base na realidade\u201c, ponderou Ferreira em mat\u00e9ria publicada no Estado. &nbsp;<br \/> &nbsp;<br \/> No pr\u00f3ximo dia 24 de mar\u00e7o, haver\u00e1 um novo encontro entre editores e uma equipe do Minist\u00e9rio para debater o tema e conhecer os detalhes da nova Lei Rouanet.&nbsp;<br \/> &nbsp;<br \/> &nbsp;<br \/> &nbsp;<br \/> Em S\u00e3o Paulo, ministro rebate grupo de editores&nbsp;<br \/> O Estado de S\u00e3o Paulo &#8211; Jotab\u00ea Medeiros&nbsp;<br \/> &nbsp;<br \/> O ministro da Cultura, Juca Ferreira, veio a S\u00e3o Paulo ontem e rebateu, em encontro no in\u00edcio da tarde com livreiros e editores na C\u00e2mara Brasileira do Livro (CBL), as acusa\u00e7\u00f5es de que a Lei Rouanet sofra \u201ctravamento operacional\u201c e que haja m\u00e1 vontade do minist\u00e9rio em rela\u00e7\u00e3o \u00e0 ren\u00fancia fiscal. \u201cSeria isso uma pol\u00edtica de Estado velada?\u201c, perguntava texto redigido conjuntamente por um grupo de 12 pequenas editoras.&nbsp;<br \/> &nbsp;<br \/> O texto foi dado ao conhecimento p\u00fablico a partir de reportagem do Estado, publicada ontem. Os editores revelavam o temor de que haveria uma estrat\u00e9gia de burocratiza\u00e7\u00e3o progressiva da lei de patroc\u00ednios culturais, o que teria provocado a \u201cfal\u00eancia operacional\u201c da legisla\u00e7\u00e3o. &nbsp;<br \/> &nbsp;<br \/> Juca Ferreira mandou convidar representantes de todas as editoras signat\u00e1rias do manifesto para participar da reuni\u00e3o na CBL. \u201cEu os chamei para colocarmos tudo em pratos limpos, como se diz l\u00e1 na Bahia\u201c, afirmou.&nbsp;<br \/> &nbsp;<br \/> \u201cLonge de estar emperrada, n\u00f3s multiplicamos em muito o n\u00famero de projetos avaliados e aprovados pela lei. O teto de ren\u00fancia chega a R$ 1 bilh\u00e3o. Aquela desconfian\u00e7a n\u00e3o tem base na realidade\u201c, ponderou Ferreira. \u201cN\u00e3o h\u00e1 nenhum ind\u00edcio de que esteja emperrada a Lei Rouanet. A demanda \u00e9 que aumentou, e n\u00f3s estamos tomando as medidas necess\u00e1rias para atend\u00ea-la. J\u00e1 adotamos procedimentos digitais para facilitar o encaminhamento de projetos e conseguimos, no Congresso, um refor\u00e7o de pessoal consider\u00e1vel, al\u00e9m da possibilidade de fazermos concurso p\u00fablico\u201c, afirmou.&nbsp;<br \/> &nbsp;<br \/> Sobre o refluxo nos patroc\u00ednios (a crise afetou o \u00faltimo trimestre de 2008), Ferreira diz ter confian\u00e7a de que isso ser\u00e1 revertido. \u201cAchamos que as estatais j\u00e1 v\u00e3o voltar a investir\u201c, disse.&nbsp;<br \/> &nbsp;<br \/> Ontem tamb\u00e9m a C\u00e2mara Brasileira do Livro enviou nota ao jornal pedindo para esclarecer o seu papel nas discuss\u00f5es sobre a Lei Rouanet. \u201cA CBL tem ouvido editores insatisfeitos com a quest\u00e3o operacional da Lei Rouanet e cumpre seu papel institucional de ampliar o di\u00e1logo com o Minist\u00e9rio da Cultura para promover um avan\u00e7o nessas quest\u00f5es\u201c, diz a nota. Mas a institui\u00e7\u00e3o informou que \u201cn\u00e3o est\u00e1 \u00e0 frente, desconhece e n\u00e3o divulgou pelos seus canais competentes\u201c o manifesto dos editores insatisfeitos (grupo que inclui as editoras Bei, Metalivros, DBA, Terceiro Nome, Apraz\u00edvel, Andr\u00e9a Jacobson Est\u00fadio, entre outras).&nbsp;<br \/> &nbsp;<br \/> O ministro Juca Ferreira acrescentou que n\u00e3o considera todas as cr\u00edticas improcedentes. \u201cDe tudo o que foi dito, o que reconhecemos \u00e9 que estamos longe de dar um atendimento satisfat\u00f3rio a quem procura a lei. Mas estamos trabalhando nisso.\u201c Segundo Ferreira, \u00e9 absurdo imaginar que ele tencione acabar com a ren\u00fancia fiscal, hoje o principal mecanismo de fomento \u00e0 cultura nacional. \u201cO que queremos \u00e9 fazer com que a ren\u00fancia fiscal passe a ser um mecanismo secund\u00e1rio no incentivo, e a crise vem comprovando o acerto da nossa reivindica\u00e7\u00e3o.\u201c&nbsp;<br \/> &nbsp;<br \/> Embora ainda dependa de um OK da Casa Civil, Ferreira espera dispor para consulta p\u00fablica em uma semana o novo texto da Lei Rouanet. A partir da\u00ed, os artistas e produtores teriam 45 dias para debat\u00ea-lo antes de ser enviado ao Congresso. &nbsp;<br \/> &nbsp;<\/p>\n","protected":false},"excerpt":{"rendered":"<p>O processo de inscri\u00e7\u00e3o e avalia\u00e7\u00e3o de projetos culturais submetidos \u00e0 Lei Rouanet foi o tema do encontro de representantes do mercado editorial com o ministro da Cultura, Juca Ferreira, nesta quinta-feira, dia 12, na sede da C\u00e2mara Brasileira do Livro (CBL). Os editores pediram agilidade na aprova\u00e7\u00e3o dos projetos e maior interlocu\u00e7\u00e3o entre o [&hellip;]<\/p>\n","protected":false},"author":1,"featured_media":0,"comment_status":"closed","ping_status":"closed","sticky":false,"template":"","format":"standard","meta":{"footnotes":"","_links_to":"","_links_to_target":""},"categories":[9],"tags":[],"class_list":["post-2448","post","type-post","status-publish","format-standard","hentry","category-noticias-da-imprensa"],"yoast_head":"<!-- This site is optimized with the Yoast SEO plugin v15.1 - https:\/\/yoast.com\/wordpress\/plugins\/seo\/ -->\n<title>MinC se re\u00fane com editores &raquo; Abrelivros<\/title>\n<meta name=\"robots\" content=\"index, follow, max-snippet:-1, max-image-preview:large, max-video-preview:-1\" \/>\n<link rel=\"canonical\" href=\"https:\/\/abrelivros.org.br\/site\/minc-se-reune-com-editores\/\" \/>\n<meta property=\"og:locale\" content=\"pt_BR\" \/>\n<meta property=\"og:type\" content=\"article\" \/>\n<meta property=\"og:title\" content=\"MinC se re\u00fane com editores &raquo; Abrelivros\" \/>\n<meta property=\"og:description\" content=\"O processo de inscri\u00e7\u00e3o e avalia\u00e7\u00e3o de projetos culturais submetidos \u00e0 Lei Rouanet foi o tema do encontro de representantes do mercado editorial com o ministro da Cultura, Juca Ferreira, nesta quinta-feira, dia 12, na sede da C\u00e2mara Brasileira do Livro (CBL). Os editores pediram agilidade na aprova\u00e7\u00e3o dos projetos e maior interlocu\u00e7\u00e3o entre o [&hellip;]\" \/>\n<meta property=\"og:url\" content=\"https:\/\/abrelivros.org.br\/site\/minc-se-reune-com-editores\/\" \/>\n<meta property=\"og:site_name\" content=\"Abrelivros\" \/>\n<meta property=\"article:published_time\" content=\"2009-03-13T18:24:00+00:00\" \/>\n<meta name=\"twitter:card\" content=\"summary_large_image\" \/>\n<script type=\"application\/ld+json\" class=\"yoast-schema-graph\">{\"@context\":\"https:\/\/schema.org\",\"@graph\":[{\"@type\":\"WebSite\",\"@id\":\"https:\/\/abrelivros.org.br\/site\/#website\",\"url\":\"https:\/\/abrelivros.org.br\/site\/\",\"name\":\"Abrelivros\",\"description\":\"\",\"potentialAction\":[{\"@type\":\"SearchAction\",\"target\":\"https:\/\/abrelivros.org.br\/site\/?s={search_term_string}\",\"query-input\":\"required name=search_term_string\"}],\"inLanguage\":\"pt-BR\"},{\"@type\":\"WebPage\",\"@id\":\"https:\/\/abrelivros.org.br\/site\/minc-se-reune-com-editores\/#webpage\",\"url\":\"https:\/\/abrelivros.org.br\/site\/minc-se-reune-com-editores\/\",\"name\":\"MinC se re\\u00fane com editores &raquo; Abrelivros\",\"isPartOf\":{\"@id\":\"https:\/\/abrelivros.org.br\/site\/#website\"},\"datePublished\":\"2009-03-13T18:24:00+00:00\",\"dateModified\":\"2009-03-13T18:24:00+00:00\",\"author\":{\"@id\":\"https:\/\/abrelivros.org.br\/site\/#\/schema\/person\/2b867f13a717bb230f1a3555505f5593\"},\"breadcrumb\":{\"@id\":\"https:\/\/abrelivros.org.br\/site\/minc-se-reune-com-editores\/#breadcrumb\"},\"inLanguage\":\"pt-BR\",\"potentialAction\":[{\"@type\":\"ReadAction\",\"target\":[\"https:\/\/abrelivros.org.br\/site\/minc-se-reune-com-editores\/\"]}]},{\"@type\":\"BreadcrumbList\",\"@id\":\"https:\/\/abrelivros.org.br\/site\/minc-se-reune-com-editores\/#breadcrumb\",\"itemListElement\":[{\"@type\":\"ListItem\",\"position\":1,\"item\":{\"@type\":\"WebPage\",\"@id\":\"https:\/\/abrelivros.org.br\/site\/\",\"url\":\"https:\/\/abrelivros.org.br\/site\/\",\"name\":\"In\\u00edcio\"}},{\"@type\":\"ListItem\",\"position\":2,\"item\":{\"@type\":\"WebPage\",\"@id\":\"https:\/\/abrelivros.org.br\/site\/category\/noticias\/\",\"url\":\"https:\/\/abrelivros.org.br\/site\/category\/noticias\/\",\"name\":\"Not\\u00edcias\"}},{\"@type\":\"ListItem\",\"position\":3,\"item\":{\"@type\":\"WebPage\",\"@id\":\"https:\/\/abrelivros.org.br\/site\/category\/noticias\/noticias-da-imprensa\/\",\"url\":\"https:\/\/abrelivros.org.br\/site\/category\/noticias\/noticias-da-imprensa\/\",\"name\":\"Not\\u00edcias da imprensa\"}},{\"@type\":\"ListItem\",\"position\":4,\"item\":{\"@type\":\"WebPage\",\"@id\":\"https:\/\/abrelivros.org.br\/site\/minc-se-reune-com-editores\/\",\"url\":\"https:\/\/abrelivros.org.br\/site\/minc-se-reune-com-editores\/\",\"name\":\"MinC se re\\u00fane com editores\"}}]},{\"@type\":\"Person\",\"@id\":\"https:\/\/abrelivros.org.br\/site\/#\/schema\/person\/2b867f13a717bb230f1a3555505f5593\",\"name\":\"\\u00a0\",\"image\":{\"@type\":\"ImageObject\",\"@id\":\"https:\/\/abrelivros.org.br\/site\/#personlogo\",\"inLanguage\":\"pt-BR\",\"url\":\"https:\/\/secure.gravatar.com\/avatar\/e80b7f5231be2fff5040a8023da424898002831c5439420df182ae62676d2a6f?s=96&d=mm&r=g\",\"caption\":\"\\u00a0\"}}]}<\/script>\n<!-- \/ Yoast SEO plugin. -->","_links":{"self":[{"href":"https:\/\/abrelivros.org.br\/site\/wp-json\/wp\/v2\/posts\/2448","targetHints":{"allow":["GET"]}}],"collection":[{"href":"https:\/\/abrelivros.org.br\/site\/wp-json\/wp\/v2\/posts"}],"about":[{"href":"https:\/\/abrelivros.org.br\/site\/wp-json\/wp\/v2\/types\/post"}],"author":[{"embeddable":true,"href":"https:\/\/abrelivros.org.br\/site\/wp-json\/wp\/v2\/users\/1"}],"replies":[{"embeddable":true,"href":"https:\/\/abrelivros.org.br\/site\/wp-json\/wp\/v2\/comments?post=2448"}],"version-history":[{"count":0,"href":"https:\/\/abrelivros.org.br\/site\/wp-json\/wp\/v2\/posts\/2448\/revisions"}],"wp:attachment":[{"href":"https:\/\/abrelivros.org.br\/site\/wp-json\/wp\/v2\/media?parent=2448"}],"wp:term":[{"taxonomy":"category","embeddable":true,"href":"https:\/\/abrelivros.org.br\/site\/wp-json\/wp\/v2\/categories?post=2448"},{"taxonomy":"post_tag","embeddable":true,"href":"https:\/\/abrelivros.org.br\/site\/wp-json\/wp\/v2\/tags?post=2448"}],"curies":[{"name":"wp","href":"https:\/\/api.w.org\/{rel}","templated":true}]}}