{"id":2447,"date":"2009-03-16T14:54:00","date_gmt":"2009-03-16T17:54:00","guid":{"rendered":"https:\/\/abrelivros.org.br\/site\/2009\/03\/16\/mercado-editorial-sofre-reducao-de-pontos-de-venda-e-de-tiragens\/"},"modified":"2009-03-16T14:54:00","modified_gmt":"2009-03-16T17:54:00","slug":"mercado-editorial-sofre-reducao-de-pontos-de-venda-e-de-tiragens","status":"publish","type":"post","link":"https:\/\/abrelivros.org.br\/site\/mercado-editorial-sofre-reducao-de-pontos-de-venda-e-de-tiragens\/","title":{"rendered":"Mercado editorial sofre redu\u00e7\u00e3o de pontos-de-venda e de tiragens"},"content":{"rendered":"<p>O mercado de livros do pa\u00eds vive um dilema: como escapar do c\u00edrculo vicioso em que os pontos-de-venda para os cerca de 2 mil t\u00edtulos lan\u00e7ados mensalmente pelas editoras v\u00eam diminuindo, o que conduz a tiragens cada vez menores \u2013 com exce\u00e7\u00e3o de poucos best-sellers \u2013, e, consequentemente, pre\u00e7os mais altos e menos leitores.\u00a0<br \/> \u00a0<br \/> Entidades do setor e senadores entendem que \u00e9 preciso incentivar o h\u00e1bito da leitura, como ponto de partida para mudar esse cen\u00e1rio. Divulgada no fim do ano passado, sob o patroc\u00ednio conjunto do Sindicato Nacional dos Editores de Livros (Snel) e da C\u00e2mara Brasileira do Livro (CBL), pesquisa revelou que houve crescimento discreto nas vendas em 2007, mesmo com uma redu\u00e7\u00e3o do n\u00famero de t\u00edtulos publicados. Por\u00e9m, um dado mostra a fragilidade do mercado consumidor: quase metade dos exemplares produzidos foi vendida ao governo, para atendimento aos v\u00e1rios programas de livro did\u00e1tico, cient\u00edfico etc.\u00a0<br \/> \u00a0<br \/> O brasileiro l\u00ea bem menos que os habitantes dos pa\u00edses desenvolvidos. Aqui, s\u00e3o, em m\u00e9dia, 2,4 livros por ano, contra dez nos EUA e 15 em pa\u00edses como Su\u00e9cia e Dinamarca. E apenas 0,9 desses 2,4 livros anuais lidos n\u00e3o s\u00e3o obras did\u00e1ticas. As diferen\u00e7as regionais brasileiras tamb\u00e9m conspiram contra o crescimento do h\u00e1bito da leitura, j\u00e1 que s\u00f3 havia livrarias em 30% dos 5.564 munic\u00edpios.\u00a0<br \/> \u00a0<br \/> N\u00e3o \u00e9 exato o n\u00famero de livrarias porque \u00e9 f\u00e1cil se obter um registro de funcionamento, mesmo que o neg\u00f3cio principal n\u00e3o seja livros. Mas \u00e9 seguro afirmar-se que o Brasil tem hoje menos de 2.700 livrarias, 70% das quais s\u00e3o de pequeno e m\u00e9dio porte. Para a Organiza\u00e7\u00e3o das Na\u00e7\u00f5es Unidas (ONU), esse n\u00famero \u00e9 pequeno para um pa\u00eds com 190 milh\u00f5es de pessoas. Segundo Vitor Tavares, presidente da Associa\u00e7\u00e3o Nacional de Livrarias (ANL), um n\u00famero razo\u00e1vel seria de 4.900 livrarias. A ANL avalia que faltam incentivos para que mais livrarias sejam abertas e profissionaliza\u00e7\u00e3o para as j\u00e1 existentes. \u00a0<br \/> \u00a0<br \/> \u2013 O Brasil \u00e9 respons\u00e1vel por 50% da produ\u00e7\u00e3o de livros da Am\u00e9rica Latina. O ideal seria o funcionamento de no m\u00ednimo 10 mil livrarias para atender de maneira razo\u00e1vel \u00e0 popula\u00e7\u00e3o. No entanto, 89% dos munic\u00edpios brasileiros n\u00e3o t\u00eam livrarias. \u00c9 um quadro dram\u00e1tico que constrange aqueles que t\u00eam uma vis\u00e3o de na\u00e7\u00e3o \u2013 lamenta o senador Ti\u00e3o Viana (PT-AC). Segundo a pesquisa da CBL e do Snel, em 2007 foram comercializados mais de 329 milh\u00f5es de livros no pa\u00eds, gerando um faturamento que, pela primeira vez, rompeu a barreira dos R$ 3 bilh\u00f5es. Levantamento mais recente pode indicar que o setor obteve resultado melhor em 2008. Ouvidas pela ANL, as livrarias apostam que o setor pode ter crescido 10,46%. Se a crise n\u00e3o atrapalhar, esperam repetir o desempenho este ano.\u00a0<br \/> \u00a0<br \/>  \u2013 O aquecimento do setor deve-se ao aumento do poder aquisitivo do brasileiro e \u00e0s diversas campanhas e pol\u00edticas de difus\u00e3o do livro, muitas delas por iniciativas governamentais, que estimularam a leitura, principalmente a infanto-juvenil, segmento que mais cresceu. N\u00e3o podemos deixar de destacar, ainda, a desonera\u00e7\u00e3o do PIS\/ Confins, que ajudou a manter o pre\u00e7o m\u00e9dio do livro abaixo da infla\u00e7\u00e3o \u2013 avalia o presidente da ANL, Vitor Tavares. \u00a0<br \/> \u00a0<br \/> \u00a0<\/p>\n","protected":false},"excerpt":{"rendered":"<p>O mercado de livros do pa\u00eds vive um dilema: como escapar do c\u00edrculo vicioso em que os pontos-de-venda para os cerca de 2 mil t\u00edtulos lan\u00e7ados mensalmente pelas editoras v\u00eam diminuindo, o que conduz a tiragens cada vez menores \u2013 com exce\u00e7\u00e3o de poucos best-sellers \u2013, e, consequentemente, pre\u00e7os mais altos e menos leitores.\u00a0 \u00a0 [&hellip;]<\/p>\n","protected":false},"author":1,"featured_media":0,"comment_status":"closed","ping_status":"closed","sticky":false,"template":"","format":"standard","meta":{"footnotes":"","_links_to":"","_links_to_target":""},"categories":[9],"tags":[],"class_list":["post-2447","post","type-post","status-publish","format-standard","hentry","category-noticias-da-imprensa"],"yoast_head":"<!-- This site is optimized with the Yoast SEO plugin v15.1 - https:\/\/yoast.com\/wordpress\/plugins\/seo\/ -->\n<title>Mercado editorial sofre redu\u00e7\u00e3o de pontos-de-venda e de tiragens &raquo; Abrelivros<\/title>\n<meta name=\"robots\" content=\"index, follow, max-snippet:-1, max-image-preview:large, max-video-preview:-1\" \/>\n<link rel=\"canonical\" href=\"https:\/\/abrelivros.org.br\/site\/mercado-editorial-sofre-reducao-de-pontos-de-venda-e-de-tiragens\/\" \/>\n<meta property=\"og:locale\" content=\"pt_BR\" \/>\n<meta property=\"og:type\" content=\"article\" \/>\n<meta property=\"og:title\" content=\"Mercado editorial sofre redu\u00e7\u00e3o de pontos-de-venda e de tiragens &raquo; Abrelivros\" \/>\n<meta property=\"og:description\" content=\"O mercado de livros do pa\u00eds vive um dilema: como escapar do c\u00edrculo vicioso em que os pontos-de-venda para os cerca de 2 mil t\u00edtulos lan\u00e7ados mensalmente pelas editoras v\u00eam diminuindo, o que conduz a tiragens cada vez menores \u2013 com exce\u00e7\u00e3o de poucos best-sellers \u2013, e, consequentemente, pre\u00e7os mais altos e menos leitores.\u00a0 \u00a0 [&hellip;]\" \/>\n<meta property=\"og:url\" content=\"https:\/\/abrelivros.org.br\/site\/mercado-editorial-sofre-reducao-de-pontos-de-venda-e-de-tiragens\/\" \/>\n<meta property=\"og:site_name\" content=\"Abrelivros\" \/>\n<meta property=\"article:published_time\" content=\"2009-03-16T17:54:00+00:00\" \/>\n<meta name=\"twitter:card\" content=\"summary_large_image\" \/>\n<script type=\"application\/ld+json\" class=\"yoast-schema-graph\">{\"@context\":\"https:\/\/schema.org\",\"@graph\":[{\"@type\":\"WebSite\",\"@id\":\"https:\/\/abrelivros.org.br\/site\/#website\",\"url\":\"https:\/\/abrelivros.org.br\/site\/\",\"name\":\"Abrelivros\",\"description\":\"\",\"potentialAction\":[{\"@type\":\"SearchAction\",\"target\":\"https:\/\/abrelivros.org.br\/site\/?s={search_term_string}\",\"query-input\":\"required name=search_term_string\"}],\"inLanguage\":\"pt-BR\"},{\"@type\":\"WebPage\",\"@id\":\"https:\/\/abrelivros.org.br\/site\/mercado-editorial-sofre-reducao-de-pontos-de-venda-e-de-tiragens\/#webpage\",\"url\":\"https:\/\/abrelivros.org.br\/site\/mercado-editorial-sofre-reducao-de-pontos-de-venda-e-de-tiragens\/\",\"name\":\"Mercado editorial sofre redu\\u00e7\\u00e3o de pontos-de-venda e de tiragens &raquo; Abrelivros\",\"isPartOf\":{\"@id\":\"https:\/\/abrelivros.org.br\/site\/#website\"},\"datePublished\":\"2009-03-16T17:54:00+00:00\",\"dateModified\":\"2009-03-16T17:54:00+00:00\",\"author\":{\"@id\":\"https:\/\/abrelivros.org.br\/site\/#\/schema\/person\/2b867f13a717bb230f1a3555505f5593\"},\"breadcrumb\":{\"@id\":\"https:\/\/abrelivros.org.br\/site\/mercado-editorial-sofre-reducao-de-pontos-de-venda-e-de-tiragens\/#breadcrumb\"},\"inLanguage\":\"pt-BR\",\"potentialAction\":[{\"@type\":\"ReadAction\",\"target\":[\"https:\/\/abrelivros.org.br\/site\/mercado-editorial-sofre-reducao-de-pontos-de-venda-e-de-tiragens\/\"]}]},{\"@type\":\"BreadcrumbList\",\"@id\":\"https:\/\/abrelivros.org.br\/site\/mercado-editorial-sofre-reducao-de-pontos-de-venda-e-de-tiragens\/#breadcrumb\",\"itemListElement\":[{\"@type\":\"ListItem\",\"position\":1,\"item\":{\"@type\":\"WebPage\",\"@id\":\"https:\/\/abrelivros.org.br\/site\/\",\"url\":\"https:\/\/abrelivros.org.br\/site\/\",\"name\":\"In\\u00edcio\"}},{\"@type\":\"ListItem\",\"position\":2,\"item\":{\"@type\":\"WebPage\",\"@id\":\"https:\/\/abrelivros.org.br\/site\/category\/noticias\/\",\"url\":\"https:\/\/abrelivros.org.br\/site\/category\/noticias\/\",\"name\":\"Not\\u00edcias\"}},{\"@type\":\"ListItem\",\"position\":3,\"item\":{\"@type\":\"WebPage\",\"@id\":\"https:\/\/abrelivros.org.br\/site\/category\/noticias\/noticias-da-imprensa\/\",\"url\":\"https:\/\/abrelivros.org.br\/site\/category\/noticias\/noticias-da-imprensa\/\",\"name\":\"Not\\u00edcias da imprensa\"}},{\"@type\":\"ListItem\",\"position\":4,\"item\":{\"@type\":\"WebPage\",\"@id\":\"https:\/\/abrelivros.org.br\/site\/mercado-editorial-sofre-reducao-de-pontos-de-venda-e-de-tiragens\/\",\"url\":\"https:\/\/abrelivros.org.br\/site\/mercado-editorial-sofre-reducao-de-pontos-de-venda-e-de-tiragens\/\",\"name\":\"Mercado editorial sofre redu\\u00e7\\u00e3o de pontos-de-venda e de tiragens\"}}]},{\"@type\":\"Person\",\"@id\":\"https:\/\/abrelivros.org.br\/site\/#\/schema\/person\/2b867f13a717bb230f1a3555505f5593\",\"name\":\"\\u00a0\",\"image\":{\"@type\":\"ImageObject\",\"@id\":\"https:\/\/abrelivros.org.br\/site\/#personlogo\",\"inLanguage\":\"pt-BR\",\"url\":\"https:\/\/secure.gravatar.com\/avatar\/e80b7f5231be2fff5040a8023da424898002831c5439420df182ae62676d2a6f?s=96&d=mm&r=g\",\"caption\":\"\\u00a0\"}}]}<\/script>\n<!-- \/ Yoast SEO plugin. -->","_links":{"self":[{"href":"https:\/\/abrelivros.org.br\/site\/wp-json\/wp\/v2\/posts\/2447","targetHints":{"allow":["GET"]}}],"collection":[{"href":"https:\/\/abrelivros.org.br\/site\/wp-json\/wp\/v2\/posts"}],"about":[{"href":"https:\/\/abrelivros.org.br\/site\/wp-json\/wp\/v2\/types\/post"}],"author":[{"embeddable":true,"href":"https:\/\/abrelivros.org.br\/site\/wp-json\/wp\/v2\/users\/1"}],"replies":[{"embeddable":true,"href":"https:\/\/abrelivros.org.br\/site\/wp-json\/wp\/v2\/comments?post=2447"}],"version-history":[{"count":0,"href":"https:\/\/abrelivros.org.br\/site\/wp-json\/wp\/v2\/posts\/2447\/revisions"}],"wp:attachment":[{"href":"https:\/\/abrelivros.org.br\/site\/wp-json\/wp\/v2\/media?parent=2447"}],"wp:term":[{"taxonomy":"category","embeddable":true,"href":"https:\/\/abrelivros.org.br\/site\/wp-json\/wp\/v2\/categories?post=2447"},{"taxonomy":"post_tag","embeddable":true,"href":"https:\/\/abrelivros.org.br\/site\/wp-json\/wp\/v2\/tags?post=2447"}],"curies":[{"name":"wp","href":"https:\/\/api.w.org\/{rel}","templated":true}]}}