{"id":2443,"date":"2009-03-18T15:18:00","date_gmt":"2009-03-18T18:18:00","guid":{"rendered":"https:\/\/abrelivros.org.br\/site\/2009\/03\/18\/deputados-articulam-criacao-de-lei-de-responsabilidade-educacional\/"},"modified":"2009-03-18T15:18:00","modified_gmt":"2009-03-18T18:18:00","slug":"deputados-articulam-criacao-de-lei-de-responsabilidade-educacional","status":"publish","type":"post","link":"https:\/\/abrelivros.org.br\/site\/deputados-articulam-criacao-de-lei-de-responsabilidade-educacional\/","title":{"rendered":"Deputados articulam cria\u00e7\u00e3o de Lei de Responsabilidade Educacional"},"content":{"rendered":"<p>Deputados que integram a Comiss\u00e3o de Educa\u00e7\u00e3o e Cultura est\u00e3o se articulando para criar uma Lei de Responsabilidade Educacional. O tema ser\u00e1 abordado em reuni\u00e3o nesta quarta-feira (18) com o ministro da Educa\u00e7\u00e3o, Fernando Haddad. A inten\u00e7\u00e3o \u00e9 retomar uma iniciativa que poder\u00e1 repetir na educa\u00e7\u00e3o os ganhos na gest\u00e3o or\u00e7ament\u00e1ria obtidos com a Lei de Responsabilidade Fiscal.\u00a0<br \/> \u00a0<br \/> O objetivo da lei a ser criada \u00e9 garantir n\u00edveis m\u00ednimos de qualidade para a educa\u00e7\u00e3o b\u00e1sica brasileira, com puni\u00e7\u00f5es aos gestores que n\u00e3o conseguirem alcan\u00e7ar esses patamares. Tramitam, na C\u00e2mara, pelo menos seis projetos que podem ser enquadrados nesse prop\u00f3sito. \u00a0<br \/> \u00a0<br \/> O mais antigo \u00e9 o Projeto de Lei 7420\/06, da deputada Professora Raquel Teixeira (PSDB-GO), que determina que a educa\u00e7\u00e3o b\u00e1sica, em cada rede e sistema de ensino do Pa\u00eds, obede\u00e7a a crit\u00e9rios obrigat\u00f3rios de qualidade, entre os quais a jornada escolar universal em tempo integral, de pelo menos sete horas di\u00e1rias no ensino fundamental, e de cinco horas no ensino m\u00e9dio.\u00a0<br \/> \u00a0<br \/> A deputada de Goi\u00e1s, ali\u00e1s, assumiu, informalmente, a lideran\u00e7a do movimento pela nova regra cujo \u00e1pice foi o semin\u00e1rio internacional, organizado pela comiss\u00e3o em meados do ano passado, sobre \u00e9tica e responsabilidade na educa\u00e7\u00e3o. A proposta ganhou o apoio da Organiza\u00e7\u00e3o das Na\u00e7\u00f5es Unidas para a Educa\u00e7\u00e3o, Ci\u00eancia e Cultura (Unesco) &#8211; que ajudou a elaborar parte dos projetos em tramita\u00e7\u00e3o &#8211; e da organiza\u00e7\u00e3o Todos pela Educa\u00e7\u00e3o.\u00a0<br \/> \u00a0<br \/> \u201cDepois do semin\u00e1rio, o Minist\u00e9rio da Educa\u00e7\u00e3o [MEC] se comprometeu em elaborar uma proposta de governo sobre o assunto, mas, por causa das elei\u00e7\u00f5es de 2008, a negocia\u00e7\u00e3o entrou em banho-maria. Mas vamos retom\u00e1-la agora\u201c, declarou Raquel Teixeira. Segundo o MEC, o projeto est\u00e1 sendo elaborado, mas ainda n\u00e3o h\u00e1 consenso sobre suas bases. \u00a0<br \/> \u00a0<br \/><B> Metas\u00a0<br \/> \u00a0<br \/><\/B> Integrante da organiza\u00e7\u00e3o Todos pela Educa\u00e7\u00e3o, a deputada defende que as metas de uma eventual Lei de Responsabilidade Educacional sejam semelhantes \u00e0s do movimento civil que, em linhas gerais, s\u00e3o:\u00a0<br \/> &#8211; toda crian\u00e7a e jovem de 4 a 17 anos na escola;\u00a0<br \/> &#8211; toda crian\u00e7a plenamente alfabetizada at\u00e9 os 8 anos;\u00a0<br \/> &#8211; todo aluno com aprendizado adequado \u00e0 sua s\u00e9rie;\u00a0<br \/> &#8211; todo jovem com ensino m\u00e9dio conclu\u00eddo at\u00e9 os 19 anos; e\u00a0<br \/> &#8211; investimento em Educa\u00e7\u00e3o ampliado e bem gerido.\u00a0<br \/> \u00a0<br \/> A expectativa de Raquel Teixeira \u00e9 que a principal resist\u00eancia ao projeto seja dos munic\u00edpios, uma vez que a responsabilidade constitucional pela educa\u00e7\u00e3o b\u00e1sica \u00e9 deles, e as prefeituras ser\u00e3o os focos de cobran\u00e7as.\u00a0<br \/> \u00a0<br \/> O projeto da deputada determina, por exemplo, que o descumprimento das regras seja considerado crime de responsabilidade, infra\u00e7\u00e3o pol\u00edtico-administrativa e ato de improbidade administrativa. Al\u00e9m disso, levar\u00e1 \u00e0 suspens\u00e3o das transfer\u00eancias volunt\u00e1rias da Uni\u00e3o, relativas \u00e0 educa\u00e7\u00e3o, enquanto n\u00e3o forem superadas as irregularidades.\u00a0<br \/> \u00a0<br \/> A Confedera\u00e7\u00e3o Nacional dos Munic\u00edpios ainda n\u00e3o tem an\u00e1lise do impacto da lei na gest\u00e3o local, mas, para reduzir a resist\u00eancia, a deputada admite, por exemplo, dividir a responsabilidade pela gest\u00e3o da educa\u00e7\u00e3o b\u00e1sica entre munic\u00edpio e governo estadual ou Uni\u00e3o.\u00a0<br \/> \u00a0<\/p>\n","protected":false},"excerpt":{"rendered":"<p>Deputados que integram a Comiss\u00e3o de Educa\u00e7\u00e3o e Cultura est\u00e3o se articulando para criar uma Lei de Responsabilidade Educacional. O tema ser\u00e1 abordado em reuni\u00e3o nesta quarta-feira (18) com o ministro da Educa\u00e7\u00e3o, Fernando Haddad. A inten\u00e7\u00e3o \u00e9 retomar uma iniciativa que poder\u00e1 repetir na educa\u00e7\u00e3o os ganhos na gest\u00e3o or\u00e7ament\u00e1ria obtidos com a Lei [&hellip;]<\/p>\n","protected":false},"author":1,"featured_media":0,"comment_status":"closed","ping_status":"closed","sticky":false,"template":"","format":"standard","meta":{"footnotes":"","_links_to":"","_links_to_target":""},"categories":[9],"tags":[],"class_list":["post-2443","post","type-post","status-publish","format-standard","hentry","category-noticias-da-imprensa"],"yoast_head":"<!-- This site is optimized with the Yoast SEO plugin v15.1 - https:\/\/yoast.com\/wordpress\/plugins\/seo\/ -->\n<title>Deputados articulam cria\u00e7\u00e3o de Lei de Responsabilidade Educacional &raquo; Abrelivros<\/title>\n<meta name=\"robots\" content=\"index, follow, max-snippet:-1, max-image-preview:large, max-video-preview:-1\" \/>\n<link rel=\"canonical\" href=\"https:\/\/abrelivros.org.br\/site\/deputados-articulam-criacao-de-lei-de-responsabilidade-educacional\/\" \/>\n<meta property=\"og:locale\" content=\"pt_BR\" \/>\n<meta property=\"og:type\" content=\"article\" \/>\n<meta property=\"og:title\" content=\"Deputados articulam cria\u00e7\u00e3o de Lei de Responsabilidade Educacional &raquo; Abrelivros\" \/>\n<meta property=\"og:description\" content=\"Deputados que integram a Comiss\u00e3o de Educa\u00e7\u00e3o e Cultura est\u00e3o se articulando para criar uma Lei de Responsabilidade Educacional. O tema ser\u00e1 abordado em reuni\u00e3o nesta quarta-feira (18) com o ministro da Educa\u00e7\u00e3o, Fernando Haddad. A inten\u00e7\u00e3o \u00e9 retomar uma iniciativa que poder\u00e1 repetir na educa\u00e7\u00e3o os ganhos na gest\u00e3o or\u00e7ament\u00e1ria obtidos com a Lei [&hellip;]\" \/>\n<meta property=\"og:url\" content=\"https:\/\/abrelivros.org.br\/site\/deputados-articulam-criacao-de-lei-de-responsabilidade-educacional\/\" \/>\n<meta property=\"og:site_name\" content=\"Abrelivros\" \/>\n<meta property=\"article:published_time\" content=\"2009-03-18T18:18:00+00:00\" \/>\n<meta name=\"twitter:card\" content=\"summary_large_image\" \/>\n<script type=\"application\/ld+json\" class=\"yoast-schema-graph\">{\"@context\":\"https:\/\/schema.org\",\"@graph\":[{\"@type\":\"WebSite\",\"@id\":\"https:\/\/abrelivros.org.br\/site\/#website\",\"url\":\"https:\/\/abrelivros.org.br\/site\/\",\"name\":\"Abrelivros\",\"description\":\"\",\"potentialAction\":[{\"@type\":\"SearchAction\",\"target\":\"https:\/\/abrelivros.org.br\/site\/?s={search_term_string}\",\"query-input\":\"required name=search_term_string\"}],\"inLanguage\":\"pt-BR\"},{\"@type\":\"WebPage\",\"@id\":\"https:\/\/abrelivros.org.br\/site\/deputados-articulam-criacao-de-lei-de-responsabilidade-educacional\/#webpage\",\"url\":\"https:\/\/abrelivros.org.br\/site\/deputados-articulam-criacao-de-lei-de-responsabilidade-educacional\/\",\"name\":\"Deputados articulam cria\\u00e7\\u00e3o de Lei de Responsabilidade Educacional &raquo; Abrelivros\",\"isPartOf\":{\"@id\":\"https:\/\/abrelivros.org.br\/site\/#website\"},\"datePublished\":\"2009-03-18T18:18:00+00:00\",\"dateModified\":\"2009-03-18T18:18:00+00:00\",\"author\":{\"@id\":\"https:\/\/abrelivros.org.br\/site\/#\/schema\/person\/2b867f13a717bb230f1a3555505f5593\"},\"breadcrumb\":{\"@id\":\"https:\/\/abrelivros.org.br\/site\/deputados-articulam-criacao-de-lei-de-responsabilidade-educacional\/#breadcrumb\"},\"inLanguage\":\"pt-BR\",\"potentialAction\":[{\"@type\":\"ReadAction\",\"target\":[\"https:\/\/abrelivros.org.br\/site\/deputados-articulam-criacao-de-lei-de-responsabilidade-educacional\/\"]}]},{\"@type\":\"BreadcrumbList\",\"@id\":\"https:\/\/abrelivros.org.br\/site\/deputados-articulam-criacao-de-lei-de-responsabilidade-educacional\/#breadcrumb\",\"itemListElement\":[{\"@type\":\"ListItem\",\"position\":1,\"item\":{\"@type\":\"WebPage\",\"@id\":\"https:\/\/abrelivros.org.br\/site\/\",\"url\":\"https:\/\/abrelivros.org.br\/site\/\",\"name\":\"In\\u00edcio\"}},{\"@type\":\"ListItem\",\"position\":2,\"item\":{\"@type\":\"WebPage\",\"@id\":\"https:\/\/abrelivros.org.br\/site\/category\/noticias\/\",\"url\":\"https:\/\/abrelivros.org.br\/site\/category\/noticias\/\",\"name\":\"Not\\u00edcias\"}},{\"@type\":\"ListItem\",\"position\":3,\"item\":{\"@type\":\"WebPage\",\"@id\":\"https:\/\/abrelivros.org.br\/site\/category\/noticias\/noticias-da-imprensa\/\",\"url\":\"https:\/\/abrelivros.org.br\/site\/category\/noticias\/noticias-da-imprensa\/\",\"name\":\"Not\\u00edcias da imprensa\"}},{\"@type\":\"ListItem\",\"position\":4,\"item\":{\"@type\":\"WebPage\",\"@id\":\"https:\/\/abrelivros.org.br\/site\/deputados-articulam-criacao-de-lei-de-responsabilidade-educacional\/\",\"url\":\"https:\/\/abrelivros.org.br\/site\/deputados-articulam-criacao-de-lei-de-responsabilidade-educacional\/\",\"name\":\"Deputados articulam cria\\u00e7\\u00e3o de Lei de Responsabilidade Educacional\"}}]},{\"@type\":\"Person\",\"@id\":\"https:\/\/abrelivros.org.br\/site\/#\/schema\/person\/2b867f13a717bb230f1a3555505f5593\",\"name\":\"\\u00a0\",\"image\":{\"@type\":\"ImageObject\",\"@id\":\"https:\/\/abrelivros.org.br\/site\/#personlogo\",\"inLanguage\":\"pt-BR\",\"url\":\"https:\/\/secure.gravatar.com\/avatar\/e80b7f5231be2fff5040a8023da424898002831c5439420df182ae62676d2a6f?s=96&d=mm&r=g\",\"caption\":\"\\u00a0\"}}]}<\/script>\n<!-- \/ Yoast SEO plugin. -->","_links":{"self":[{"href":"https:\/\/abrelivros.org.br\/site\/wp-json\/wp\/v2\/posts\/2443","targetHints":{"allow":["GET"]}}],"collection":[{"href":"https:\/\/abrelivros.org.br\/site\/wp-json\/wp\/v2\/posts"}],"about":[{"href":"https:\/\/abrelivros.org.br\/site\/wp-json\/wp\/v2\/types\/post"}],"author":[{"embeddable":true,"href":"https:\/\/abrelivros.org.br\/site\/wp-json\/wp\/v2\/users\/1"}],"replies":[{"embeddable":true,"href":"https:\/\/abrelivros.org.br\/site\/wp-json\/wp\/v2\/comments?post=2443"}],"version-history":[{"count":0,"href":"https:\/\/abrelivros.org.br\/site\/wp-json\/wp\/v2\/posts\/2443\/revisions"}],"wp:attachment":[{"href":"https:\/\/abrelivros.org.br\/site\/wp-json\/wp\/v2\/media?parent=2443"}],"wp:term":[{"taxonomy":"category","embeddable":true,"href":"https:\/\/abrelivros.org.br\/site\/wp-json\/wp\/v2\/categories?post=2443"},{"taxonomy":"post_tag","embeddable":true,"href":"https:\/\/abrelivros.org.br\/site\/wp-json\/wp\/v2\/tags?post=2443"}],"curies":[{"name":"wp","href":"https:\/\/api.w.org\/{rel}","templated":true}]}}