{"id":2442,"date":"2009-03-18T15:20:00","date_gmt":"2009-03-18T18:20:00","guid":{"rendered":"https:\/\/abrelivros.org.br\/site\/2009\/03\/18\/para-populacao-professores-desmotivados-e-mal-pagos-sao-principal-problema-da-educacao\/"},"modified":"2009-03-18T15:20:00","modified_gmt":"2009-03-18T18:20:00","slug":"para-populacao-professores-desmotivados-e-mal-pagos-sao-principal-problema-da-educacao","status":"publish","type":"post","link":"https:\/\/abrelivros.org.br\/site\/para-populacao-professores-desmotivados-e-mal-pagos-sao-principal-problema-da-educacao\/","title":{"rendered":"Para popula\u00e7\u00e3o, professores desmotivados e mal pagos s\u00e3o principal problema da educa\u00e7\u00e3o"},"content":{"rendered":"<p>Para a maioria dos brasileiros, a educa\u00e7\u00e3o no Brasil est\u00e1 melhorando, mas ainda de forma lenta e a raiz para os principais problemas do ensino p\u00fablico est\u00e1 em professores desmotivados e mal pagos. \u00c9 o que aponta uma pesquisa divulgada hoje (16) pelo Instituto Ibope e o Movimento Todos Pela Educa\u00e7\u00e3o.\u00a0<br \/> \u00a0<br \/> Para quase 70% dos mais de 2 mil entrevistados, o ensino p\u00fablico no Brasil \u00e9 bom (34%) ou regular (35%). Outros 13% acham que a educa\u00e7\u00e3o na rede p\u00fablica est\u00e1 p\u00e9ssima e 7% a consideram \u00f3tima.\u00a0<br \/> \u00a0<br \/> O estudo revela ainda que a popula\u00e7\u00e3o atribui grande peso aos professores no processo educacional. Professores desmotivados e mal pagos foram o item mais votado como principal problema da educa\u00e7\u00e3o no Brasil, apontado por 19% dos entrevistados.\u00a0<br \/> \u00a0<br \/> Os docentes est\u00e3o em tr\u00eas das cinco respostas mais citadas como defici\u00eancias centrais do ensino. Al\u00e9m de acreditar que os profissionais s\u00e3o mal remunerados, para 12% dos entrevistados faltam professores nas escolas e 11% acreditam que eles s\u00e3o desqualificados.\u00a0<br \/> \u00a0<br \/> Quase metade dos participantes da pesquisa aposta em uma boa remunera\u00e7\u00e3o salarial como o principal fator de motiva\u00e7\u00e3o do trabalho do professor. Verificar que seus alunos est\u00e3o aprendendo foi citado como o segundo fator que mais motiva o exerc\u00edcio da profiss\u00e3o. Apenas 7% acredita que a motiva\u00e7\u00e3o esteja ligada a bons recursos did\u00e1ticos e 4% aposta no trabalho das secretarias de educa\u00e7\u00e3o como fator decisivo no processo.\u00a0<br \/> \u00a0<br \/> Al\u00e9m de apontar o professor como pe\u00e7a-chave no processo educacional, o estudo revela que a popula\u00e7\u00e3o est\u00e1 preocupada com a viol\u00eancia nas escolas. A falta de seguran\u00e7a e a presen\u00e7a das drogas no ambiente escolar aparece como o segundo principal motivo para a m\u00e1 qualidade do ensino, apontado por 17% dos ouvidos na pesquisa.\u00a0<br \/> \u00a0<br \/> \u00a0<br \/> \u00a0<br \/><B> Sociedade est\u00e1 mais consciente do papel do professor, acreditam especialistas\u00a0<br \/><\/B> Ag\u00eancia Brasil &#8211; Amanda Cieglinski \u00a0<br \/> \u00a0<br \/> Pesquisa divulgada nesta segunda (16) mostra que a desvaloriza\u00e7\u00e3o do professor \u00e9 o principal problema do ensino p\u00fablico no pa\u00eds na opini\u00e3o da popula\u00e7\u00e3o. Para a secret\u00e1ria da CNTE (Confedera\u00e7\u00e3o Nacional dos Trabalhadores em Educa\u00e7\u00e3o), Ju\u00e7ara Vieira, o intenso debate sobre a lei que estabeleceu o piso nacional de R$ 950 para o magist\u00e9rio, no ano passado, trouxe o professor para o foco do processo educacional.\u00a0<br \/> \u00a0<br \/> \u201cA sociedade est\u00e1 percebendo que, embora muitos fatores interajam na educa\u00e7\u00e3o, a figura do professor continua sendo central porque ele \u00e9 o organizador das atividades educativas e o catalizador da energia intelectual do aluno para que ele consiga aprender. Ela [sociedade] percebe que um trabalho que tem esse alcance social deveria ter uma remunera\u00e7\u00e3o adequada\u201c, avalia Ju\u00e7ara.\u00a0<br \/> \u00a0<br \/> Apesar de ter sido aprovada pelo Congresso Nacional, a lei que estabelece o piso nacional para a categoria est\u00e1 sendo questionada por governadores no STF (Supremo Tribunal Federal). Na avalia\u00e7\u00e3o de Mozart Neves, presidente do Movimento Todos pela Educa\u00e7\u00e3o, entidade respons\u00e1vel pela pesquisa, R$ 950 n\u00e3o \u00e9 \u201cnada extraordin\u00e1rio\u201c.\u00a0<br \/> \u00a0<br \/> \u201cO sal\u00e1rio inicial de alguns profissionais, como advogados e engenheiros, s\u00e3o valores bem mais importantes do que o que um professor ganha hoje na rede p\u00fablica. Os pa\u00edses que est\u00e3o no topo da educa\u00e7\u00e3o mundial d\u00e3o um sal\u00e1rio inicial extremamente atraente para trazer os melhores alunos para a profiss\u00e3o\u201c, aponta.\u00a0<br \/> \u00a0<br \/> Mozart acredita que, al\u00e9m de sal\u00e1rios mais altos para atrair jovens talentos para o magist\u00e9rio, a equa\u00e7\u00e3o se completa com uma forma\u00e7\u00e3o adequada aos professores. \u201cO grande desafio passa por um esfor\u00e7o do ensino superior para uma forma\u00e7\u00e3o dos nossos professores que seja adequada \u00e0 realidade\u201c, avalia. \u00a0<br \/> \u00a0<\/p>\n<p><\/p>\n","protected":false},"excerpt":{"rendered":"<p>Para a maioria dos brasileiros, a educa\u00e7\u00e3o no Brasil est\u00e1 melhorando, mas ainda de forma lenta e a raiz para os principais problemas do ensino p\u00fablico est\u00e1 em professores desmotivados e mal pagos. \u00c9 o que aponta uma pesquisa divulgada hoje (16) pelo Instituto Ibope e o Movimento Todos Pela Educa\u00e7\u00e3o.\u00a0 \u00a0 Para quase 70% [&hellip;]<\/p>\n","protected":false},"author":1,"featured_media":0,"comment_status":"closed","ping_status":"closed","sticky":false,"template":"","format":"standard","meta":{"footnotes":"","_links_to":"","_links_to_target":""},"categories":[9],"tags":[],"class_list":["post-2442","post","type-post","status-publish","format-standard","hentry","category-noticias-da-imprensa"],"yoast_head":"<!-- This site is optimized with the Yoast SEO plugin v15.1 - https:\/\/yoast.com\/wordpress\/plugins\/seo\/ -->\n<title>Para popula\u00e7\u00e3o, professores desmotivados e mal pagos s\u00e3o principal problema da educa\u00e7\u00e3o &raquo; Abrelivros<\/title>\n<meta name=\"robots\" content=\"index, follow, max-snippet:-1, max-image-preview:large, max-video-preview:-1\" \/>\n<link rel=\"canonical\" href=\"https:\/\/abrelivros.org.br\/site\/para-populacao-professores-desmotivados-e-mal-pagos-sao-principal-problema-da-educacao\/\" \/>\n<meta property=\"og:locale\" content=\"pt_BR\" \/>\n<meta property=\"og:type\" content=\"article\" \/>\n<meta property=\"og:title\" content=\"Para popula\u00e7\u00e3o, professores desmotivados e mal pagos s\u00e3o principal problema da educa\u00e7\u00e3o &raquo; Abrelivros\" \/>\n<meta property=\"og:description\" content=\"Para a maioria dos brasileiros, a educa\u00e7\u00e3o no Brasil est\u00e1 melhorando, mas ainda de forma lenta e a raiz para os principais problemas do ensino p\u00fablico est\u00e1 em professores desmotivados e mal pagos. \u00c9 o que aponta uma pesquisa divulgada hoje (16) pelo Instituto Ibope e o Movimento Todos Pela Educa\u00e7\u00e3o.\u00a0 \u00a0 Para quase 70% [&hellip;]\" \/>\n<meta property=\"og:url\" content=\"https:\/\/abrelivros.org.br\/site\/para-populacao-professores-desmotivados-e-mal-pagos-sao-principal-problema-da-educacao\/\" \/>\n<meta property=\"og:site_name\" content=\"Abrelivros\" \/>\n<meta property=\"article:published_time\" content=\"2009-03-18T18:20:00+00:00\" \/>\n<meta name=\"twitter:card\" content=\"summary_large_image\" \/>\n<script type=\"application\/ld+json\" class=\"yoast-schema-graph\">{\"@context\":\"https:\/\/schema.org\",\"@graph\":[{\"@type\":\"WebSite\",\"@id\":\"https:\/\/abrelivros.org.br\/site\/#website\",\"url\":\"https:\/\/abrelivros.org.br\/site\/\",\"name\":\"Abrelivros\",\"description\":\"\",\"potentialAction\":[{\"@type\":\"SearchAction\",\"target\":\"https:\/\/abrelivros.org.br\/site\/?s={search_term_string}\",\"query-input\":\"required name=search_term_string\"}],\"inLanguage\":\"pt-BR\"},{\"@type\":\"WebPage\",\"@id\":\"https:\/\/abrelivros.org.br\/site\/para-populacao-professores-desmotivados-e-mal-pagos-sao-principal-problema-da-educacao\/#webpage\",\"url\":\"https:\/\/abrelivros.org.br\/site\/para-populacao-professores-desmotivados-e-mal-pagos-sao-principal-problema-da-educacao\/\",\"name\":\"Para popula\\u00e7\\u00e3o, professores desmotivados e mal pagos s\\u00e3o principal problema da educa\\u00e7\\u00e3o &raquo; Abrelivros\",\"isPartOf\":{\"@id\":\"https:\/\/abrelivros.org.br\/site\/#website\"},\"datePublished\":\"2009-03-18T18:20:00+00:00\",\"dateModified\":\"2009-03-18T18:20:00+00:00\",\"author\":{\"@id\":\"https:\/\/abrelivros.org.br\/site\/#\/schema\/person\/2b867f13a717bb230f1a3555505f5593\"},\"breadcrumb\":{\"@id\":\"https:\/\/abrelivros.org.br\/site\/para-populacao-professores-desmotivados-e-mal-pagos-sao-principal-problema-da-educacao\/#breadcrumb\"},\"inLanguage\":\"pt-BR\",\"potentialAction\":[{\"@type\":\"ReadAction\",\"target\":[\"https:\/\/abrelivros.org.br\/site\/para-populacao-professores-desmotivados-e-mal-pagos-sao-principal-problema-da-educacao\/\"]}]},{\"@type\":\"BreadcrumbList\",\"@id\":\"https:\/\/abrelivros.org.br\/site\/para-populacao-professores-desmotivados-e-mal-pagos-sao-principal-problema-da-educacao\/#breadcrumb\",\"itemListElement\":[{\"@type\":\"ListItem\",\"position\":1,\"item\":{\"@type\":\"WebPage\",\"@id\":\"https:\/\/abrelivros.org.br\/site\/\",\"url\":\"https:\/\/abrelivros.org.br\/site\/\",\"name\":\"In\\u00edcio\"}},{\"@type\":\"ListItem\",\"position\":2,\"item\":{\"@type\":\"WebPage\",\"@id\":\"https:\/\/abrelivros.org.br\/site\/category\/noticias\/\",\"url\":\"https:\/\/abrelivros.org.br\/site\/category\/noticias\/\",\"name\":\"Not\\u00edcias\"}},{\"@type\":\"ListItem\",\"position\":3,\"item\":{\"@type\":\"WebPage\",\"@id\":\"https:\/\/abrelivros.org.br\/site\/category\/noticias\/noticias-da-imprensa\/\",\"url\":\"https:\/\/abrelivros.org.br\/site\/category\/noticias\/noticias-da-imprensa\/\",\"name\":\"Not\\u00edcias da imprensa\"}},{\"@type\":\"ListItem\",\"position\":4,\"item\":{\"@type\":\"WebPage\",\"@id\":\"https:\/\/abrelivros.org.br\/site\/para-populacao-professores-desmotivados-e-mal-pagos-sao-principal-problema-da-educacao\/\",\"url\":\"https:\/\/abrelivros.org.br\/site\/para-populacao-professores-desmotivados-e-mal-pagos-sao-principal-problema-da-educacao\/\",\"name\":\"Para popula\\u00e7\\u00e3o, professores desmotivados e mal pagos s\\u00e3o principal problema da educa\\u00e7\\u00e3o\"}}]},{\"@type\":\"Person\",\"@id\":\"https:\/\/abrelivros.org.br\/site\/#\/schema\/person\/2b867f13a717bb230f1a3555505f5593\",\"name\":\"\\u00a0\",\"image\":{\"@type\":\"ImageObject\",\"@id\":\"https:\/\/abrelivros.org.br\/site\/#personlogo\",\"inLanguage\":\"pt-BR\",\"url\":\"https:\/\/secure.gravatar.com\/avatar\/e80b7f5231be2fff5040a8023da424898002831c5439420df182ae62676d2a6f?s=96&d=mm&r=g\",\"caption\":\"\\u00a0\"}}]}<\/script>\n<!-- \/ Yoast SEO plugin. -->","_links":{"self":[{"href":"https:\/\/abrelivros.org.br\/site\/wp-json\/wp\/v2\/posts\/2442","targetHints":{"allow":["GET"]}}],"collection":[{"href":"https:\/\/abrelivros.org.br\/site\/wp-json\/wp\/v2\/posts"}],"about":[{"href":"https:\/\/abrelivros.org.br\/site\/wp-json\/wp\/v2\/types\/post"}],"author":[{"embeddable":true,"href":"https:\/\/abrelivros.org.br\/site\/wp-json\/wp\/v2\/users\/1"}],"replies":[{"embeddable":true,"href":"https:\/\/abrelivros.org.br\/site\/wp-json\/wp\/v2\/comments?post=2442"}],"version-history":[{"count":0,"href":"https:\/\/abrelivros.org.br\/site\/wp-json\/wp\/v2\/posts\/2442\/revisions"}],"wp:attachment":[{"href":"https:\/\/abrelivros.org.br\/site\/wp-json\/wp\/v2\/media?parent=2442"}],"wp:term":[{"taxonomy":"category","embeddable":true,"href":"https:\/\/abrelivros.org.br\/site\/wp-json\/wp\/v2\/categories?post=2442"},{"taxonomy":"post_tag","embeddable":true,"href":"https:\/\/abrelivros.org.br\/site\/wp-json\/wp\/v2\/tags?post=2442"}],"curies":[{"name":"wp","href":"https:\/\/api.w.org\/{rel}","templated":true}]}}