{"id":2441,"date":"2009-03-18T15:37:00","date_gmt":"2009-03-18T18:37:00","guid":{"rendered":"https:\/\/abrelivros.org.br\/site\/2009\/03\/18\/serra-critica-secretaria-apos-distribuicao-de-livros-de-geografia-com-dois-paraguais\/"},"modified":"2009-03-18T15:37:00","modified_gmt":"2009-03-18T18:37:00","slug":"serra-critica-secretaria-apos-distribuicao-de-livros-de-geografia-com-dois-paraguais","status":"publish","type":"post","link":"https:\/\/abrelivros.org.br\/site\/serra-critica-secretaria-apos-distribuicao-de-livros-de-geografia-com-dois-paraguais\/","title":{"rendered":"Serra critica secretaria ap\u00f3s distribui\u00e7\u00e3o de livros de geografia com dois Paraguais"},"content":{"rendered":"<p>O governador de S\u00e3o Paulo, Jos\u00e9 Serra (PSDB), criticou a Secretaria de Estado da Educa\u00e7\u00e3o por ter distribu\u00eddo livros de geografia para alunos da 6\u00aa s\u00e9rie do ensino fundamental com erros em mapas. No livro, que leva o nome de \u201cCaderno do Aluno\u201c, o Paraguai aparece duas vezes no mapa da Am\u00e9rica do Sul e a localiza\u00e7\u00e3o do Uruguai est\u00e1 invertida com o Paraguai. O erro tamb\u00e9m acontece no livro do professor. \u00a0<br \/> \u00a0<br \/> \u201cIsso n\u00e3o \u00e9 um erro que algu\u00e9m possa ignorar. Ningu\u00e9m acha que tem dois Paraguais. Acho que houve algum problema de impress\u00e3o, mas acho que secretaria deveria revisar os materiais\u201c, afirmou o governador. \u00a0<br \/> \u00a0<br \/> Outra incorre\u00e7\u00e3o \u00e9 a n\u00e3o-inclus\u00e3o do Equador no mapa \u201cFronteiras Perme\u00e1veis\u201c. Sem isso, o aluno n\u00e3o tem informa\u00e7\u00e3o para responder \u00e0 seguinte quest\u00e3o, na p\u00e1gina ao lado do livro: \u201cQuais s\u00e3o os pa\u00edses sul-americanos que n\u00e3o fazem fronteira com o Brasil?\u201c \u00a0<br \/> \u00a0<br \/> Nesta ter\u00e7a-feira, a pasta determinou o recolhimento dos 500 mil livros com erros distribu\u00eddos para alunos da sexta s\u00e9rie do ensino fundamental. \u00a0<br \/> \u00a0<br \/> \u201cN\u00e3o \u00e9 um erro grave, mas \u00e9 um erro. Material [escolar] n\u00e3o pode estar errado, n\u00e3o pode ter erros desse tipo\u201c, disse Serra. \u00a0<br \/> \u00a0<br \/> A pasta do governo de Jos\u00e9 Serra (PSDB) determinou que a Funda\u00e7\u00e3o Vanzolini, respons\u00e1vel pela edi\u00e7\u00e3o do material did\u00e1tico, fa\u00e7a a troca dos livros com erros. A funda\u00e7\u00e3o ir\u00e1 arcar com todos os gastos desta troca, incluindo impress\u00e3o e distribui\u00e7\u00e3o. \u00a0<br \/> \u00a0<br \/> O material come\u00e7ou a ser distribu\u00eddo na rede, mas n\u00e3o h\u00e1 informa\u00e7\u00e3o se j\u00e1 chegou a a todas as escolas do Estado. De acordo com a secretaria, o \u201cCaderno do Aluno\u201c \u00e9 um material complementar que n\u00e3o substitui o material did\u00e1tico. Ele \u00e9 utilizado em conjunto com os materiais destinados aos professores. \u00a0<br \/> \u00a0<br \/> A corre\u00e7\u00e3o foi disponibilizada na semana passada para os professores estaduais no site da secretaria (<a href=\"http:\/\/www.educacao.sp.gov.br\/\" target=\"_blank\" rel=\"noopener noreferrer\">www.educacao.sp.gov.br<\/a>) ou tamb\u00e9m no <a href=\"http:\/\/www.rededosaber.sp.gov.br\/contents\/SIGS-CURSO\/sigscFront\/default.aspx?SITE_ID=25&#038;SECAO_ID=447\" target=\"_blank\" rel=\"noopener noreferrer\">www.saopaulofazescola.sp.gov.br<\/a>. Estudantes e professores foram informados da corre\u00e7\u00e3o nas p\u00e1ginas do governo na semana passada. \u00a0<br \/> \u00a0<br \/> \u00a0<br \/> \u00a0<br \/> \u00a0<br \/><B> Livro da rede estadual paulista com dois Paraguais \u00e9 destaque na imprensa da Am\u00e9rica do Sul\u00a0<br \/><\/B> Folha de S\u00e3o Paulo &#8211; Ana Okada\u00a0<br \/> \u00a0<br \/> Os livros de geografia com erros distribu\u00eddos pela Secretaria da Educa\u00e7\u00e3o do Estado de S\u00e3o Paulo foram not\u00edcia tamb\u00e9m em diversos ve\u00edculos de comunica\u00e7\u00e3o internacionais na \u00faltima ter\u00e7a e nesta quarta-feira (18).\u00a0<br \/> \u00a0<br \/> Reportagem da Folha de S.Paulo de ontem (17) mostrava que os livros, voltados a alunos da sexta s\u00e9rie do ensino fundamental, traziam duas vezes o Paraguai no mapa da Am\u00e9rica do Sul, invertiam a localiza\u00e7\u00e3o do Uruguai e do Paraguai e omitiam o Equador.\u00a0<br \/> \u00a0<br \/> No editorial de hoje do jornal La Nacion, do Chile, o texto intitulado \u201cJeografya vrazile\u00f1a\u201c foi redigido em tom de ironia. Segundo o artigo, os autores do livro did\u00e1tico \u201cdecidiram refazer o trabalho de Sim\u00f3n Bolivar e renovaram os limites atuais da Am\u00e9rica do Sul\u201c. Para eles, \u201cmais do que publicar errata, a secretaria deveria aclarar os erros grosseiros contidos em texto escolar, distribu\u00eddo de forma gratuita na rede p\u00fablica de col\u00e9gios paulistanos\u201c (em tradu\u00e7\u00e3o livre).\u00a0<br \/> \u00a0<br \/> J\u00e1 na reportagem do jornal Clar\u00edn, da Argentina, \u00e9 destacado o papel cr\u00edtico da imprensa brasileira, dos professores e dos alunos: \u201cforam eles que apontaram o erro que, numa situa\u00e7\u00e3o de conflito entre fronteiras, poderia provocar rupturas diplom\u00e1ticas\u201c.\u00a0<br \/> \u00a0<br \/> O texto fala ainda da import\u00e2ncia do caso ter ocorrido na rede p\u00fablica de S\u00e3o Paulo, que \u00e9 \u201co estado mais rico e povoado do Brasil; com uma institui\u00e7\u00e3o de primeir\u00edssima linha como a USP (Universidade de S\u00e3o Paulo) e governado por Jos\u00e9 Serra, l\u00edder do PSDB e pr\u00e9-candidato a presid\u00eancia em 2010\u201c (em tradu\u00e7\u00e3o livre).\u00a0<br \/> \u00a0<br \/> O erro dos livros tamb\u00e9m teve repercuss\u00e3o nos Estados Unidos (Yahoo News, AOL News), Inglaterra (The Guardian) e at\u00e9 em Taiwan (Taiwan News).\u00a0<br \/> \u00a0<br \/><B> Provid\u00eancias\u00a0<br \/><\/B> Ontem foi determinado o recolhimento de 500 mil exemplares da publica\u00e7\u00e3o que j\u00e1 haviam sido distribu\u00eddos. O \u201cCaderno do Aluno\u201c \u00e9 um complemento ao livro did\u00e1tico. N\u00e3o h\u00e1 informa\u00e7\u00e3o se a publica\u00e7\u00e3o j\u00e1 havia chegado a todas as escolas do Estado.\u00a0<br \/> \u00a0<br \/> \u201cN\u00e3o \u00e9 um erro grave, mas \u00e9 um erro. Material [escolar] n\u00e3o pode estar errado, n\u00e3o pode ter erros desse tipo\u201c, disse o governador Jos\u00e9 Serra.\u00a0<br \/> \u00a0<br \/> A pasta do governo determinou que a Funda\u00e7\u00e3o Vanzolini, respons\u00e1vel pela edi\u00e7\u00e3o do material did\u00e1tico, fa\u00e7a a troca dos livros com erros. A funda\u00e7\u00e3o ir\u00e1 arcar com todos os gastos desta troca, incluindo impress\u00e3o e distribui\u00e7\u00e3o. \u00a0<br \/> \u00a0<\/p>\n","protected":false},"excerpt":{"rendered":"<p>O governador de S\u00e3o Paulo, Jos\u00e9 Serra (PSDB), criticou a Secretaria de Estado da Educa\u00e7\u00e3o por ter distribu\u00eddo livros de geografia para alunos da 6\u00aa s\u00e9rie do ensino fundamental com erros em mapas. No livro, que leva o nome de \u201cCaderno do Aluno\u201c, o Paraguai aparece duas vezes no mapa da Am\u00e9rica do Sul e [&hellip;]<\/p>\n","protected":false},"author":1,"featured_media":0,"comment_status":"closed","ping_status":"closed","sticky":false,"template":"","format":"standard","meta":{"footnotes":"","_links_to":"","_links_to_target":""},"categories":[9],"tags":[],"class_list":["post-2441","post","type-post","status-publish","format-standard","hentry","category-noticias-da-imprensa"],"yoast_head":"<!-- This site is optimized with the Yoast SEO plugin v15.1 - https:\/\/yoast.com\/wordpress\/plugins\/seo\/ -->\n<title>Serra critica secretaria ap\u00f3s distribui\u00e7\u00e3o de livros de geografia com dois Paraguais &raquo; Abrelivros<\/title>\n<meta name=\"robots\" content=\"index, follow, max-snippet:-1, max-image-preview:large, max-video-preview:-1\" \/>\n<link rel=\"canonical\" href=\"https:\/\/abrelivros.org.br\/site\/serra-critica-secretaria-apos-distribuicao-de-livros-de-geografia-com-dois-paraguais\/\" \/>\n<meta property=\"og:locale\" content=\"pt_BR\" \/>\n<meta property=\"og:type\" content=\"article\" \/>\n<meta property=\"og:title\" content=\"Serra critica secretaria ap\u00f3s distribui\u00e7\u00e3o de livros de geografia com dois Paraguais &raquo; Abrelivros\" \/>\n<meta property=\"og:description\" content=\"O governador de S\u00e3o Paulo, Jos\u00e9 Serra (PSDB), criticou a Secretaria de Estado da Educa\u00e7\u00e3o por ter distribu\u00eddo livros de geografia para alunos da 6\u00aa s\u00e9rie do ensino fundamental com erros em mapas. No livro, que leva o nome de \u201cCaderno do Aluno\u201c, o Paraguai aparece duas vezes no mapa da Am\u00e9rica do Sul e [&hellip;]\" \/>\n<meta property=\"og:url\" content=\"https:\/\/abrelivros.org.br\/site\/serra-critica-secretaria-apos-distribuicao-de-livros-de-geografia-com-dois-paraguais\/\" \/>\n<meta property=\"og:site_name\" content=\"Abrelivros\" \/>\n<meta property=\"article:published_time\" content=\"2009-03-18T18:37:00+00:00\" \/>\n<meta name=\"twitter:card\" content=\"summary_large_image\" \/>\n<script type=\"application\/ld+json\" class=\"yoast-schema-graph\">{\"@context\":\"https:\/\/schema.org\",\"@graph\":[{\"@type\":\"WebSite\",\"@id\":\"https:\/\/abrelivros.org.br\/site\/#website\",\"url\":\"https:\/\/abrelivros.org.br\/site\/\",\"name\":\"Abrelivros\",\"description\":\"\",\"potentialAction\":[{\"@type\":\"SearchAction\",\"target\":\"https:\/\/abrelivros.org.br\/site\/?s={search_term_string}\",\"query-input\":\"required name=search_term_string\"}],\"inLanguage\":\"pt-BR\"},{\"@type\":\"WebPage\",\"@id\":\"https:\/\/abrelivros.org.br\/site\/serra-critica-secretaria-apos-distribuicao-de-livros-de-geografia-com-dois-paraguais\/#webpage\",\"url\":\"https:\/\/abrelivros.org.br\/site\/serra-critica-secretaria-apos-distribuicao-de-livros-de-geografia-com-dois-paraguais\/\",\"name\":\"Serra critica secretaria ap\\u00f3s distribui\\u00e7\\u00e3o de livros de geografia com dois Paraguais &raquo; Abrelivros\",\"isPartOf\":{\"@id\":\"https:\/\/abrelivros.org.br\/site\/#website\"},\"datePublished\":\"2009-03-18T18:37:00+00:00\",\"dateModified\":\"2009-03-18T18:37:00+00:00\",\"author\":{\"@id\":\"https:\/\/abrelivros.org.br\/site\/#\/schema\/person\/2b867f13a717bb230f1a3555505f5593\"},\"breadcrumb\":{\"@id\":\"https:\/\/abrelivros.org.br\/site\/serra-critica-secretaria-apos-distribuicao-de-livros-de-geografia-com-dois-paraguais\/#breadcrumb\"},\"inLanguage\":\"pt-BR\",\"potentialAction\":[{\"@type\":\"ReadAction\",\"target\":[\"https:\/\/abrelivros.org.br\/site\/serra-critica-secretaria-apos-distribuicao-de-livros-de-geografia-com-dois-paraguais\/\"]}]},{\"@type\":\"BreadcrumbList\",\"@id\":\"https:\/\/abrelivros.org.br\/site\/serra-critica-secretaria-apos-distribuicao-de-livros-de-geografia-com-dois-paraguais\/#breadcrumb\",\"itemListElement\":[{\"@type\":\"ListItem\",\"position\":1,\"item\":{\"@type\":\"WebPage\",\"@id\":\"https:\/\/abrelivros.org.br\/site\/\",\"url\":\"https:\/\/abrelivros.org.br\/site\/\",\"name\":\"In\\u00edcio\"}},{\"@type\":\"ListItem\",\"position\":2,\"item\":{\"@type\":\"WebPage\",\"@id\":\"https:\/\/abrelivros.org.br\/site\/category\/noticias\/\",\"url\":\"https:\/\/abrelivros.org.br\/site\/category\/noticias\/\",\"name\":\"Not\\u00edcias\"}},{\"@type\":\"ListItem\",\"position\":3,\"item\":{\"@type\":\"WebPage\",\"@id\":\"https:\/\/abrelivros.org.br\/site\/category\/noticias\/noticias-da-imprensa\/\",\"url\":\"https:\/\/abrelivros.org.br\/site\/category\/noticias\/noticias-da-imprensa\/\",\"name\":\"Not\\u00edcias da imprensa\"}},{\"@type\":\"ListItem\",\"position\":4,\"item\":{\"@type\":\"WebPage\",\"@id\":\"https:\/\/abrelivros.org.br\/site\/serra-critica-secretaria-apos-distribuicao-de-livros-de-geografia-com-dois-paraguais\/\",\"url\":\"https:\/\/abrelivros.org.br\/site\/serra-critica-secretaria-apos-distribuicao-de-livros-de-geografia-com-dois-paraguais\/\",\"name\":\"Serra critica secretaria ap\\u00f3s distribui\\u00e7\\u00e3o de livros de geografia com dois Paraguais\"}}]},{\"@type\":\"Person\",\"@id\":\"https:\/\/abrelivros.org.br\/site\/#\/schema\/person\/2b867f13a717bb230f1a3555505f5593\",\"name\":\"\\u00a0\",\"image\":{\"@type\":\"ImageObject\",\"@id\":\"https:\/\/abrelivros.org.br\/site\/#personlogo\",\"inLanguage\":\"pt-BR\",\"url\":\"https:\/\/secure.gravatar.com\/avatar\/e80b7f5231be2fff5040a8023da424898002831c5439420df182ae62676d2a6f?s=96&d=mm&r=g\",\"caption\":\"\\u00a0\"}}]}<\/script>\n<!-- \/ Yoast SEO plugin. -->","_links":{"self":[{"href":"https:\/\/abrelivros.org.br\/site\/wp-json\/wp\/v2\/posts\/2441","targetHints":{"allow":["GET"]}}],"collection":[{"href":"https:\/\/abrelivros.org.br\/site\/wp-json\/wp\/v2\/posts"}],"about":[{"href":"https:\/\/abrelivros.org.br\/site\/wp-json\/wp\/v2\/types\/post"}],"author":[{"embeddable":true,"href":"https:\/\/abrelivros.org.br\/site\/wp-json\/wp\/v2\/users\/1"}],"replies":[{"embeddable":true,"href":"https:\/\/abrelivros.org.br\/site\/wp-json\/wp\/v2\/comments?post=2441"}],"version-history":[{"count":0,"href":"https:\/\/abrelivros.org.br\/site\/wp-json\/wp\/v2\/posts\/2441\/revisions"}],"wp:attachment":[{"href":"https:\/\/abrelivros.org.br\/site\/wp-json\/wp\/v2\/media?parent=2441"}],"wp:term":[{"taxonomy":"category","embeddable":true,"href":"https:\/\/abrelivros.org.br\/site\/wp-json\/wp\/v2\/categories?post=2441"},{"taxonomy":"post_tag","embeddable":true,"href":"https:\/\/abrelivros.org.br\/site\/wp-json\/wp\/v2\/tags?post=2441"}],"curies":[{"name":"wp","href":"https:\/\/api.w.org\/{rel}","templated":true}]}}