{"id":2440,"date":"2009-03-18T15:56:00","date_gmt":"2009-03-18T18:56:00","guid":{"rendered":"https:\/\/abrelivros.org.br\/site\/2009\/03\/18\/sai-o-primeiro-exemplar-do-novo-volp\/"},"modified":"2009-03-18T15:56:00","modified_gmt":"2009-03-18T18:56:00","slug":"sai-o-primeiro-exemplar-do-novo-volp","status":"publish","type":"post","link":"https:\/\/abrelivros.org.br\/site\/sai-o-primeiro-exemplar-do-novo-volp\/","title":{"rendered":"Sai o primeiro exemplar do novo VOLP"},"content":{"rendered":"<p>O presidente da Academia Brasileira de Letras (ABL), C\u00edcero Sandroni, entregar\u00e1 hoje, \u00e0s 17h, aos ministros Luiz Dulci (Secretaria-Geral da Presid\u00eancia da Rep\u00fablica), Fernando Haddad (Educa\u00e7\u00e3o), e Juca Ferreira (Cultura), o primeiro exemplar da 5\u00aa edi\u00e7\u00e3o do Vocabul\u00e1rio Ortogr\u00e1fico da L\u00edngua Portuguesa (VOLP), destinado ao presidente Luiz In\u00e1cio Lula da Silva. \u00a0<br \/>  \u00a0<br \/> O encontro contar\u00e1 com a presen\u00e7a do acad\u00eamico Evanildo Bechara, respons\u00e1vel pela organiza\u00e7\u00e3o da obra e coordenador da Comiss\u00e3o de Lexicografia e Lexicologia da ABL \u2013 integrada tamb\u00e9m pelos acad\u00eamicos Eduardo Portella e Alfredo Bosi. \u00a0<br \/> O VOLP ser\u00e1 lan\u00e7ado oficialmente na quinta-feira (19), \u00e0s 17h30, no Teatro R. Magalh\u00e3es Jr. da ABL, no Rio de Janeiro, e contar\u00e1 com a participa\u00e7\u00e3o de representantes dos governos dos pa\u00edses lus\u00f3fonos acreditados em Bras\u00edlia e no Rio.\u00a0<br \/>  \u00a0<br \/> Com 976 p\u00e1ginas e 349.737 voc\u00e1bulos, o VOLP incorpora as novas normas estabelecidas pelo Acordo Ortogr\u00e1fico de 1990, regulamentado no Brasil por for\u00e7a de decretos assinados pelo Presidente Lula na ABL, no dia 29 de setembro de 2008, e j\u00e1 em vigor desde 1\u00ba de janeiro deste ano.\u00a0<br \/>  \u00a0<br \/> De acordo com o acad\u00eamico Evanildo Bechara, com a realiza\u00e7\u00e3o deste trabalho, a ABL traz contribui\u00e7\u00e3o relevante ao sonho de unifica\u00e7\u00e3o ortogr\u00e1fica acalentado por tantos fil\u00f3logos portugueses e brasileiros. \u201cAcreditamos ter contribu\u00eddo para a elabora\u00e7\u00e3o do futuro Vocabul\u00e1rio Ortogr\u00e1fico Comum da L\u00edngua Portuguesa, tarefa n\u00e3o s\u00f3 proposta pelos signat\u00e1rios do novo Acordo, mas que foi tamb\u00e9m sonho dos fundadores da ABL em 1897\u201d.  \u00a0<br \/> \u00a0<br \/> \u00a0<\/p>\n","protected":false},"excerpt":{"rendered":"<p>O presidente da Academia Brasileira de Letras (ABL), C\u00edcero Sandroni, entregar\u00e1 hoje, \u00e0s 17h, aos ministros Luiz Dulci (Secretaria-Geral da Presid\u00eancia da Rep\u00fablica), Fernando Haddad (Educa\u00e7\u00e3o), e Juca Ferreira (Cultura), o primeiro exemplar da 5\u00aa edi\u00e7\u00e3o do Vocabul\u00e1rio Ortogr\u00e1fico da L\u00edngua Portuguesa (VOLP), destinado ao presidente Luiz In\u00e1cio Lula da Silva. \u00a0 \u00a0 O encontro [&hellip;]<\/p>\n","protected":false},"author":1,"featured_media":0,"comment_status":"closed","ping_status":"closed","sticky":false,"template":"","format":"standard","meta":{"footnotes":"","_links_to":"","_links_to_target":""},"categories":[9],"tags":[],"class_list":["post-2440","post","type-post","status-publish","format-standard","hentry","category-noticias-da-imprensa"],"yoast_head":"<!-- This site is optimized with the Yoast SEO plugin v15.1 - https:\/\/yoast.com\/wordpress\/plugins\/seo\/ -->\n<title>Sai o primeiro exemplar do novo VOLP &raquo; Abrelivros<\/title>\n<meta name=\"robots\" content=\"index, follow, max-snippet:-1, max-image-preview:large, max-video-preview:-1\" \/>\n<link rel=\"canonical\" href=\"https:\/\/abrelivros.org.br\/site\/sai-o-primeiro-exemplar-do-novo-volp\/\" \/>\n<meta property=\"og:locale\" content=\"pt_BR\" \/>\n<meta property=\"og:type\" content=\"article\" \/>\n<meta property=\"og:title\" content=\"Sai o primeiro exemplar do novo VOLP &raquo; Abrelivros\" \/>\n<meta property=\"og:description\" content=\"O presidente da Academia Brasileira de Letras (ABL), C\u00edcero Sandroni, entregar\u00e1 hoje, \u00e0s 17h, aos ministros Luiz Dulci (Secretaria-Geral da Presid\u00eancia da Rep\u00fablica), Fernando Haddad (Educa\u00e7\u00e3o), e Juca Ferreira (Cultura), o primeiro exemplar da 5\u00aa edi\u00e7\u00e3o do Vocabul\u00e1rio Ortogr\u00e1fico da L\u00edngua Portuguesa (VOLP), destinado ao presidente Luiz In\u00e1cio Lula da Silva. \u00a0 \u00a0 O encontro [&hellip;]\" \/>\n<meta property=\"og:url\" content=\"https:\/\/abrelivros.org.br\/site\/sai-o-primeiro-exemplar-do-novo-volp\/\" \/>\n<meta property=\"og:site_name\" content=\"Abrelivros\" \/>\n<meta property=\"article:published_time\" content=\"2009-03-18T18:56:00+00:00\" \/>\n<meta name=\"twitter:card\" content=\"summary_large_image\" \/>\n<script type=\"application\/ld+json\" class=\"yoast-schema-graph\">{\"@context\":\"https:\/\/schema.org\",\"@graph\":[{\"@type\":\"WebSite\",\"@id\":\"https:\/\/abrelivros.org.br\/site\/#website\",\"url\":\"https:\/\/abrelivros.org.br\/site\/\",\"name\":\"Abrelivros\",\"description\":\"\",\"potentialAction\":[{\"@type\":\"SearchAction\",\"target\":\"https:\/\/abrelivros.org.br\/site\/?s={search_term_string}\",\"query-input\":\"required name=search_term_string\"}],\"inLanguage\":\"pt-BR\"},{\"@type\":\"WebPage\",\"@id\":\"https:\/\/abrelivros.org.br\/site\/sai-o-primeiro-exemplar-do-novo-volp\/#webpage\",\"url\":\"https:\/\/abrelivros.org.br\/site\/sai-o-primeiro-exemplar-do-novo-volp\/\",\"name\":\"Sai o primeiro exemplar do novo VOLP &raquo; Abrelivros\",\"isPartOf\":{\"@id\":\"https:\/\/abrelivros.org.br\/site\/#website\"},\"datePublished\":\"2009-03-18T18:56:00+00:00\",\"dateModified\":\"2009-03-18T18:56:00+00:00\",\"author\":{\"@id\":\"https:\/\/abrelivros.org.br\/site\/#\/schema\/person\/2b867f13a717bb230f1a3555505f5593\"},\"breadcrumb\":{\"@id\":\"https:\/\/abrelivros.org.br\/site\/sai-o-primeiro-exemplar-do-novo-volp\/#breadcrumb\"},\"inLanguage\":\"pt-BR\",\"potentialAction\":[{\"@type\":\"ReadAction\",\"target\":[\"https:\/\/abrelivros.org.br\/site\/sai-o-primeiro-exemplar-do-novo-volp\/\"]}]},{\"@type\":\"BreadcrumbList\",\"@id\":\"https:\/\/abrelivros.org.br\/site\/sai-o-primeiro-exemplar-do-novo-volp\/#breadcrumb\",\"itemListElement\":[{\"@type\":\"ListItem\",\"position\":1,\"item\":{\"@type\":\"WebPage\",\"@id\":\"https:\/\/abrelivros.org.br\/site\/\",\"url\":\"https:\/\/abrelivros.org.br\/site\/\",\"name\":\"In\\u00edcio\"}},{\"@type\":\"ListItem\",\"position\":2,\"item\":{\"@type\":\"WebPage\",\"@id\":\"https:\/\/abrelivros.org.br\/site\/category\/noticias\/\",\"url\":\"https:\/\/abrelivros.org.br\/site\/category\/noticias\/\",\"name\":\"Not\\u00edcias\"}},{\"@type\":\"ListItem\",\"position\":3,\"item\":{\"@type\":\"WebPage\",\"@id\":\"https:\/\/abrelivros.org.br\/site\/category\/noticias\/noticias-da-imprensa\/\",\"url\":\"https:\/\/abrelivros.org.br\/site\/category\/noticias\/noticias-da-imprensa\/\",\"name\":\"Not\\u00edcias da imprensa\"}},{\"@type\":\"ListItem\",\"position\":4,\"item\":{\"@type\":\"WebPage\",\"@id\":\"https:\/\/abrelivros.org.br\/site\/sai-o-primeiro-exemplar-do-novo-volp\/\",\"url\":\"https:\/\/abrelivros.org.br\/site\/sai-o-primeiro-exemplar-do-novo-volp\/\",\"name\":\"Sai o primeiro exemplar do novo VOLP\"}}]},{\"@type\":\"Person\",\"@id\":\"https:\/\/abrelivros.org.br\/site\/#\/schema\/person\/2b867f13a717bb230f1a3555505f5593\",\"name\":\"\\u00a0\",\"image\":{\"@type\":\"ImageObject\",\"@id\":\"https:\/\/abrelivros.org.br\/site\/#personlogo\",\"inLanguage\":\"pt-BR\",\"url\":\"https:\/\/secure.gravatar.com\/avatar\/e80b7f5231be2fff5040a8023da424898002831c5439420df182ae62676d2a6f?s=96&d=mm&r=g\",\"caption\":\"\\u00a0\"}}]}<\/script>\n<!-- \/ Yoast SEO plugin. -->","_links":{"self":[{"href":"https:\/\/abrelivros.org.br\/site\/wp-json\/wp\/v2\/posts\/2440","targetHints":{"allow":["GET"]}}],"collection":[{"href":"https:\/\/abrelivros.org.br\/site\/wp-json\/wp\/v2\/posts"}],"about":[{"href":"https:\/\/abrelivros.org.br\/site\/wp-json\/wp\/v2\/types\/post"}],"author":[{"embeddable":true,"href":"https:\/\/abrelivros.org.br\/site\/wp-json\/wp\/v2\/users\/1"}],"replies":[{"embeddable":true,"href":"https:\/\/abrelivros.org.br\/site\/wp-json\/wp\/v2\/comments?post=2440"}],"version-history":[{"count":0,"href":"https:\/\/abrelivros.org.br\/site\/wp-json\/wp\/v2\/posts\/2440\/revisions"}],"wp:attachment":[{"href":"https:\/\/abrelivros.org.br\/site\/wp-json\/wp\/v2\/media?parent=2440"}],"wp:term":[{"taxonomy":"category","embeddable":true,"href":"https:\/\/abrelivros.org.br\/site\/wp-json\/wp\/v2\/categories?post=2440"},{"taxonomy":"post_tag","embeddable":true,"href":"https:\/\/abrelivros.org.br\/site\/wp-json\/wp\/v2\/tags?post=2440"}],"curies":[{"name":"wp","href":"https:\/\/api.w.org\/{rel}","templated":true}]}}