{"id":2439,"date":"2009-03-19T11:30:00","date_gmt":"2009-03-19T14:30:00","guid":{"rendered":"https:\/\/abrelivros.org.br\/site\/2009\/03\/19\/flavio-arns-recebe-artistas-e-defende-a-atualizacao-do-direito-autoral\/"},"modified":"2009-03-19T11:30:00","modified_gmt":"2009-03-19T14:30:00","slug":"flavio-arns-recebe-artistas-e-defende-a-atualizacao-do-direito-autoral","status":"publish","type":"post","link":"https:\/\/abrelivros.org.br\/site\/flavio-arns-recebe-artistas-e-defende-a-atualizacao-do-direito-autoral\/","title":{"rendered":"Fl\u00e1vio Arns recebe artistas e defende a atualiza\u00e7\u00e3o do direito autoral."},"content":{"rendered":"<p>O Senador Fl\u00e1vio Arns \u2013 PT\/PR, presidente da Comiss\u00e3o de Educa\u00e7\u00e3o, Cultura e Esporte (CE), vai pedir \u00e0 Consultoria Legislativa do Senado a realiza\u00e7\u00e3o de um estudo sobre o direito autoral no Brasil. A ideia \u00e9 reunir o m\u00e1ximo de informa\u00e7\u00f5es sobre a propriedade intelectual no pa\u00eds, como forma de orientar os senadores na an\u00e1lise futura de propostas que tramitam na Casa sobre o assunto.<\/p>\n<p> O an\u00fancio foi feito \u00e0 superintendente nacional do Escrit\u00f3rio Central de Arrecada\u00e7\u00e3o e Distribui\u00e7\u00e3o (Ecad), Gl\u00f3ria Braga, que, acompanhada da atriz Zez\u00e9 Mota e dos compositores Danilo Caymmi e S\u00e9rgio Reis, fez uma visita de cortesia \u00e0 CE e a outros senadores rec\u00e9m-empossados na presid\u00eancia de comiss\u00f5es em que tamb\u00e9m ser\u00e3o examinadas propostas relacionadas ao direito autoral.<\/p>\n<p> \u2013 O que n\u00f3s propusemos foi fazer uma esp\u00e9cie de estudo da arte, para saber onde est\u00e3o os problemas principais e os desafios; quais os caminhos a seguir; o que os outros pa\u00edses est\u00e3o fazendo; que tipo de legisla\u00e7\u00e3o pode ajudar a enfrentar os desafios dos novos tempos \u2013 afirmou o senador.<\/p>\n<p> Arns acredita que \u00e9 poss\u00edvel um estudo \u201cprofundo e adequado\u201c nessa \u00e1rea para orientar o trabalho a ser feito no futuro.<\/p>\n","protected":false},"excerpt":{"rendered":"<p>O Senador Fl\u00e1vio Arns \u2013 PT\/PR, presidente da Comiss\u00e3o de Educa\u00e7\u00e3o, Cultura e Esporte (CE), vai pedir \u00e0 Consultoria Legislativa do Senado a realiza\u00e7\u00e3o de um estudo sobre o direito autoral no Brasil. A ideia \u00e9 reunir o m\u00e1ximo de informa\u00e7\u00f5es sobre a propriedade intelectual no pa\u00eds, como forma de orientar os senadores na an\u00e1lise [&hellip;]<\/p>\n","protected":false},"author":1,"featured_media":0,"comment_status":"closed","ping_status":"closed","sticky":false,"template":"","format":"standard","meta":{"footnotes":"","_links_to":"","_links_to_target":""},"categories":[9],"tags":[],"class_list":["post-2439","post","type-post","status-publish","format-standard","hentry","category-noticias-da-imprensa"],"yoast_head":"<!-- This site is optimized with the Yoast SEO plugin v15.1 - https:\/\/yoast.com\/wordpress\/plugins\/seo\/ -->\n<title>Fl\u00e1vio Arns recebe artistas e defende a atualiza\u00e7\u00e3o do direito autoral. &raquo; Abrelivros<\/title>\n<meta name=\"robots\" content=\"index, follow, max-snippet:-1, max-image-preview:large, max-video-preview:-1\" \/>\n<link rel=\"canonical\" href=\"https:\/\/abrelivros.org.br\/site\/flavio-arns-recebe-artistas-e-defende-a-atualizacao-do-direito-autoral\/\" \/>\n<meta property=\"og:locale\" content=\"pt_BR\" \/>\n<meta property=\"og:type\" content=\"article\" \/>\n<meta property=\"og:title\" content=\"Fl\u00e1vio Arns recebe artistas e defende a atualiza\u00e7\u00e3o do direito autoral. &raquo; Abrelivros\" \/>\n<meta property=\"og:description\" content=\"O Senador Fl\u00e1vio Arns \u2013 PT\/PR, presidente da Comiss\u00e3o de Educa\u00e7\u00e3o, Cultura e Esporte (CE), vai pedir \u00e0 Consultoria Legislativa do Senado a realiza\u00e7\u00e3o de um estudo sobre o direito autoral no Brasil. A ideia \u00e9 reunir o m\u00e1ximo de informa\u00e7\u00f5es sobre a propriedade intelectual no pa\u00eds, como forma de orientar os senadores na an\u00e1lise [&hellip;]\" \/>\n<meta property=\"og:url\" content=\"https:\/\/abrelivros.org.br\/site\/flavio-arns-recebe-artistas-e-defende-a-atualizacao-do-direito-autoral\/\" \/>\n<meta property=\"og:site_name\" content=\"Abrelivros\" \/>\n<meta property=\"article:published_time\" content=\"2009-03-19T14:30:00+00:00\" \/>\n<meta name=\"twitter:card\" content=\"summary_large_image\" \/>\n<script type=\"application\/ld+json\" class=\"yoast-schema-graph\">{\"@context\":\"https:\/\/schema.org\",\"@graph\":[{\"@type\":\"WebSite\",\"@id\":\"https:\/\/abrelivros.org.br\/site\/#website\",\"url\":\"https:\/\/abrelivros.org.br\/site\/\",\"name\":\"Abrelivros\",\"description\":\"\",\"potentialAction\":[{\"@type\":\"SearchAction\",\"target\":\"https:\/\/abrelivros.org.br\/site\/?s={search_term_string}\",\"query-input\":\"required name=search_term_string\"}],\"inLanguage\":\"pt-BR\"},{\"@type\":\"WebPage\",\"@id\":\"https:\/\/abrelivros.org.br\/site\/flavio-arns-recebe-artistas-e-defende-a-atualizacao-do-direito-autoral\/#webpage\",\"url\":\"https:\/\/abrelivros.org.br\/site\/flavio-arns-recebe-artistas-e-defende-a-atualizacao-do-direito-autoral\/\",\"name\":\"Fl\\u00e1vio Arns recebe artistas e defende a atualiza\\u00e7\\u00e3o do direito autoral. &raquo; Abrelivros\",\"isPartOf\":{\"@id\":\"https:\/\/abrelivros.org.br\/site\/#website\"},\"datePublished\":\"2009-03-19T14:30:00+00:00\",\"dateModified\":\"2009-03-19T14:30:00+00:00\",\"author\":{\"@id\":\"https:\/\/abrelivros.org.br\/site\/#\/schema\/person\/2b867f13a717bb230f1a3555505f5593\"},\"breadcrumb\":{\"@id\":\"https:\/\/abrelivros.org.br\/site\/flavio-arns-recebe-artistas-e-defende-a-atualizacao-do-direito-autoral\/#breadcrumb\"},\"inLanguage\":\"pt-BR\",\"potentialAction\":[{\"@type\":\"ReadAction\",\"target\":[\"https:\/\/abrelivros.org.br\/site\/flavio-arns-recebe-artistas-e-defende-a-atualizacao-do-direito-autoral\/\"]}]},{\"@type\":\"BreadcrumbList\",\"@id\":\"https:\/\/abrelivros.org.br\/site\/flavio-arns-recebe-artistas-e-defende-a-atualizacao-do-direito-autoral\/#breadcrumb\",\"itemListElement\":[{\"@type\":\"ListItem\",\"position\":1,\"item\":{\"@type\":\"WebPage\",\"@id\":\"https:\/\/abrelivros.org.br\/site\/\",\"url\":\"https:\/\/abrelivros.org.br\/site\/\",\"name\":\"In\\u00edcio\"}},{\"@type\":\"ListItem\",\"position\":2,\"item\":{\"@type\":\"WebPage\",\"@id\":\"https:\/\/abrelivros.org.br\/site\/category\/noticias\/\",\"url\":\"https:\/\/abrelivros.org.br\/site\/category\/noticias\/\",\"name\":\"Not\\u00edcias\"}},{\"@type\":\"ListItem\",\"position\":3,\"item\":{\"@type\":\"WebPage\",\"@id\":\"https:\/\/abrelivros.org.br\/site\/category\/noticias\/noticias-da-imprensa\/\",\"url\":\"https:\/\/abrelivros.org.br\/site\/category\/noticias\/noticias-da-imprensa\/\",\"name\":\"Not\\u00edcias da imprensa\"}},{\"@type\":\"ListItem\",\"position\":4,\"item\":{\"@type\":\"WebPage\",\"@id\":\"https:\/\/abrelivros.org.br\/site\/flavio-arns-recebe-artistas-e-defende-a-atualizacao-do-direito-autoral\/\",\"url\":\"https:\/\/abrelivros.org.br\/site\/flavio-arns-recebe-artistas-e-defende-a-atualizacao-do-direito-autoral\/\",\"name\":\"Fl\\u00e1vio Arns recebe artistas e defende a atualiza\\u00e7\\u00e3o do direito autoral.\"}}]},{\"@type\":\"Person\",\"@id\":\"https:\/\/abrelivros.org.br\/site\/#\/schema\/person\/2b867f13a717bb230f1a3555505f5593\",\"name\":\"\\u00a0\",\"image\":{\"@type\":\"ImageObject\",\"@id\":\"https:\/\/abrelivros.org.br\/site\/#personlogo\",\"inLanguage\":\"pt-BR\",\"url\":\"https:\/\/secure.gravatar.com\/avatar\/e80b7f5231be2fff5040a8023da424898002831c5439420df182ae62676d2a6f?s=96&d=mm&r=g\",\"caption\":\"\\u00a0\"}}]}<\/script>\n<!-- \/ Yoast SEO plugin. -->","_links":{"self":[{"href":"https:\/\/abrelivros.org.br\/site\/wp-json\/wp\/v2\/posts\/2439","targetHints":{"allow":["GET"]}}],"collection":[{"href":"https:\/\/abrelivros.org.br\/site\/wp-json\/wp\/v2\/posts"}],"about":[{"href":"https:\/\/abrelivros.org.br\/site\/wp-json\/wp\/v2\/types\/post"}],"author":[{"embeddable":true,"href":"https:\/\/abrelivros.org.br\/site\/wp-json\/wp\/v2\/users\/1"}],"replies":[{"embeddable":true,"href":"https:\/\/abrelivros.org.br\/site\/wp-json\/wp\/v2\/comments?post=2439"}],"version-history":[{"count":0,"href":"https:\/\/abrelivros.org.br\/site\/wp-json\/wp\/v2\/posts\/2439\/revisions"}],"wp:attachment":[{"href":"https:\/\/abrelivros.org.br\/site\/wp-json\/wp\/v2\/media?parent=2439"}],"wp:term":[{"taxonomy":"category","embeddable":true,"href":"https:\/\/abrelivros.org.br\/site\/wp-json\/wp\/v2\/categories?post=2439"},{"taxonomy":"post_tag","embeddable":true,"href":"https:\/\/abrelivros.org.br\/site\/wp-json\/wp\/v2\/tags?post=2439"}],"curies":[{"name":"wp","href":"https:\/\/api.w.org\/{rel}","templated":true}]}}