{"id":2438,"date":"2009-03-19T17:20:00","date_gmt":"2009-03-19T20:20:00","guid":{"rendered":"https:\/\/abrelivros.org.br\/site\/2009\/03\/19\/livros-didaticos-do-mec-estarao-com-nova-ortografia-a-partir-de-2012\/"},"modified":"2009-03-19T17:20:00","modified_gmt":"2009-03-19T20:20:00","slug":"livros-didaticos-do-mec-estarao-com-nova-ortografia-a-partir-de-2012","status":"publish","type":"post","link":"https:\/\/abrelivros.org.br\/site\/livros-didaticos-do-mec-estarao-com-nova-ortografia-a-partir-de-2012\/","title":{"rendered":"Livros did\u00e1ticos do MEC estar\u00e3o com nova ortografia a partir de 2012"},"content":{"rendered":"<p>O ministro da Educa\u00e7\u00e3o, Fernando Haddad, disse nesta quarta-feira (18) que, a partir de 2012, todos os livros did\u00e1ticos distribu\u00eddos pelo Minist\u00e9rio da Educa\u00e7\u00e3o ter\u00e3o incorporado as novas regras do Acordo Ortogr\u00e1fico da L\u00edngua Portuguesa.&nbsp;<br \/> &nbsp;<br \/> \u201cNo ano que vem, vamos come\u00e7ar a distribuir, etapa por etapa, at\u00e9 a conclus\u00e3o do ciclo de tr\u00eas anos [per\u00edodo em que um livro did\u00e1tico \u00e9 usado pelas escolas]\u201d, disse Haddad. Segundo a Ag\u00eancia Brasil, o ministro n\u00e3o informou quanto ser\u00e1 gasto para adapta\u00e7\u00e3o \u00e0s novas regras. O MEC distribui material did\u00e1tico para 200 mil escolas p\u00fablicas. &nbsp;<br \/> &nbsp;<br \/> O governo federal recebeu nesta quarta-feira o primeiro exemplar do novo Vocabul\u00e1rio Ortogr\u00e1fico da L\u00edngua Portuguesa (Volp), que est\u00e1 na quinta edi\u00e7\u00e3o. Entregue pelo presidente da Academia Brasileira de Letras (ABL), C\u00edcero Sandroni, e pelo fil\u00f3logo Evanildo Bechara, respons\u00e1vel pela organiza\u00e7\u00e3o do Volp, o primeiro exemplar do livro ser\u00e1 encaminhado ao presidente Luiz In\u00e1cio Lula da Silva. Al\u00e9m de Haddad, receberam a publica\u00e7\u00e3o os ministros Luiz Dulci, da Secretaria-Geral da Presid\u00eancia, e Juca Ferreira, da Cultura. &nbsp;<br \/> &nbsp;<br \/> Com 349.737 voc\u00e1bulos, o livro traz as novas normas do acordo ortogr\u00e1fico, que entrou em vigor no dia 1\u00ba de janeiro deste ano, e a classifica\u00e7\u00e3o gramatical das palavras, al\u00e9m de explica\u00e7\u00f5es sobre estrangeirismos. &nbsp;<br \/> &nbsp;<br \/> A quinta edi\u00e7\u00e3o do Volp ser\u00e1 lan\u00e7ada nesta quinta-feira (19) na sede da ABL, no Rio de Janeiro.&nbsp;<br \/> &nbsp;<br \/>  &nbsp;<\/p>\n","protected":false},"excerpt":{"rendered":"<p>O ministro da Educa\u00e7\u00e3o, Fernando Haddad, disse nesta quarta-feira (18) que, a partir de 2012, todos os livros did\u00e1ticos distribu\u00eddos pelo Minist\u00e9rio da Educa\u00e7\u00e3o ter\u00e3o incorporado as novas regras do Acordo Ortogr\u00e1fico da L\u00edngua Portuguesa.&nbsp; &nbsp; \u201cNo ano que vem, vamos come\u00e7ar a distribuir, etapa por etapa, at\u00e9 a conclus\u00e3o do ciclo de tr\u00eas anos [&hellip;]<\/p>\n","protected":false},"author":1,"featured_media":0,"comment_status":"closed","ping_status":"closed","sticky":false,"template":"","format":"standard","meta":{"footnotes":"","_links_to":"","_links_to_target":""},"categories":[9],"tags":[],"class_list":["post-2438","post","type-post","status-publish","format-standard","hentry","category-noticias-da-imprensa"],"yoast_head":"<!-- This site is optimized with the Yoast SEO plugin v15.1 - https:\/\/yoast.com\/wordpress\/plugins\/seo\/ -->\n<title>Livros did\u00e1ticos do MEC estar\u00e3o com nova ortografia a partir de 2012 &raquo; Abrelivros<\/title>\n<meta name=\"robots\" content=\"index, follow, max-snippet:-1, max-image-preview:large, max-video-preview:-1\" \/>\n<link rel=\"canonical\" href=\"https:\/\/abrelivros.org.br\/site\/livros-didaticos-do-mec-estarao-com-nova-ortografia-a-partir-de-2012\/\" \/>\n<meta property=\"og:locale\" content=\"pt_BR\" \/>\n<meta property=\"og:type\" content=\"article\" \/>\n<meta property=\"og:title\" content=\"Livros did\u00e1ticos do MEC estar\u00e3o com nova ortografia a partir de 2012 &raquo; Abrelivros\" \/>\n<meta property=\"og:description\" content=\"O ministro da Educa\u00e7\u00e3o, Fernando Haddad, disse nesta quarta-feira (18) que, a partir de 2012, todos os livros did\u00e1ticos distribu\u00eddos pelo Minist\u00e9rio da Educa\u00e7\u00e3o ter\u00e3o incorporado as novas regras do Acordo Ortogr\u00e1fico da L\u00edngua Portuguesa.&nbsp; &nbsp; \u201cNo ano que vem, vamos come\u00e7ar a distribuir, etapa por etapa, at\u00e9 a conclus\u00e3o do ciclo de tr\u00eas anos [&hellip;]\" \/>\n<meta property=\"og:url\" content=\"https:\/\/abrelivros.org.br\/site\/livros-didaticos-do-mec-estarao-com-nova-ortografia-a-partir-de-2012\/\" \/>\n<meta property=\"og:site_name\" content=\"Abrelivros\" \/>\n<meta property=\"article:published_time\" content=\"2009-03-19T20:20:00+00:00\" \/>\n<meta name=\"twitter:card\" content=\"summary_large_image\" \/>\n<script type=\"application\/ld+json\" class=\"yoast-schema-graph\">{\"@context\":\"https:\/\/schema.org\",\"@graph\":[{\"@type\":\"WebSite\",\"@id\":\"https:\/\/abrelivros.org.br\/site\/#website\",\"url\":\"https:\/\/abrelivros.org.br\/site\/\",\"name\":\"Abrelivros\",\"description\":\"\",\"potentialAction\":[{\"@type\":\"SearchAction\",\"target\":\"https:\/\/abrelivros.org.br\/site\/?s={search_term_string}\",\"query-input\":\"required name=search_term_string\"}],\"inLanguage\":\"pt-BR\"},{\"@type\":\"WebPage\",\"@id\":\"https:\/\/abrelivros.org.br\/site\/livros-didaticos-do-mec-estarao-com-nova-ortografia-a-partir-de-2012\/#webpage\",\"url\":\"https:\/\/abrelivros.org.br\/site\/livros-didaticos-do-mec-estarao-com-nova-ortografia-a-partir-de-2012\/\",\"name\":\"Livros did\\u00e1ticos do MEC estar\\u00e3o com nova ortografia a partir de 2012 &raquo; Abrelivros\",\"isPartOf\":{\"@id\":\"https:\/\/abrelivros.org.br\/site\/#website\"},\"datePublished\":\"2009-03-19T20:20:00+00:00\",\"dateModified\":\"2009-03-19T20:20:00+00:00\",\"author\":{\"@id\":\"https:\/\/abrelivros.org.br\/site\/#\/schema\/person\/2b867f13a717bb230f1a3555505f5593\"},\"breadcrumb\":{\"@id\":\"https:\/\/abrelivros.org.br\/site\/livros-didaticos-do-mec-estarao-com-nova-ortografia-a-partir-de-2012\/#breadcrumb\"},\"inLanguage\":\"pt-BR\",\"potentialAction\":[{\"@type\":\"ReadAction\",\"target\":[\"https:\/\/abrelivros.org.br\/site\/livros-didaticos-do-mec-estarao-com-nova-ortografia-a-partir-de-2012\/\"]}]},{\"@type\":\"BreadcrumbList\",\"@id\":\"https:\/\/abrelivros.org.br\/site\/livros-didaticos-do-mec-estarao-com-nova-ortografia-a-partir-de-2012\/#breadcrumb\",\"itemListElement\":[{\"@type\":\"ListItem\",\"position\":1,\"item\":{\"@type\":\"WebPage\",\"@id\":\"https:\/\/abrelivros.org.br\/site\/\",\"url\":\"https:\/\/abrelivros.org.br\/site\/\",\"name\":\"In\\u00edcio\"}},{\"@type\":\"ListItem\",\"position\":2,\"item\":{\"@type\":\"WebPage\",\"@id\":\"https:\/\/abrelivros.org.br\/site\/category\/noticias\/\",\"url\":\"https:\/\/abrelivros.org.br\/site\/category\/noticias\/\",\"name\":\"Not\\u00edcias\"}},{\"@type\":\"ListItem\",\"position\":3,\"item\":{\"@type\":\"WebPage\",\"@id\":\"https:\/\/abrelivros.org.br\/site\/category\/noticias\/noticias-da-imprensa\/\",\"url\":\"https:\/\/abrelivros.org.br\/site\/category\/noticias\/noticias-da-imprensa\/\",\"name\":\"Not\\u00edcias da imprensa\"}},{\"@type\":\"ListItem\",\"position\":4,\"item\":{\"@type\":\"WebPage\",\"@id\":\"https:\/\/abrelivros.org.br\/site\/livros-didaticos-do-mec-estarao-com-nova-ortografia-a-partir-de-2012\/\",\"url\":\"https:\/\/abrelivros.org.br\/site\/livros-didaticos-do-mec-estarao-com-nova-ortografia-a-partir-de-2012\/\",\"name\":\"Livros did\\u00e1ticos do MEC estar\\u00e3o com nova ortografia a partir de 2012\"}}]},{\"@type\":\"Person\",\"@id\":\"https:\/\/abrelivros.org.br\/site\/#\/schema\/person\/2b867f13a717bb230f1a3555505f5593\",\"name\":\"\\u00a0\",\"image\":{\"@type\":\"ImageObject\",\"@id\":\"https:\/\/abrelivros.org.br\/site\/#personlogo\",\"inLanguage\":\"pt-BR\",\"url\":\"https:\/\/secure.gravatar.com\/avatar\/e80b7f5231be2fff5040a8023da424898002831c5439420df182ae62676d2a6f?s=96&d=mm&r=g\",\"caption\":\"\\u00a0\"}}]}<\/script>\n<!-- \/ Yoast SEO plugin. -->","_links":{"self":[{"href":"https:\/\/abrelivros.org.br\/site\/wp-json\/wp\/v2\/posts\/2438","targetHints":{"allow":["GET"]}}],"collection":[{"href":"https:\/\/abrelivros.org.br\/site\/wp-json\/wp\/v2\/posts"}],"about":[{"href":"https:\/\/abrelivros.org.br\/site\/wp-json\/wp\/v2\/types\/post"}],"author":[{"embeddable":true,"href":"https:\/\/abrelivros.org.br\/site\/wp-json\/wp\/v2\/users\/1"}],"replies":[{"embeddable":true,"href":"https:\/\/abrelivros.org.br\/site\/wp-json\/wp\/v2\/comments?post=2438"}],"version-history":[{"count":0,"href":"https:\/\/abrelivros.org.br\/site\/wp-json\/wp\/v2\/posts\/2438\/revisions"}],"wp:attachment":[{"href":"https:\/\/abrelivros.org.br\/site\/wp-json\/wp\/v2\/media?parent=2438"}],"wp:term":[{"taxonomy":"category","embeddable":true,"href":"https:\/\/abrelivros.org.br\/site\/wp-json\/wp\/v2\/categories?post=2438"},{"taxonomy":"post_tag","embeddable":true,"href":"https:\/\/abrelivros.org.br\/site\/wp-json\/wp\/v2\/tags?post=2438"}],"curies":[{"name":"wp","href":"https:\/\/api.w.org\/{rel}","templated":true}]}}