{"id":2436,"date":"2009-03-20T14:50:00","date_gmt":"2009-03-20T17:50:00","guid":{"rendered":"https:\/\/abrelivros.org.br\/site\/2009\/03\/20\/maioria-dos-portugueses-e-contra-a-reforma-ortografica\/"},"modified":"2009-03-20T14:50:00","modified_gmt":"2009-03-20T17:50:00","slug":"maioria-dos-portugueses-e-contra-a-reforma-ortografica","status":"publish","type":"post","link":"https:\/\/abrelivros.org.br\/site\/maioria-dos-portugueses-e-contra-a-reforma-ortografica\/","title":{"rendered":"Maioria dos portugueses \u00e9 contra a reforma ortogr\u00e1fica"},"content":{"rendered":"<p>A maioria dos portugueses \u00e9 contra a aplica\u00e7\u00e3o do acordo ortogr\u00e1fico e diz que n\u00e3o vai utilizar as novas normas, segundo sondagem realizada pela empresa Aximage, sob encomenda do jornal \u201cCorreio da Manh\u00e3\u201c, o mais vendido no pa\u00eds. <\/p>\n<p> Segundo os dados da pesquisa, feita por telefone, 57,3% dos portugueses s\u00e3o contra as novas regras de ortografia e apenas 30,1% s\u00e3o a favor. <\/p>\n<p> O n\u00famero dos que n\u00e3o s\u00e3o nem a favor nem contra chegou a 11% do total, enquanto 1,6% diz que n\u00e3o tem opini\u00e3o a respeito.<\/p>\n<p> A rea\u00e7\u00e3o maior \u00e9 na utiliza\u00e7\u00e3o das novas normas, em que 66,3% afirmam que n\u00e3o v\u00e3o utilizar as normas resultantes do acordo, enquanto 22,1% dizem que pretendem escrever da maneira prevista pelo acordo.<\/p>\n<p> \u201c\u00c9 um processo. Ningu\u00e9m ser\u00e1 obrigado a escrever automaticamente dessa maneira. Haver\u00e1 um per\u00edodo de adapta\u00e7\u00e3o\u201c, diz Rui Pe\u00e7as, assessor de imprensa do ministro da Cultura. Segundo ele, apesar da rea\u00e7\u00e3o contr\u00e1ria, o processo vai continuar sem adiamento. Apenas 4,8% declararam n\u00e3o ter opini\u00e3o a respeito dessa quest\u00e3o e 6,8% querem utilizar as normas do acordo s\u00f3 em alguns casos. <\/p>\n<p><B> Jovens <\/p>\n<p><\/B> A maior percentagem dos que rejeitam o acordo est\u00e1 entre os jovens de 18 a 29 anos, faixa et\u00e1ria em que 65% n\u00e3o querem mudar a forma de escrever.<\/p>\n<p> Na faixa acima de 60 anos \u00e9 a mais favor\u00e1vel, em que apenas 49,2% t\u00eam posi\u00e7\u00e3o contr\u00e1ria ao acordo. <\/p>\n<p> Os portugueses com forma\u00e7\u00e3o superior t\u00eam maior aceita\u00e7\u00e3o do acordo, com 35% favor\u00e1veis \u00e0s mudan\u00e7as, enquanto no resto da popula\u00e7\u00e3o apenas 25,5% tem uma posi\u00e7\u00e3o favor\u00e1vel.<\/p>\n<p> O an\u00fancio de que o acordo seria aplicado gerou v\u00e1rios movimentos contr\u00e1rios na sociedade portuguesa.<\/p>\n<p> S\u00f3 na Internet, h\u00e1 tr\u00eas abaixo-assinados, um com 6.268 assinaturas, outro com 12.067 e o terceiro, encabe\u00e7ado pelas figuras mais conhecidas do Movimento contra o Acordo reuniu at\u00e9 agora 101.784 assinaturas at\u00e9 12 de mar\u00e7o (data da \u00faltima atualiza\u00e7\u00e3o).<\/p>\n<p> O ministro da Cultura de Portugal, Jos\u00e9 Ant\u00f4nio Pinto de Lima, anunciou em fevereiro que pretende iniciar a aplica\u00e7\u00e3o do acordo ainda no primeiro semestre deste ano e que em 2010 j\u00e1 haver\u00e1 institui\u00e7\u00f5es do Estado usando as novas normas.<\/p>\n<p> Em Portugal apenas tr\u00eas jornais est\u00e3o utilizando as normas do acordo, dos quais s\u00f3 um tem circula\u00e7\u00e3o nacional: o esportivo \u201cRecord\u201c.<\/p>\n","protected":false},"excerpt":{"rendered":"<p>A maioria dos portugueses \u00e9 contra a aplica\u00e7\u00e3o do acordo ortogr\u00e1fico e diz que n\u00e3o vai utilizar as novas normas, segundo sondagem realizada pela empresa Aximage, sob encomenda do jornal \u201cCorreio da Manh\u00e3\u201c, o mais vendido no pa\u00eds. Segundo os dados da pesquisa, feita por telefone, 57,3% dos portugueses s\u00e3o contra as novas regras de [&hellip;]<\/p>\n","protected":false},"author":1,"featured_media":0,"comment_status":"closed","ping_status":"closed","sticky":false,"template":"","format":"standard","meta":{"footnotes":"","_links_to":"","_links_to_target":""},"categories":[9],"tags":[],"class_list":["post-2436","post","type-post","status-publish","format-standard","hentry","category-noticias-da-imprensa"],"yoast_head":"<!-- This site is optimized with the Yoast SEO plugin v15.1 - https:\/\/yoast.com\/wordpress\/plugins\/seo\/ -->\n<title>Maioria dos portugueses \u00e9 contra a reforma ortogr\u00e1fica &raquo; Abrelivros<\/title>\n<meta name=\"robots\" content=\"index, follow, max-snippet:-1, max-image-preview:large, max-video-preview:-1\" \/>\n<link rel=\"canonical\" href=\"https:\/\/abrelivros.org.br\/site\/maioria-dos-portugueses-e-contra-a-reforma-ortografica\/\" \/>\n<meta property=\"og:locale\" content=\"pt_BR\" \/>\n<meta property=\"og:type\" content=\"article\" \/>\n<meta property=\"og:title\" content=\"Maioria dos portugueses \u00e9 contra a reforma ortogr\u00e1fica &raquo; Abrelivros\" \/>\n<meta property=\"og:description\" content=\"A maioria dos portugueses \u00e9 contra a aplica\u00e7\u00e3o do acordo ortogr\u00e1fico e diz que n\u00e3o vai utilizar as novas normas, segundo sondagem realizada pela empresa Aximage, sob encomenda do jornal \u201cCorreio da Manh\u00e3\u201c, o mais vendido no pa\u00eds. Segundo os dados da pesquisa, feita por telefone, 57,3% dos portugueses s\u00e3o contra as novas regras de [&hellip;]\" \/>\n<meta property=\"og:url\" content=\"https:\/\/abrelivros.org.br\/site\/maioria-dos-portugueses-e-contra-a-reforma-ortografica\/\" \/>\n<meta property=\"og:site_name\" content=\"Abrelivros\" \/>\n<meta property=\"article:published_time\" content=\"2009-03-20T17:50:00+00:00\" \/>\n<meta name=\"twitter:card\" content=\"summary_large_image\" \/>\n<script type=\"application\/ld+json\" class=\"yoast-schema-graph\">{\"@context\":\"https:\/\/schema.org\",\"@graph\":[{\"@type\":\"WebSite\",\"@id\":\"https:\/\/abrelivros.org.br\/site\/#website\",\"url\":\"https:\/\/abrelivros.org.br\/site\/\",\"name\":\"Abrelivros\",\"description\":\"\",\"potentialAction\":[{\"@type\":\"SearchAction\",\"target\":\"https:\/\/abrelivros.org.br\/site\/?s={search_term_string}\",\"query-input\":\"required name=search_term_string\"}],\"inLanguage\":\"pt-BR\"},{\"@type\":\"WebPage\",\"@id\":\"https:\/\/abrelivros.org.br\/site\/maioria-dos-portugueses-e-contra-a-reforma-ortografica\/#webpage\",\"url\":\"https:\/\/abrelivros.org.br\/site\/maioria-dos-portugueses-e-contra-a-reforma-ortografica\/\",\"name\":\"Maioria dos portugueses \\u00e9 contra a reforma ortogr\\u00e1fica &raquo; Abrelivros\",\"isPartOf\":{\"@id\":\"https:\/\/abrelivros.org.br\/site\/#website\"},\"datePublished\":\"2009-03-20T17:50:00+00:00\",\"dateModified\":\"2009-03-20T17:50:00+00:00\",\"author\":{\"@id\":\"https:\/\/abrelivros.org.br\/site\/#\/schema\/person\/2b867f13a717bb230f1a3555505f5593\"},\"breadcrumb\":{\"@id\":\"https:\/\/abrelivros.org.br\/site\/maioria-dos-portugueses-e-contra-a-reforma-ortografica\/#breadcrumb\"},\"inLanguage\":\"pt-BR\",\"potentialAction\":[{\"@type\":\"ReadAction\",\"target\":[\"https:\/\/abrelivros.org.br\/site\/maioria-dos-portugueses-e-contra-a-reforma-ortografica\/\"]}]},{\"@type\":\"BreadcrumbList\",\"@id\":\"https:\/\/abrelivros.org.br\/site\/maioria-dos-portugueses-e-contra-a-reforma-ortografica\/#breadcrumb\",\"itemListElement\":[{\"@type\":\"ListItem\",\"position\":1,\"item\":{\"@type\":\"WebPage\",\"@id\":\"https:\/\/abrelivros.org.br\/site\/\",\"url\":\"https:\/\/abrelivros.org.br\/site\/\",\"name\":\"In\\u00edcio\"}},{\"@type\":\"ListItem\",\"position\":2,\"item\":{\"@type\":\"WebPage\",\"@id\":\"https:\/\/abrelivros.org.br\/site\/category\/noticias\/\",\"url\":\"https:\/\/abrelivros.org.br\/site\/category\/noticias\/\",\"name\":\"Not\\u00edcias\"}},{\"@type\":\"ListItem\",\"position\":3,\"item\":{\"@type\":\"WebPage\",\"@id\":\"https:\/\/abrelivros.org.br\/site\/category\/noticias\/noticias-da-imprensa\/\",\"url\":\"https:\/\/abrelivros.org.br\/site\/category\/noticias\/noticias-da-imprensa\/\",\"name\":\"Not\\u00edcias da imprensa\"}},{\"@type\":\"ListItem\",\"position\":4,\"item\":{\"@type\":\"WebPage\",\"@id\":\"https:\/\/abrelivros.org.br\/site\/maioria-dos-portugueses-e-contra-a-reforma-ortografica\/\",\"url\":\"https:\/\/abrelivros.org.br\/site\/maioria-dos-portugueses-e-contra-a-reforma-ortografica\/\",\"name\":\"Maioria dos portugueses \\u00e9 contra a reforma ortogr\\u00e1fica\"}}]},{\"@type\":\"Person\",\"@id\":\"https:\/\/abrelivros.org.br\/site\/#\/schema\/person\/2b867f13a717bb230f1a3555505f5593\",\"name\":\"\\u00a0\",\"image\":{\"@type\":\"ImageObject\",\"@id\":\"https:\/\/abrelivros.org.br\/site\/#personlogo\",\"inLanguage\":\"pt-BR\",\"url\":\"https:\/\/secure.gravatar.com\/avatar\/e80b7f5231be2fff5040a8023da424898002831c5439420df182ae62676d2a6f?s=96&d=mm&r=g\",\"caption\":\"\\u00a0\"}}]}<\/script>\n<!-- \/ Yoast SEO plugin. -->","_links":{"self":[{"href":"https:\/\/abrelivros.org.br\/site\/wp-json\/wp\/v2\/posts\/2436","targetHints":{"allow":["GET"]}}],"collection":[{"href":"https:\/\/abrelivros.org.br\/site\/wp-json\/wp\/v2\/posts"}],"about":[{"href":"https:\/\/abrelivros.org.br\/site\/wp-json\/wp\/v2\/types\/post"}],"author":[{"embeddable":true,"href":"https:\/\/abrelivros.org.br\/site\/wp-json\/wp\/v2\/users\/1"}],"replies":[{"embeddable":true,"href":"https:\/\/abrelivros.org.br\/site\/wp-json\/wp\/v2\/comments?post=2436"}],"version-history":[{"count":0,"href":"https:\/\/abrelivros.org.br\/site\/wp-json\/wp\/v2\/posts\/2436\/revisions"}],"wp:attachment":[{"href":"https:\/\/abrelivros.org.br\/site\/wp-json\/wp\/v2\/media?parent=2436"}],"wp:term":[{"taxonomy":"category","embeddable":true,"href":"https:\/\/abrelivros.org.br\/site\/wp-json\/wp\/v2\/categories?post=2436"},{"taxonomy":"post_tag","embeddable":true,"href":"https:\/\/abrelivros.org.br\/site\/wp-json\/wp\/v2\/tags?post=2436"}],"curies":[{"name":"wp","href":"https:\/\/api.w.org\/{rel}","templated":true}]}}