{"id":2433,"date":"2008-09-18T17:24:00","date_gmt":"2008-09-18T20:24:00","guid":{"rendered":"https:\/\/abrelivros.org.br\/site\/2008\/09\/18\/rio-mapeia-ensino-para-avaliar-carencia-de-professores\/"},"modified":"2008-09-18T17:24:00","modified_gmt":"2008-09-18T20:24:00","slug":"rio-mapeia-ensino-para-avaliar-carencia-de-professores","status":"publish","type":"post","link":"https:\/\/abrelivros.org.br\/site\/rio-mapeia-ensino-para-avaliar-carencia-de-professores\/","title":{"rendered":"Rio mapeia ensino para avaliar car\u00eancia de professores"},"content":{"rendered":"<p>Para identificar o tamanho real da car\u00eancia de professores estaduais com n\u00edvel superior, principalmente em Matem\u00e1tica, Qu\u00edmica e F\u00edsica e planejar solu\u00e7\u00f5es, o governo do Rio come\u00e7ou ontem a mapear sua rede de ensino. Cada um dos 77 mil professores estaduais est\u00e1 sendo incentivado a preencher na Internet o formul\u00e1rio \u2019Perfil de Forma\u00e7\u00e3o do Professor\u2019, com dados pessoais, profissionais e poss\u00edveis interesses em cursos de aperfei\u00e7oamento ou especializa\u00e7\u00e3o. A ficha ficar\u00e1 on-line durante 15 dias. &nbsp;<br \/> &nbsp;<br \/> Entre os planos, est\u00e1 a reserva de vagas em universidades especialmente para os mestres j\u00e1 em atividade. A inten\u00e7\u00e3o \u00e9 adequar os professores \u00e0 legisla\u00e7\u00e3o, garantindo o diploma aos que n\u00e3o t\u00eam e adaptando o corpo docente \u00e0s demandas de sala de aula. &nbsp;<br \/> &nbsp;<br \/> \u201cMuitos professores na nossa rede n\u00e3o t\u00eam curso superior. E tem professor de Matem\u00e1tica dando aula de F\u00edsica, engenheiro dando aula de Matem\u00e1tica\u201c, admite a secret\u00e1ria estadual de Educa\u00e7\u00e3o, Tereza Porto. O estudo est\u00e1 sendo feito por uma comiss\u00e3o criada por decreto do governador S\u00e9rgio  Cabral, formada pelas secretarias municipais e estadual de Educa\u00e7\u00e3o e pelo Minist\u00e9rio da Educa\u00e7\u00e3o. Al\u00e9m das universidades federais, estaduais e Cefets, Tereza Porto cr\u00ea que o Centro de Educa\u00e7\u00e3o Superior \u00e0 Dist\u00e2ncia do Rio ter\u00e1 papel importante para adequar o quadro de professores sem aumentar a falta de profissionais da rede. A comiss\u00e3o, criada em agosto, tamb\u00e9m ficar\u00e1 respons\u00e1vel pelo atendimento \u00e0 forma\u00e7\u00e3o continuada dos professores da rede estadual. &nbsp;<br \/> &nbsp;<br \/> Segundo a secret\u00e1ria, a comiss\u00e3o est\u00e1 pensando em um modelo de trabalho que permita a oferta de 20% das vagas nas universidades e Cefets para esse p\u00fablico. O cadastro deve ser feito pelo site da Secretaria Estadual de Educa\u00e7\u00e3o (www.educacao.rj.gov.br), p\u00e1gina que desde ontem aloja o portal Conex\u00e3o Professor, com informa\u00e7\u00f5es voltadas para os mestres. &nbsp;<br \/> &nbsp;<br \/> Forma\u00e7\u00e3o direcionada \u00e0 sala de aula&nbsp;<br \/> &nbsp;<br \/> Para a secret\u00e1ria Tereza Porto, uma discuss\u00e3o que deve ser iniciada assim que a rede de  professores estiver mapeada \u00e9 o modelo de forma\u00e7\u00e3o dos profissionais. Para ela, a segmenta\u00e7\u00e3o atrapalha desnecessariamente a mobilidade do quadro de mestres. \u201cO f\u00edsico s\u00f3 pode ensinar F\u00edsica, o qu\u00edmico, s\u00f3 Qu\u00edmica. \u00c9 preciso pensar numa forma\u00e7\u00e3o ampla e direcionada especificamente para a sala de aula. Hoje o professor faz a universidade para ser pesquisador. Temos dificuldade de formar professores\u201c, admite. &nbsp;<br \/> &nbsp;<br \/> Diretora do Sindicato Estadual dos Profissionais da Educa\u00e7\u00e3o, Beatriz Lug\u00e3o acredita que o problema do magist\u00e9rio vai al\u00e9m da forma\u00e7\u00e3o profissional. Segundo ela, \u00e0 medida que se capacitam com mestrado ou doutorado, os professores procuram trabalho em que sejam mais bem remunerados. \u201cSempre quisemos fazer especializa\u00e7\u00e3o, mas n\u00e3o como uma segunda ou terceira jornada de trabalho. O professor precisa ser liberado para o curso de mestrado\u201c, acrescenta Beatriz, para quem o corpo docente do estado \u00e9 um dos mais especializados do Pa\u00eds.  &nbsp;<\/p>\n","protected":false},"excerpt":{"rendered":"<p>Para identificar o tamanho real da car\u00eancia de professores estaduais com n\u00edvel superior, principalmente em Matem\u00e1tica, Qu\u00edmica e F\u00edsica e planejar solu\u00e7\u00f5es, o governo do Rio come\u00e7ou ontem a mapear sua rede de ensino. Cada um dos 77 mil professores estaduais est\u00e1 sendo incentivado a preencher na Internet o formul\u00e1rio \u2019Perfil de Forma\u00e7\u00e3o do Professor\u2019, [&hellip;]<\/p>\n","protected":false},"author":1,"featured_media":0,"comment_status":"closed","ping_status":"closed","sticky":false,"template":"","format":"standard","meta":{"footnotes":"","_links_to":"","_links_to_target":""},"categories":[9],"tags":[],"class_list":["post-2433","post","type-post","status-publish","format-standard","hentry","category-noticias-da-imprensa"],"yoast_head":"<!-- This site is optimized with the Yoast SEO plugin v15.1 - https:\/\/yoast.com\/wordpress\/plugins\/seo\/ -->\n<title>Rio mapeia ensino para avaliar car\u00eancia de professores &raquo; Abrelivros<\/title>\n<meta name=\"robots\" content=\"index, follow, max-snippet:-1, max-image-preview:large, max-video-preview:-1\" \/>\n<link rel=\"canonical\" href=\"https:\/\/abrelivros.org.br\/site\/rio-mapeia-ensino-para-avaliar-carencia-de-professores\/\" \/>\n<meta property=\"og:locale\" content=\"pt_BR\" \/>\n<meta property=\"og:type\" content=\"article\" \/>\n<meta property=\"og:title\" content=\"Rio mapeia ensino para avaliar car\u00eancia de professores &raquo; Abrelivros\" \/>\n<meta property=\"og:description\" content=\"Para identificar o tamanho real da car\u00eancia de professores estaduais com n\u00edvel superior, principalmente em Matem\u00e1tica, Qu\u00edmica e F\u00edsica e planejar solu\u00e7\u00f5es, o governo do Rio come\u00e7ou ontem a mapear sua rede de ensino. Cada um dos 77 mil professores estaduais est\u00e1 sendo incentivado a preencher na Internet o formul\u00e1rio \u2019Perfil de Forma\u00e7\u00e3o do Professor\u2019, [&hellip;]\" \/>\n<meta property=\"og:url\" content=\"https:\/\/abrelivros.org.br\/site\/rio-mapeia-ensino-para-avaliar-carencia-de-professores\/\" \/>\n<meta property=\"og:site_name\" content=\"Abrelivros\" \/>\n<meta property=\"article:published_time\" content=\"2008-09-18T20:24:00+00:00\" \/>\n<meta name=\"twitter:card\" content=\"summary_large_image\" \/>\n<script type=\"application\/ld+json\" class=\"yoast-schema-graph\">{\"@context\":\"https:\/\/schema.org\",\"@graph\":[{\"@type\":\"WebSite\",\"@id\":\"https:\/\/abrelivros.org.br\/site\/#website\",\"url\":\"https:\/\/abrelivros.org.br\/site\/\",\"name\":\"Abrelivros\",\"description\":\"\",\"potentialAction\":[{\"@type\":\"SearchAction\",\"target\":\"https:\/\/abrelivros.org.br\/site\/?s={search_term_string}\",\"query-input\":\"required name=search_term_string\"}],\"inLanguage\":\"pt-BR\"},{\"@type\":\"WebPage\",\"@id\":\"https:\/\/abrelivros.org.br\/site\/rio-mapeia-ensino-para-avaliar-carencia-de-professores\/#webpage\",\"url\":\"https:\/\/abrelivros.org.br\/site\/rio-mapeia-ensino-para-avaliar-carencia-de-professores\/\",\"name\":\"Rio mapeia ensino para avaliar car\\u00eancia de professores &raquo; Abrelivros\",\"isPartOf\":{\"@id\":\"https:\/\/abrelivros.org.br\/site\/#website\"},\"datePublished\":\"2008-09-18T20:24:00+00:00\",\"dateModified\":\"2008-09-18T20:24:00+00:00\",\"author\":{\"@id\":\"https:\/\/abrelivros.org.br\/site\/#\/schema\/person\/2b867f13a717bb230f1a3555505f5593\"},\"breadcrumb\":{\"@id\":\"https:\/\/abrelivros.org.br\/site\/rio-mapeia-ensino-para-avaliar-carencia-de-professores\/#breadcrumb\"},\"inLanguage\":\"pt-BR\",\"potentialAction\":[{\"@type\":\"ReadAction\",\"target\":[\"https:\/\/abrelivros.org.br\/site\/rio-mapeia-ensino-para-avaliar-carencia-de-professores\/\"]}]},{\"@type\":\"BreadcrumbList\",\"@id\":\"https:\/\/abrelivros.org.br\/site\/rio-mapeia-ensino-para-avaliar-carencia-de-professores\/#breadcrumb\",\"itemListElement\":[{\"@type\":\"ListItem\",\"position\":1,\"item\":{\"@type\":\"WebPage\",\"@id\":\"https:\/\/abrelivros.org.br\/site\/\",\"url\":\"https:\/\/abrelivros.org.br\/site\/\",\"name\":\"In\\u00edcio\"}},{\"@type\":\"ListItem\",\"position\":2,\"item\":{\"@type\":\"WebPage\",\"@id\":\"https:\/\/abrelivros.org.br\/site\/category\/noticias\/\",\"url\":\"https:\/\/abrelivros.org.br\/site\/category\/noticias\/\",\"name\":\"Not\\u00edcias\"}},{\"@type\":\"ListItem\",\"position\":3,\"item\":{\"@type\":\"WebPage\",\"@id\":\"https:\/\/abrelivros.org.br\/site\/category\/noticias\/noticias-da-imprensa\/\",\"url\":\"https:\/\/abrelivros.org.br\/site\/category\/noticias\/noticias-da-imprensa\/\",\"name\":\"Not\\u00edcias da imprensa\"}},{\"@type\":\"ListItem\",\"position\":4,\"item\":{\"@type\":\"WebPage\",\"@id\":\"https:\/\/abrelivros.org.br\/site\/rio-mapeia-ensino-para-avaliar-carencia-de-professores\/\",\"url\":\"https:\/\/abrelivros.org.br\/site\/rio-mapeia-ensino-para-avaliar-carencia-de-professores\/\",\"name\":\"Rio mapeia ensino para avaliar car\\u00eancia de professores\"}}]},{\"@type\":\"Person\",\"@id\":\"https:\/\/abrelivros.org.br\/site\/#\/schema\/person\/2b867f13a717bb230f1a3555505f5593\",\"name\":\"\\u00a0\",\"image\":{\"@type\":\"ImageObject\",\"@id\":\"https:\/\/abrelivros.org.br\/site\/#personlogo\",\"inLanguage\":\"pt-BR\",\"url\":\"https:\/\/secure.gravatar.com\/avatar\/e80b7f5231be2fff5040a8023da424898002831c5439420df182ae62676d2a6f?s=96&d=mm&r=g\",\"caption\":\"\\u00a0\"}}]}<\/script>\n<!-- \/ Yoast SEO plugin. -->","_links":{"self":[{"href":"https:\/\/abrelivros.org.br\/site\/wp-json\/wp\/v2\/posts\/2433","targetHints":{"allow":["GET"]}}],"collection":[{"href":"https:\/\/abrelivros.org.br\/site\/wp-json\/wp\/v2\/posts"}],"about":[{"href":"https:\/\/abrelivros.org.br\/site\/wp-json\/wp\/v2\/types\/post"}],"author":[{"embeddable":true,"href":"https:\/\/abrelivros.org.br\/site\/wp-json\/wp\/v2\/users\/1"}],"replies":[{"embeddable":true,"href":"https:\/\/abrelivros.org.br\/site\/wp-json\/wp\/v2\/comments?post=2433"}],"version-history":[{"count":0,"href":"https:\/\/abrelivros.org.br\/site\/wp-json\/wp\/v2\/posts\/2433\/revisions"}],"wp:attachment":[{"href":"https:\/\/abrelivros.org.br\/site\/wp-json\/wp\/v2\/media?parent=2433"}],"wp:term":[{"taxonomy":"category","embeddable":true,"href":"https:\/\/abrelivros.org.br\/site\/wp-json\/wp\/v2\/categories?post=2433"},{"taxonomy":"post_tag","embeddable":true,"href":"https:\/\/abrelivros.org.br\/site\/wp-json\/wp\/v2\/tags?post=2433"}],"curies":[{"name":"wp","href":"https:\/\/api.w.org\/{rel}","templated":true}]}}